{"id":101484,"date":"2022-10-18T10:03:42","date_gmt":"2022-10-18T08:03:42","guid":{"rendered":"https:\/\/www.emmentaler.ch\/?p=101484"},"modified":"2022-10-24T07:30:04","modified_gmt":"2022-10-24T05:30:04","slug":"cheesefestival-bern","status":"publish","type":"post","link":"https:\/\/www.emmentaler.ch\/de\/cheesefestival-bern","title":{"rendered":"Cheesefestival Bern"},"content":{"rendered":"<h2><strong>Genuss aus liebevoller Handarbeit<\/strong><\/h2>\n<p>K\u00e4seliebhaber aufgepasst, passend\u00a0 zum sch\u00f6nen herbstlichen Wetter kommt das K\u00e4sefest am Samstag, 29 Oktober 2022 nach Bern in die Bundeshauptstadt.<\/p>\n<p>K\u00e4ser und K\u00e4serinnen aus der Region sind vor Ort und bieten Ihre mit Leidenschaft und Geduld hergestellten K\u00e4se an. Nutzen Sie die Gelegenheit und entdecken Sie das vielf\u00e4ltige K\u00e4seangebot. Nat\u00fcrlich ist auch Emmentaler AOP mit dabei. Haben Sie gewusst, dass es viele unterschiedliche Reifegrade vom Emmentaler AOP gibt?<\/p>\n<p>Kommen Sie vorbei und probieren Sie sich durch die verschiedenen Geschmacksrichtungen vom Emmentaler AOP von mild bis rezent.<\/p>\n<p>Weitere Infos: <a href=\"https:\/\/cheese-festival.ch\/kaesefest-bern\/\" target=\"_blank\" rel=\"noopener nofollow\">https:\/\/cheese-festival.ch\/kaesefest-bern\/<\/a><\/p>\n<p><img loading=\"lazy\" decoding=\"async\" class=\"aligncenter size-full wp-image-101508\" src=\"https:\/\/www.emmentaler.ch\/wp-content\/uploads\/2022\/10\/Cheese_Festival_bern.png\" alt=\"\" width=\"1800\" height=\"1300\" srcset=\"https:\/\/www.emmentaler.ch\/wp-content\/uploads\/2022\/10\/Cheese_Festival_bern.png 1800w, https:\/\/www.emmentaler.ch\/wp-content\/uploads\/2022\/10\/Cheese_Festival_bern-300x217.png 300w, https:\/\/www.emmentaler.ch\/wp-content\/uploads\/2022\/10\/Cheese_Festival_bern-1024x740.png 1024w, https:\/\/www.emmentaler.ch\/wp-content\/uploads\/2022\/10\/Cheese_Festival_bern-768x555.png 768w, https:\/\/www.emmentaler.ch\/wp-content\/uploads\/2022\/10\/Cheese_Festival_bern-1536x1109.png 1536w\" sizes=\"(max-width: 1800px) 100vw, 1800px\" \/><\/p>\n<p>&nbsp;<\/p>\n<p>&nbsp;<\/p>\n<p>&nbsp;<\/p>\n<p>&nbsp;<\/p>\n<p>&nbsp;<\/p>\n<p>&nbsp;<\/p>\n<p>&nbsp;<\/p>\n<p>&nbsp;<\/p>\n<p>&nbsp;<\/p>\n<p>&nbsp;<\/p>\n<p>&nbsp;<\/p>\n<p>&nbsp;<\/p>\n","protected":false},"excerpt":{"rendered":"<p>Genuss aus liebevoller Handarbeit K\u00e4seliebhaber aufgepasst, passend\u00a0 zum sch\u00f6nen herbstlichen Wetter kommt das K\u00e4sefest am Samstag, 29 Oktober 2022 nach Bern in die Bundeshauptstadt. K\u00e4ser und K\u00e4serinnen aus der Region sind vor Ort und bieten Ihre mit Leidenschaft und Geduld hergestellten K\u00e4se an. Nutzen Sie die Gelegenheit und entdecken Sie das vielf\u00e4ltige K\u00e4seangebot. Nat\u00fcrlich ist [&hellip;]<\/p>\n","protected":false},"author":17,"featured_media":101491,"comment_status":"closed","ping_status":"closed","sticky":false,"template":"","format":"standard","meta":{"inline_featured_image":false,"footnotes":""},"categories":[1],"tags":[],"et_countries":[103],"acf":{"additional_infos_teaser_title":"Probieren und geniessen","additional_infos_related_contents":"","veroffentlichungsdatum":"24. Oktober 2022"},"_links":{"self":[{"href":"https:\/\/www.emmentaler.ch\/de\/wp-json\/wp\/v2\/posts\/101484"}],"collection":[{"href":"https:\/\/www.emmentaler.ch\/de\/wp-json\/wp\/v2\/posts"}],"about":[{"href":"https:\/\/www.emmentaler.ch\/de\/wp-json\/wp\/v2\/types\/post"}],"author":[{"embeddable":true,"href":"https:\/\/www.emmentaler.ch\/de\/wp-json\/wp\/v2\/users\/17"}],"replies":[{"embeddable":true,"href":"https:\/\/www.emmentaler.ch\/de\/wp-json\/wp\/v2\/comments?post=101484"}],"version-history":[{"count":1,"href":"https:\/\/www.emmentaler.ch\/de\/wp-json\/wp\/v2\/posts\/101484\/revisions"}],"predecessor-version":[{"id":138341,"href":"https:\/\/www.emmentaler.ch\/de\/wp-json\/wp\/v2\/posts\/101484\/revisions\/138341"}],"wp:featuredmedia":[{"embeddable":true,"href":"https:\/\/www.emmentaler.ch\/de\/wp-json\/wp\/v2\/media\/101491"}],"wp:attachment":[{"href":"https:\/\/www.emmentaler.ch\/de\/wp-json\/wp\/v2\/media?parent=101484"}],"wp:term":[{"taxonomy":"category","embeddable":true,"href":"https:\/\/www.emmentaler.ch\/de\/wp-json\/wp\/v2\/categories?post=101484"},{"taxonomy":"post_tag","embeddable":true,"href":"https:\/\/www.emmentaler.ch\/de\/wp-json\/wp\/v2\/tags?post=101484"},{"taxonomy":"et_countries","embeddable":true,"href":"https:\/\/www.emmentaler.ch\/de\/wp-json\/wp\/v2\/et_countries?post=101484"}],"curies":[{"name":"wp","href":"https:\/\/api.w.org\/{rel}","templated":true}]}}