{"id":102021,"date":"2022-11-23T10:00:09","date_gmt":"2022-11-23T09:00:09","guid":{"rendered":"https:\/\/www.emmentaler.ch\/?p=102021"},"modified":"2022-11-23T13:24:24","modified_gmt":"2022-11-23T12:24:24","slug":"geschmacksvielfalt","status":"publish","type":"post","link":"https:\/\/www.emmentaler.ch\/de\/geschmacksvielfalt","title":{"rendered":"Von mild bis kr\u00e4ftig-rezent"},"content":{"rendered":"<h2><strong>Die Geschmacksvielfalt von Emmentaler AOP ist gross, <\/strong><strong>genau wie die Kombinationsm\u00f6glichkeiten.<\/strong><\/h2>\n<p>Doch was passt eigentlich zu einem feinen K\u00e4sepl\u00e4ttli mit Emmentaler AOP?\u00a0Hier einige Inspirationen.<\/p>\n<p>&nbsp;<\/p>\n<h3>Emmentaler AOP URTYP\u00ae<\/h3>\n<p><img loading=\"lazy\" decoding=\"async\" class=\"size-full wp-image-102030\" src=\"https:\/\/www.emmentaler.ch\/wp-content\/uploads\/2022\/11\/emmentaler_genuss_sept21_hurrah_foodfotografie_2803-scaled.jpg\" alt=\"\" width=\"2560\" height=\"1920\" srcset=\"https:\/\/www.emmentaler.ch\/wp-content\/uploads\/2022\/11\/emmentaler_genuss_sept21_hurrah_foodfotografie_2803-scaled.jpg 2560w, https:\/\/www.emmentaler.ch\/wp-content\/uploads\/2022\/11\/emmentaler_genuss_sept21_hurrah_foodfotografie_2803-300x225.jpg 300w, https:\/\/www.emmentaler.ch\/wp-content\/uploads\/2022\/11\/emmentaler_genuss_sept21_hurrah_foodfotografie_2803-1024x768.jpg 1024w, https:\/\/www.emmentaler.ch\/wp-content\/uploads\/2022\/11\/emmentaler_genuss_sept21_hurrah_foodfotografie_2803-768x576.jpg 768w, https:\/\/www.emmentaler.ch\/wp-content\/uploads\/2022\/11\/emmentaler_genuss_sept21_hurrah_foodfotografie_2803-1536x1152.jpg 1536w, https:\/\/www.emmentaler.ch\/wp-content\/uploads\/2022\/11\/emmentaler_genuss_sept21_hurrah_foodfotografie_2803-2048x1536.jpg 2048w\" sizes=\"(max-width: 2560px) 100vw, 2560px\" \/><\/p>\n<p>Zum urgewaltigen K\u00e4se passt zum Beispiel ein sch\u00f6n hergerichtetes Pl\u00e4ttli mit feinen Essigkurken, Silberzwiebeli, ger\u00e4uchertem Bauernspeck und einem grobk\u00f6rnigen Senf. F\u00fcr Geniesser des rezenten K\u00e4segeschmacks eine perfekt passende Kombination.<\/p>\n<p>&nbsp;<\/p>\n<h3><strong>Emmentaler AOP Mild\/Classic<\/strong><\/h3>\n<p><img loading=\"lazy\" decoding=\"async\" class=\"size-full wp-image-102063\" src=\"https:\/\/www.emmentaler.ch\/wp-content\/uploads\/2022\/11\/emmentaler_genuss_sept21_hurrah_foodfotografie_2612.jpg\" alt=\"\" width=\"1920\" height=\"1440\" srcset=\"https:\/\/www.emmentaler.ch\/wp-content\/uploads\/2022\/11\/emmentaler_genuss_sept21_hurrah_foodfotografie_2612.jpg 1920w, https:\/\/www.emmentaler.ch\/wp-content\/uploads\/2022\/11\/emmentaler_genuss_sept21_hurrah_foodfotografie_2612-300x225.jpg 300w, https:\/\/www.emmentaler.ch\/wp-content\/uploads\/2022\/11\/emmentaler_genuss_sept21_hurrah_foodfotografie_2612-1024x768.jpg 1024w, https:\/\/www.emmentaler.ch\/wp-content\/uploads\/2022\/11\/emmentaler_genuss_sept21_hurrah_foodfotografie_2612-768x576.jpg 768w, https:\/\/www.emmentaler.ch\/wp-content\/uploads\/2022\/11\/emmentaler_genuss_sept21_hurrah_foodfotografie_2612-1536x1152.jpg 1536w\" sizes=\"(max-width: 1920px) 100vw, 1920px\" \/><\/p>\n<p>Ob Zmorge, Brunch, Zmittag oder Znacht der Klassiker Emmentaler AOP Classic\/Mild passt immer. Mit Gipfeli oder Ruchbrot, feiner Confi oder etwas Honig als s\u00fcsse Erg\u00e4nzung zum milden Geschmack Schweizer Klassiker. Die Nuancen von Karamell runden das Geschmackserlebnis perfekt ab.<\/p>\n<h3><\/h3>\n<h3><strong>Emmentaler AOP Surchoix<\/strong><\/h3>\n<p><img loading=\"lazy\" decoding=\"async\" class=\"size-full wp-image-102117\" src=\"https:\/\/www.emmentaler.ch\/wp-content\/uploads\/2022\/07\/emmentaler_genuss_sept21_hurrah_foodfotografie_3041-scaled.jpg\" alt=\"\" width=\"2560\" height=\"1920\" srcset=\"https:\/\/www.emmentaler.ch\/wp-content\/uploads\/2022\/07\/emmentaler_genuss_sept21_hurrah_foodfotografie_3041-scaled.jpg 2560w, https:\/\/www.emmentaler.ch\/wp-content\/uploads\/2022\/07\/emmentaler_genuss_sept21_hurrah_foodfotografie_3041-300x225.jpg 300w, https:\/\/www.emmentaler.ch\/wp-content\/uploads\/2022\/07\/emmentaler_genuss_sept21_hurrah_foodfotografie_3041-1024x768.jpg 1024w, https:\/\/www.emmentaler.ch\/wp-content\/uploads\/2022\/07\/emmentaler_genuss_sept21_hurrah_foodfotografie_3041-768x576.jpg 768w, https:\/\/www.emmentaler.ch\/wp-content\/uploads\/2022\/07\/emmentaler_genuss_sept21_hurrah_foodfotografie_3041-1536x1152.jpg 1536w, https:\/\/www.emmentaler.ch\/wp-content\/uploads\/2022\/07\/emmentaler_genuss_sept21_hurrah_foodfotografie_3041-2048x1536.jpg 2048w\" sizes=\"(max-width: 2560px) 100vw, 2560px\" \/><\/p>\n<p>K\u00e4se und Wein, eine der besten Genusskombinationen die es gibt. passend zu einem gluschtigen Pl\u00e4ttli am Abend der mittelreife Emmentaler AOP Surchoix mit seinem s\u00fcss-s\u00e4uerlichern Joghurtduft und zarten Nuancen von getrocknetem Stroh und Kr\u00e4utern. Perfekt dazu empfehlen wir Geschwellt, Tom\u00e4tli, Silberzwiebeln und ein Ruchbrot frisch aus der B\u00e4ckerei.<\/p>\n<p>&nbsp;<\/p>\n<h3><strong>Weitere Geschmacksvariationen von Emmentaler AOP<\/strong><\/h3>\n<p><img loading=\"lazy\" decoding=\"async\" class=\"size-full wp-image-102122\" src=\"https:\/\/www.emmentaler.ch\/wp-content\/uploads\/2022\/07\/emmentaler_genuss_sept21_hurrah_foodfotografie_2973-scaled.jpg\" alt=\"\" width=\"2560\" height=\"1920\" srcset=\"https:\/\/www.emmentaler.ch\/wp-content\/uploads\/2022\/07\/emmentaler_genuss_sept21_hurrah_foodfotografie_2973-scaled.jpg 2560w, https:\/\/www.emmentaler.ch\/wp-content\/uploads\/2022\/07\/emmentaler_genuss_sept21_hurrah_foodfotografie_2973-300x225.jpg 300w, https:\/\/www.emmentaler.ch\/wp-content\/uploads\/2022\/07\/emmentaler_genuss_sept21_hurrah_foodfotografie_2973-1024x768.jpg 1024w, https:\/\/www.emmentaler.ch\/wp-content\/uploads\/2022\/07\/emmentaler_genuss_sept21_hurrah_foodfotografie_2973-768x576.jpg 768w, https:\/\/www.emmentaler.ch\/wp-content\/uploads\/2022\/07\/emmentaler_genuss_sept21_hurrah_foodfotografie_2973-1536x1152.jpg 1536w, https:\/\/www.emmentaler.ch\/wp-content\/uploads\/2022\/07\/emmentaler_genuss_sept21_hurrah_foodfotografie_2973-2048x1536.jpg 2048w\" sizes=\"(max-width: 2560px) 100vw, 2560px\" \/><\/p>\n<p>Die Geschmacksvielfalt reicht von mild bis kr\u00e4ftig rezent. Mit den Reifegraden Emmentaler AOP Bio, H\u00f6hlengereift, Eidgenoss, Gotthelf und Extra gibt es weitere tolle Kombinationen. Ob mit Schweizer \u00c4pfeln aus der Region, frischen N\u00fcssen oder s\u00fcssem Honig. Die Genussm\u00f6glichkeiten sind fast unbegrenzt. Probieren Sie sich durch unsere Geschmacksvielfalt und versuchen Sie neues.<\/p>\n<p>&nbsp;<\/p>\n<p><a href=\"https:\/\/www.emmentaler.ch\/de\/sorte\" target=\"_blank\" rel=\"noopener\">Hier klicken und noch mehr \u00fcber die Geschmackswelt von Emmentaler AOP erfahren.<\/a><\/p>\n","protected":false},"excerpt":{"rendered":"<p>Die Geschmacksvielfalt von Emmentaler AOP ist gross, genau wie die Kombinationsm\u00f6glichkeiten. Doch was passt eigentlich zu einem feinen K\u00e4sepl\u00e4ttli mit Emmentaler AOP?\u00a0Hier einige Inspirationen. &nbsp; Emmentaler AOP URTYP\u00ae Zum urgewaltigen K\u00e4se passt zum Beispiel ein sch\u00f6n hergerichtetes Pl\u00e4ttli mit feinen Essigkurken, Silberzwiebeli, ger\u00e4uchertem Bauernspeck und einem grobk\u00f6rnigen Senf. F\u00fcr Geniesser des rezenten K\u00e4segeschmacks eine perfekt [&hellip;]<\/p>\n","protected":false},"author":6,"featured_media":102045,"comment_status":"closed","ping_status":"closed","sticky":false,"template":"","format":"standard","meta":{"inline_featured_image":false,"footnotes":""},"categories":[1],"tags":[],"et_countries":[103,104],"acf":{"additional_infos_teaser_title":"Die Vielseitigkeit von Emmentaler AOP","additional_infos_related_contents":"","veroffentlichungsdatum":"23.11.2022"},"_links":{"self":[{"href":"https:\/\/www.emmentaler.ch\/de\/wp-json\/wp\/v2\/posts\/102021"}],"collection":[{"href":"https:\/\/www.emmentaler.ch\/de\/wp-json\/wp\/v2\/posts"}],"about":[{"href":"https:\/\/www.emmentaler.ch\/de\/wp-json\/wp\/v2\/types\/post"}],"author":[{"embeddable":true,"href":"https:\/\/www.emmentaler.ch\/de\/wp-json\/wp\/v2\/users\/6"}],"replies":[{"embeddable":true,"href":"https:\/\/www.emmentaler.ch\/de\/wp-json\/wp\/v2\/comments?post=102021"}],"version-history":[{"count":0,"href":"https:\/\/www.emmentaler.ch\/de\/wp-json\/wp\/v2\/posts\/102021\/revisions"}],"wp:featuredmedia":[{"embeddable":true,"href":"https:\/\/www.emmentaler.ch\/de\/wp-json\/wp\/v2\/media\/102045"}],"wp:attachment":[{"href":"https:\/\/www.emmentaler.ch\/de\/wp-json\/wp\/v2\/media?parent=102021"}],"wp:term":[{"taxonomy":"category","embeddable":true,"href":"https:\/\/www.emmentaler.ch\/de\/wp-json\/wp\/v2\/categories?post=102021"},{"taxonomy":"post_tag","embeddable":true,"href":"https:\/\/www.emmentaler.ch\/de\/wp-json\/wp\/v2\/tags?post=102021"},{"taxonomy":"et_countries","embeddable":true,"href":"https:\/\/www.emmentaler.ch\/de\/wp-json\/wp\/v2\/et_countries?post=102021"}],"curies":[{"name":"wp","href":"https:\/\/api.w.org\/{rel}","templated":true}]}}