{"id":103271,"date":"2022-09-14T17:22:12","date_gmt":"2022-09-14T15:22:12","guid":{"rendered":"https:\/\/www.emmentaler.ch\/?p=103271"},"modified":"2023-01-18T17:14:37","modified_gmt":"2023-01-18T16:14:37","slug":"gesunder-genuss","status":"publish","type":"post","link":"https:\/\/www.emmentaler.ch\/de\/gesunder-genuss","title":{"rendered":"Was f\u00fcr Inhaltsstoffe stecken im Emmentaler AOP?"},"content":{"rendered":"<p>Was im Emmentaler AOP steckt:<br \/>\nDie nat\u00fcrlichen Inhaltsstoffe sind ideal f\u00fcr eine ausgewogene Ern\u00e4hrung.<\/p>\n<ul>\n<li>Aus 100% Rohmilch<\/li>\n<li>Frei von Zusatzstoffen<\/li>\n<li>Von Natur aus laktosefrei und glutenfrei<\/li>\n<li>Von Natur aus reich an Propions\u00e4ure = positive Wirkung auf das Immunsystem<\/li>\n<li>Rohmilchprodukte haben einen positiven Effekt auf das Mikrobiom der Darmflora<\/li>\n<li>Reich an Kalzium<\/li>\n<li>Mit Vitaminen A, D, B2 und B12<\/li>\n<li>Sehr tiefer Salzgehalt\/100 g: 0,5 g<\/li>\n<li>Fettgehalt: 45% FIT (Fett in der Trockenmasse)<\/li>\n<li>Kalorien\/100 g: 395 kcal<\/li>\n<\/ul>\n","protected":false},"excerpt":{"rendered":"<p>Was im Emmentaler AOP steckt: Die nat\u00fcrlichen Inhaltsstoffe sind ideal f\u00fcr eine ausgewogene Ern\u00e4hrung. Aus 100% Rohmilch Frei von Zusatzstoffen Von Natur aus laktosefrei und glutenfrei Von Natur aus reich an Propions\u00e4ure = positive Wirkung auf das Immunsystem Rohmilchprodukte haben einen positiven Effekt auf das Mikrobiom der Darmflora Reich an Kalzium Mit Vitaminen A, D, [&hellip;]<\/p>\n","protected":false},"author":2,"featured_media":102235,"comment_status":"closed","ping_status":"closed","sticky":false,"template":"","format":"standard","meta":{"inline_featured_image":false,"footnotes":""},"categories":[721],"tags":[],"et_countries":[],"acf":[],"_links":{"self":[{"href":"https:\/\/www.emmentaler.ch\/de\/wp-json\/wp\/v2\/posts\/103271"}],"collection":[{"href":"https:\/\/www.emmentaler.ch\/de\/wp-json\/wp\/v2\/posts"}],"about":[{"href":"https:\/\/www.emmentaler.ch\/de\/wp-json\/wp\/v2\/types\/post"}],"author":[{"embeddable":true,"href":"https:\/\/www.emmentaler.ch\/de\/wp-json\/wp\/v2\/users\/2"}],"replies":[{"embeddable":true,"href":"https:\/\/www.emmentaler.ch\/de\/wp-json\/wp\/v2\/comments?post=103271"}],"version-history":[{"count":0,"href":"https:\/\/www.emmentaler.ch\/de\/wp-json\/wp\/v2\/posts\/103271\/revisions"}],"wp:featuredmedia":[{"embeddable":true,"href":"https:\/\/www.emmentaler.ch\/de\/wp-json\/wp\/v2\/media\/102235"}],"wp:attachment":[{"href":"https:\/\/www.emmentaler.ch\/de\/wp-json\/wp\/v2\/media?parent=103271"}],"wp:term":[{"taxonomy":"category","embeddable":true,"href":"https:\/\/www.emmentaler.ch\/de\/wp-json\/wp\/v2\/categories?post=103271"},{"taxonomy":"post_tag","embeddable":true,"href":"https:\/\/www.emmentaler.ch\/de\/wp-json\/wp\/v2\/tags?post=103271"},{"taxonomy":"et_countries","embeddable":true,"href":"https:\/\/www.emmentaler.ch\/de\/wp-json\/wp\/v2\/et_countries?post=103271"}],"curies":[{"name":"wp","href":"https:\/\/api.w.org\/{rel}","templated":true}]}}