{"id":103314,"date":"2022-03-14T18:28:12","date_gmt":"2022-03-14T17:28:12","guid":{"rendered":"https:\/\/www.emmentaler.ch\/?p=103314"},"modified":"2023-01-18T17:18:19","modified_gmt":"2023-01-18T16:18:19","slug":"loecher","status":"publish","type":"post","link":"https:\/\/www.emmentaler.ch\/de\/loecher","title":{"rendered":"Wie kommen die L\u00f6cher in den K\u00e4se?"},"content":{"rendered":"<p>Die charakteristischen L\u00f6cher des Emmentaler AOP bilden sich w\u00e4hrend des Reifeprozesses: Durch die nat\u00fcrliche G\u00e4rung entsteht Kohlens\u00e4uregas, das sich an verschiedenen Stellen im K\u00e4seteig sammelt, ohne entweichen zu k\u00f6nnen.<\/p>\n","protected":false},"excerpt":{"rendered":"<p>Die charakteristischen L\u00f6cher des Emmentaler AOP bilden sich w\u00e4hrend des Reifeprozesses: Durch die nat\u00fcrliche G\u00e4rung entsteht Kohlens\u00e4uregas, das sich an verschiedenen Stellen im K\u00e4seteig sammelt, ohne entweichen zu k\u00f6nnen.<\/p>\n","protected":false},"author":2,"featured_media":103939,"comment_status":"closed","ping_status":"closed","sticky":false,"template":"","format":"standard","meta":{"inline_featured_image":false,"footnotes":""},"categories":[721],"tags":[],"et_countries":[],"acf":[],"_links":{"self":[{"href":"https:\/\/www.emmentaler.ch\/de\/wp-json\/wp\/v2\/posts\/103314"}],"collection":[{"href":"https:\/\/www.emmentaler.ch\/de\/wp-json\/wp\/v2\/posts"}],"about":[{"href":"https:\/\/www.emmentaler.ch\/de\/wp-json\/wp\/v2\/types\/post"}],"author":[{"embeddable":true,"href":"https:\/\/www.emmentaler.ch\/de\/wp-json\/wp\/v2\/users\/2"}],"replies":[{"embeddable":true,"href":"https:\/\/www.emmentaler.ch\/de\/wp-json\/wp\/v2\/comments?post=103314"}],"version-history":[{"count":0,"href":"https:\/\/www.emmentaler.ch\/de\/wp-json\/wp\/v2\/posts\/103314\/revisions"}],"wp:featuredmedia":[{"embeddable":true,"href":"https:\/\/www.emmentaler.ch\/de\/wp-json\/wp\/v2\/media\/103939"}],"wp:attachment":[{"href":"https:\/\/www.emmentaler.ch\/de\/wp-json\/wp\/v2\/media?parent=103314"}],"wp:term":[{"taxonomy":"category","embeddable":true,"href":"https:\/\/www.emmentaler.ch\/de\/wp-json\/wp\/v2\/categories?post=103314"},{"taxonomy":"post_tag","embeddable":true,"href":"https:\/\/www.emmentaler.ch\/de\/wp-json\/wp\/v2\/tags?post=103314"},{"taxonomy":"et_countries","embeddable":true,"href":"https:\/\/www.emmentaler.ch\/de\/wp-json\/wp\/v2\/et_countries?post=103314"}],"curies":[{"name":"wp","href":"https:\/\/api.w.org\/{rel}","templated":true}]}}