{"id":126386,"date":"2023-05-15T10:31:13","date_gmt":"2023-05-15T08:31:13","guid":{"rendered":"https:\/\/www.emmentaler.ch\/?p=126386"},"modified":"2023-05-21T21:24:57","modified_gmt":"2023-05-21T19:24:57","slug":"gemeinsam-in-richtung-zukunft-junge-kaeserin-trifft-direktor-von-emmentaler-aop","status":"publish","type":"post","link":"https:\/\/www.emmentaler.ch\/de\/gemeinsam-in-richtung-zukunft-junge-kaeserin-trifft-direktor-von-emmentaler-aop","title":{"rendered":"Gemeinsam in Richtung Zukunft &#8211; Junge K\u00e4serin trifft Direktor von Emmentaler AOP"},"content":{"rendered":"<h2>Emmentaler AOP f\u00fcr Millennials<\/h2>\n<p>Das Genuss- und Lifestyle Magazin GaultMillau war zusammen mit dem Direktor von Emmentaler, Urs Schluechter bei Aline in der <a href=\"https:\/\/www.emmentaler.ch\/de\/kaeserei\/kaeserei-kirchdorf?dairyno=true\" target=\"_blank\" rel=\"noopener\">Dorfk\u00e4serei Kirchdorf<\/a> zu Besuch. Im spannenden Gespr\u00e4ch \u00fcber den Beruf K\u00e4ser:in geht es auch um die Zukunft von Emmentaler AOP.<\/p>\n<p><strong>\u00abEin geniales Produkt\u00bb<\/strong><br \/>\nF\u00fcr Aline Hadorn aus Gurzelen gab es nach dem Schnuppern in der Dorfk\u00e4serei von Kirchdorf keine Fragen mehr: \u00abIch werde K\u00e4serin\u00bb, war ihr schnell klar.<\/p>\n<p>Schon zuhause auf dem elterlichen Bauernhof mit 35 K\u00fchen hat sie das Thema Milch von klein auf fasziniert, \u00abder beste Rohstoff der Welt!\u00bb Und jetzt daraus \u00abein geniales Produkt wie den <a href=\"https:\/\/www.emmentaler.ch\/de\/sorte\" target=\"_blank\" rel=\"noopener\">Emmentaler AOP<\/a>\u00bb herzustellen\u00bb, macht ihr Freude. Aline ist 17 und inzwischen im zweiten Lehrjahr als Milchtechnologin, wie ihr Beruf heute offiziell heisst. \u00abIch sage aber lieber K\u00e4serin, das passt besser zu mir\u00bb, lacht die fr\u00f6hliche, sympathische junge Frau.<\/p>\n<h6><img loading=\"lazy\" decoding=\"async\" class=\"aligncenter size-full wp-image-126891\" src=\"https:\/\/www.emmentaler.ch\/wp-content\/uploads\/2023\/05\/GM_Aline.jpg\" alt=\"\" width=\"2000\" height=\"1300\" srcset=\"https:\/\/www.emmentaler.ch\/wp-content\/uploads\/2023\/05\/GM_Aline.jpg 2000w, https:\/\/www.emmentaler.ch\/wp-content\/uploads\/2023\/05\/GM_Aline-300x195.jpg 300w, https:\/\/www.emmentaler.ch\/wp-content\/uploads\/2023\/05\/GM_Aline-1024x666.jpg 1024w, https:\/\/www.emmentaler.ch\/wp-content\/uploads\/2023\/05\/GM_Aline-768x499.jpg 768w, https:\/\/www.emmentaler.ch\/wp-content\/uploads\/2023\/05\/GM_Aline-1536x998.jpg 1536w\" sizes=\"(max-width: 2000px) 100vw, 2000px\" \/><\/h6>\n<h6><img loading=\"lazy\" decoding=\"async\" class=\"aligncenter size-full wp-image-126886\" src=\"https:\/\/www.emmentaler.ch\/wp-content\/uploads\/2023\/05\/GM_Aline-3.jpg\" alt=\"\" width=\"2000\" height=\"1300\" srcset=\"https:\/\/www.emmentaler.ch\/wp-content\/uploads\/2023\/05\/GM_Aline-3.jpg 2000w, https:\/\/www.emmentaler.ch\/wp-content\/uploads\/2023\/05\/GM_Aline-3-300x195.jpg 300w, https:\/\/www.emmentaler.ch\/wp-content\/uploads\/2023\/05\/GM_Aline-3-1024x666.jpg 1024w, https:\/\/www.emmentaler.ch\/wp-content\/uploads\/2023\/05\/GM_Aline-3-768x499.jpg 768w, https:\/\/www.emmentaler.ch\/wp-content\/uploads\/2023\/05\/GM_Aline-3-1536x998.jpg 1536w\" sizes=\"(max-width: 2000px) 100vw, 2000px\" \/><\/h6>\n<h6>Bilder: David Birri+ GaultMillau-Channel<\/h6>\n<p>Jetzt<a href=\"https:\/\/www.gaultmillau.ch\/life-style\/cooler-spot-emmentaler-aop-fur-millennials-594527\" target=\"_blank\" rel=\"noopener nofollow\">\u00a0Artikel &#8222;Emmentaler AOP f\u00fcr Millennials&#8220;<\/a> lesen.<\/p>\n<p>Viel Spass!<\/p>\n","protected":false},"excerpt":{"rendered":"<p>Emmentaler AOP f\u00fcr Millennials Das Genuss- und Lifestyle Magazin GaultMillau war zusammen mit dem Direktor von Emmentaler, Urs Schluechter bei Aline in der Dorfk\u00e4serei Kirchdorf zu Besuch. Im spannenden Gespr\u00e4ch \u00fcber den Beruf K\u00e4ser:in geht es auch um die Zukunft von Emmentaler AOP. \u00abEin geniales Produkt\u00bb F\u00fcr Aline Hadorn aus Gurzelen gab es nach dem [&hellip;]<\/p>\n","protected":false},"author":6,"featured_media":126891,"comment_status":"closed","ping_status":"closed","sticky":false,"template":"","format":"standard","meta":{"inline_featured_image":false,"footnotes":""},"categories":[1],"tags":[],"et_countries":[103,104],"acf":{"additional_infos_teaser_title":"GaultMillau zu Besuch bei der K\u00e4serei Kirchdorf","additional_infos_related_contents":"","veroffentlichungsdatum":""},"_links":{"self":[{"href":"https:\/\/www.emmentaler.ch\/de\/wp-json\/wp\/v2\/posts\/126386"}],"collection":[{"href":"https:\/\/www.emmentaler.ch\/de\/wp-json\/wp\/v2\/posts"}],"about":[{"href":"https:\/\/www.emmentaler.ch\/de\/wp-json\/wp\/v2\/types\/post"}],"author":[{"embeddable":true,"href":"https:\/\/www.emmentaler.ch\/de\/wp-json\/wp\/v2\/users\/6"}],"replies":[{"embeddable":true,"href":"https:\/\/www.emmentaler.ch\/de\/wp-json\/wp\/v2\/comments?post=126386"}],"version-history":[{"count":0,"href":"https:\/\/www.emmentaler.ch\/de\/wp-json\/wp\/v2\/posts\/126386\/revisions"}],"wp:featuredmedia":[{"embeddable":true,"href":"https:\/\/www.emmentaler.ch\/de\/wp-json\/wp\/v2\/media\/126891"}],"wp:attachment":[{"href":"https:\/\/www.emmentaler.ch\/de\/wp-json\/wp\/v2\/media?parent=126386"}],"wp:term":[{"taxonomy":"category","embeddable":true,"href":"https:\/\/www.emmentaler.ch\/de\/wp-json\/wp\/v2\/categories?post=126386"},{"taxonomy":"post_tag","embeddable":true,"href":"https:\/\/www.emmentaler.ch\/de\/wp-json\/wp\/v2\/tags?post=126386"},{"taxonomy":"et_countries","embeddable":true,"href":"https:\/\/www.emmentaler.ch\/de\/wp-json\/wp\/v2\/et_countries?post=126386"}],"curies":[{"name":"wp","href":"https:\/\/api.w.org\/{rel}","templated":true}]}}