{"id":126427,"date":"2023-05-15T17:30:50","date_gmt":"2023-05-15T15:30:50","guid":{"rendered":"https:\/\/www.emmentaler.ch\/?p=126427"},"modified":"2023-06-01T13:45:42","modified_gmt":"2023-06-01T11:45:42","slug":"die-swiss-cheese-awards-gewinner-bei-dir-zuhause","status":"publish","type":"post","link":"https:\/\/www.emmentaler.ch\/de\/die-swiss-cheese-awards-gewinner-bei-dir-zuhause","title":{"rendered":"Die Swiss Cheese Awards Gewinner bei Ihnen zuhause"},"content":{"rendered":"<h2>F\u00fcr alle Liebhaber von aromatischem K\u00e4se<\/h2>\n<p>Die Gewinnerk\u00e4se der Swiss Cheese Awards in einer Box nach Hause geliefert. In der Swiss Cheese Awards Winner Box\u00a0 im Wert von CHF 41.00,\u00a0 sind vier aromatische Spitzenk\u00e4se und da darf der <a href=\"https:\/\/www.emmentaler.ch\/de\/sorte\/mild-classic\" target=\"_blank\" rel=\"noopener\">Emmentaler AOP<\/a> nat\u00fcrlich nicht fehlen. Der feine K\u00e4se der <a href=\"https:\/\/www.emmentaler.ch\/de\/kaeserei\/kaeserei-seetal-ag\" target=\"_blank\" rel=\"noopener\">Dorf-K\u00e4serei Seetal<\/a> hat es geschafft und ist unter den qualitativ hochstehenden und ausgezeichneten K\u00e4se dabei.<br \/>\nDer Emmentaler von Walter Lang und seinem Team wurde an den Swiss Cheese Awards zum besten Emmentaler AOP K\u00e4se ausgezeichnet, dieser K\u00e4se \u00fcberzeugt mit seinem nussig milden Geschmack, sodass auch Sie schnell zum Emmentaler AOP Fan werden.<\/p>\n<p>Bestellen Sie sich jetzt ihre Swiss Cheese Awards Winner Box und schon kann die geschmackvolle Reise durch die Schweizer K\u00e4selandschaft losgehen. Lassen Sie sich von der K\u00e4sevielfalt begeistern und immer auf\u2019s Neue \u00fcberraschen &#8211; wer weiss, vielleicht liegt ja bald schon ein neuer Lieblingsk\u00e4se in Ihrem K\u00fchlschrank bereit.<\/p>\n<p><a href=\"https:\/\/www.cheezy.ch\/collections\/unsere-kaeseboxen\/products\/winner-box\" target=\"_blank\" rel=\"noopener nofollow\">Hier<strong> Swiss Cheese Awards Winner Box<\/strong><\/a> bestellen.<\/p>\n<p>Wir w\u00fcnschen viel Freude beim Geniessen!<\/p>\n<p>&nbsp;<\/p>\n<p><img loading=\"lazy\" decoding=\"async\" class=\"aligncenter size-full wp-image-126432\" src=\"https:\/\/www.emmentaler.ch\/wp-content\/uploads\/2023\/05\/Cheezy-1.jpg\" alt=\"\" width=\"1800\" height=\"1300\" srcset=\"https:\/\/www.emmentaler.ch\/wp-content\/uploads\/2023\/05\/Cheezy-1.jpg 1800w, https:\/\/www.emmentaler.ch\/wp-content\/uploads\/2023\/05\/Cheezy-1-300x217.jpg 300w, https:\/\/www.emmentaler.ch\/wp-content\/uploads\/2023\/05\/Cheezy-1-1024x740.jpg 1024w, https:\/\/www.emmentaler.ch\/wp-content\/uploads\/2023\/05\/Cheezy-1-768x555.jpg 768w, https:\/\/www.emmentaler.ch\/wp-content\/uploads\/2023\/05\/Cheezy-1-1536x1109.jpg 1536w\" sizes=\"(max-width: 1800px) 100vw, 1800px\" \/> <img loading=\"lazy\" decoding=\"async\" class=\"aligncenter size-full wp-image-126437\" src=\"https:\/\/www.emmentaler.ch\/wp-content\/uploads\/2023\/05\/Cheezy-2.jpg\" alt=\"\" width=\"1800\" height=\"1300\" srcset=\"https:\/\/www.emmentaler.ch\/wp-content\/uploads\/2023\/05\/Cheezy-2.jpg 1800w, https:\/\/www.emmentaler.ch\/wp-content\/uploads\/2023\/05\/Cheezy-2-300x217.jpg 300w, https:\/\/www.emmentaler.ch\/wp-content\/uploads\/2023\/05\/Cheezy-2-1024x740.jpg 1024w, https:\/\/www.emmentaler.ch\/wp-content\/uploads\/2023\/05\/Cheezy-2-768x555.jpg 768w, https:\/\/www.emmentaler.ch\/wp-content\/uploads\/2023\/05\/Cheezy-2-1536x1109.jpg 1536w\" sizes=\"(max-width: 1800px) 100vw, 1800px\" \/><\/p>\n","protected":false},"excerpt":{"rendered":"<p>F\u00fcr alle Liebhaber von aromatischem K\u00e4se Die Gewinnerk\u00e4se der Swiss Cheese Awards in einer Box nach Hause geliefert. In der Swiss Cheese Awards Winner Box\u00a0 im Wert von CHF 41.00,\u00a0 sind vier aromatische Spitzenk\u00e4se und da darf der Emmentaler AOP nat\u00fcrlich nicht fehlen. Der feine K\u00e4se der Dorf-K\u00e4serei Seetal hat es geschafft und ist unter [&hellip;]<\/p>\n","protected":false},"author":6,"featured_media":126432,"comment_status":"closed","ping_status":"closed","sticky":false,"template":"","format":"standard","meta":{"inline_featured_image":false,"footnotes":""},"categories":[1],"tags":[],"et_countries":[103],"acf":{"additional_infos_teaser_title":"F\u00fcr K\u00e4seliebhaber","additional_infos_related_contents":"","veroffentlichungsdatum":""},"_links":{"self":[{"href":"https:\/\/www.emmentaler.ch\/de\/wp-json\/wp\/v2\/posts\/126427"}],"collection":[{"href":"https:\/\/www.emmentaler.ch\/de\/wp-json\/wp\/v2\/posts"}],"about":[{"href":"https:\/\/www.emmentaler.ch\/de\/wp-json\/wp\/v2\/types\/post"}],"author":[{"embeddable":true,"href":"https:\/\/www.emmentaler.ch\/de\/wp-json\/wp\/v2\/users\/6"}],"replies":[{"embeddable":true,"href":"https:\/\/www.emmentaler.ch\/de\/wp-json\/wp\/v2\/comments?post=126427"}],"version-history":[{"count":0,"href":"https:\/\/www.emmentaler.ch\/de\/wp-json\/wp\/v2\/posts\/126427\/revisions"}],"wp:featuredmedia":[{"embeddable":true,"href":"https:\/\/www.emmentaler.ch\/de\/wp-json\/wp\/v2\/media\/126432"}],"wp:attachment":[{"href":"https:\/\/www.emmentaler.ch\/de\/wp-json\/wp\/v2\/media?parent=126427"}],"wp:term":[{"taxonomy":"category","embeddable":true,"href":"https:\/\/www.emmentaler.ch\/de\/wp-json\/wp\/v2\/categories?post=126427"},{"taxonomy":"post_tag","embeddable":true,"href":"https:\/\/www.emmentaler.ch\/de\/wp-json\/wp\/v2\/tags?post=126427"},{"taxonomy":"et_countries","embeddable":true,"href":"https:\/\/www.emmentaler.ch\/de\/wp-json\/wp\/v2\/et_countries?post=126427"}],"curies":[{"name":"wp","href":"https:\/\/api.w.org\/{rel}","templated":true}]}}