{"id":129900,"date":"2023-07-12T17:20:15","date_gmt":"2023-07-12T15:20:15","guid":{"rendered":"https:\/\/www.emmentaler.ch\/?p=129900"},"modified":"2023-07-20T18:08:38","modified_gmt":"2023-07-20T16:08:38","slug":"official-cheese-and-wine-day","status":"publish","type":"post","link":"https:\/\/www.emmentaler.ch\/de\/official-cheese-and-wine-day","title":{"rendered":"Official Cheese and Wine Day"},"content":{"rendered":"<h2>K\u00e4se und Wein &#8211; ein unschlagbares Duo.<\/h2>\n<p>Die feine Kombination von Wein und K\u00e4se passt zusammen wie der Emmentaler AOP und die Schweiz. Einfach perfekt.<\/p>\n<p><img loading=\"lazy\" decoding=\"async\" class=\"aligncenter size-full wp-image-129938\" src=\"https:\/\/www.emmentaler.ch\/wp-content\/uploads\/2023\/07\/cheese_wine_wein_tag-2.jpg\" alt=\"\" width=\"1920\" height=\"1080\" srcset=\"https:\/\/www.emmentaler.ch\/wp-content\/uploads\/2023\/07\/cheese_wine_wein_tag-2.jpg 1920w, https:\/\/www.emmentaler.ch\/wp-content\/uploads\/2023\/07\/cheese_wine_wein_tag-2-300x169.jpg 300w, https:\/\/www.emmentaler.ch\/wp-content\/uploads\/2023\/07\/cheese_wine_wein_tag-2-1024x576.jpg 1024w, https:\/\/www.emmentaler.ch\/wp-content\/uploads\/2023\/07\/cheese_wine_wein_tag-2-768x432.jpg 768w, https:\/\/www.emmentaler.ch\/wp-content\/uploads\/2023\/07\/cheese_wine_wein_tag-2-1536x864.jpg 1536w\" sizes=\"(max-width: 1920px) 100vw, 1920px\" \/><\/p>\n<p>&nbsp;<\/p>\n<p>Ein k\u00f6stliches Duo: K\u00e4se und Wein \u2013 eine traditionelle Kombination, die Feinschmecker:innen seit Jahrzehnten begeistert. Am 25. Juli 2023 ist es wieder soweit: Der K\u00e4se- und Weintag l\u00e4dt dazu ein, die harmonische Verbindung zwischen den beiden K\u00f6stlichkeiten zu zelebrieren. Tauchen Sie ein in die faszinierende Welt des K\u00e4ses und Weins, und entdecken Sie <a href=\"https:\/\/www.emmentaler.ch\/de\/cheeseandwine\">genussvolle K\u00e4se- und Wein-Kombinationen mit Emmentaler AOP.<\/a><\/p>\n<p>&nbsp;<\/p>\n<p><img loading=\"lazy\" decoding=\"async\" class=\"aligncenter size-full wp-image-129944\" src=\"https:\/\/www.emmentaler.ch\/wp-content\/uploads\/2023\/07\/IMG_6905-scaled.jpg\" alt=\"\" width=\"2560\" height=\"1707\" srcset=\"https:\/\/www.emmentaler.ch\/wp-content\/uploads\/2023\/07\/IMG_6905-scaled.jpg 2560w, https:\/\/www.emmentaler.ch\/wp-content\/uploads\/2023\/07\/IMG_6905-300x200.jpg 300w, https:\/\/www.emmentaler.ch\/wp-content\/uploads\/2023\/07\/IMG_6905-1024x683.jpg 1024w, https:\/\/www.emmentaler.ch\/wp-content\/uploads\/2023\/07\/IMG_6905-768x512.jpg 768w, https:\/\/www.emmentaler.ch\/wp-content\/uploads\/2023\/07\/IMG_6905-1536x1024.jpg 1536w, https:\/\/www.emmentaler.ch\/wp-content\/uploads\/2023\/07\/IMG_6905-2048x1365.jpg 2048w\" sizes=\"(max-width: 2560px) 100vw, 2560px\" \/><\/p>\n<p>&nbsp;<\/p>\n<p>Die Geschichte von K\u00e4se und Wein reicht weit zur\u00fcck und ist gepr\u00e4gt von Handwerkskunst und Leidenschaft. Beide Produkte werden aufwendig hergestellt und erfordern viel Erfahrung und Fachwissen. K\u00e4ser:innen und Winzer:innen teilen die gleiche Hingabe zu ihrem Beruf und arbeiten mit grosser Sorgfalt um einzigartige Geschmackserlebnisse zu schaffen.<\/p>\n<p>Probieren Sie die <a href=\"https:\/\/www.emmentaler.ch\/de\/sorte\" target=\"_blank\" rel=\"noopener\">verschiedenen Reifegrade des Emmentaler AOP von mild bis rezent<\/a>, mit Aromen von Brennnesseln, herben Kr\u00e4utern, dezenter S\u00fcsse bis hin zu Karamell und viele weitere Gaumenfreuden.<\/p>\n<p>Viel Spass!<\/p>\n","protected":false},"excerpt":{"rendered":"<p>K\u00e4se und Wein &#8211; ein unschlagbares Duo. Die feine Kombination von Wein und K\u00e4se passt zusammen wie der Emmentaler AOP und die Schweiz. Einfach perfekt. &nbsp; Ein k\u00f6stliches Duo: K\u00e4se und Wein \u2013 eine traditionelle Kombination, die Feinschmecker:innen seit Jahrzehnten begeistert. Am 25. Juli 2023 ist es wieder soweit: Der K\u00e4se- und Weintag l\u00e4dt dazu [&hellip;]<\/p>\n","protected":false},"author":6,"featured_media":130062,"comment_status":"closed","ping_status":"closed","sticky":false,"template":"","format":"standard","meta":{"inline_featured_image":false,"footnotes":""},"categories":[1],"tags":[],"et_countries":[103,104],"acf":{"additional_infos_teaser_title":"Genuss mit feinen Tropfen und bestem Emmentaler AOP","additional_infos_related_contents":"","veroffentlichungsdatum":""},"_links":{"self":[{"href":"https:\/\/www.emmentaler.ch\/de\/wp-json\/wp\/v2\/posts\/129900"}],"collection":[{"href":"https:\/\/www.emmentaler.ch\/de\/wp-json\/wp\/v2\/posts"}],"about":[{"href":"https:\/\/www.emmentaler.ch\/de\/wp-json\/wp\/v2\/types\/post"}],"author":[{"embeddable":true,"href":"https:\/\/www.emmentaler.ch\/de\/wp-json\/wp\/v2\/users\/6"}],"replies":[{"embeddable":true,"href":"https:\/\/www.emmentaler.ch\/de\/wp-json\/wp\/v2\/comments?post=129900"}],"version-history":[{"count":0,"href":"https:\/\/www.emmentaler.ch\/de\/wp-json\/wp\/v2\/posts\/129900\/revisions"}],"wp:featuredmedia":[{"embeddable":true,"href":"https:\/\/www.emmentaler.ch\/de\/wp-json\/wp\/v2\/media\/130062"}],"wp:attachment":[{"href":"https:\/\/www.emmentaler.ch\/de\/wp-json\/wp\/v2\/media?parent=129900"}],"wp:term":[{"taxonomy":"category","embeddable":true,"href":"https:\/\/www.emmentaler.ch\/de\/wp-json\/wp\/v2\/categories?post=129900"},{"taxonomy":"post_tag","embeddable":true,"href":"https:\/\/www.emmentaler.ch\/de\/wp-json\/wp\/v2\/tags?post=129900"},{"taxonomy":"et_countries","embeddable":true,"href":"https:\/\/www.emmentaler.ch\/de\/wp-json\/wp\/v2\/et_countries?post=129900"}],"curies":[{"name":"wp","href":"https:\/\/api.w.org\/{rel}","templated":true}]}}