{"id":130685,"date":"2023-08-07T10:42:32","date_gmt":"2023-08-07T08:42:32","guid":{"rendered":"https:\/\/www.emmentaler.ch\/?p=130685"},"modified":"2023-09-13T07:39:15","modified_gmt":"2023-09-13T05:39:15","slug":"welcome-to-the-maettuverse","status":"publish","type":"post","link":"https:\/\/www.emmentaler.ch\/de\/welcome-to-the-maettuverse","title":{"rendered":"Welcome to the \u00abM\u00e4ttuverse\u00bb"},"content":{"rendered":"<p><strong>Matthias Sempach gew\u00e4hrt charmante Einblicke in den Hof-Alltag\u00a0<\/strong><\/p>\n<p>In f\u00fcnf sympathischen \u00abM\u00e4ttuverse\u00bb-Videos nimmt uns Markenbotschafter und Emmentaler AOP Milchproduzent Matthias Sempach mit auf seinen Hof und teilt Geschichten aus seinem Alltag mit der Familie und den Tieren. Vom Grillplausch \u00fcbers Heuen ist alles mit dabei! Und ein <a href=\"https:\/\/www.emmentaler.ch\/de\/sorte\">K\u00e4se Snack<\/a> zwischendurch darf nat\u00fcrlich auch nicht fehlen.<\/p>\n<p>Die bereits ver\u00f6ffentlichten Videos m\u00f6chten wir Ihnen nicht vorenthalten, Sie finden diese am Ende dieses Beitrags. Um die weiteren Folgen nicht zu verpassen, folgen Sie am besten gleich <a href=\"https:\/\/www.instagram.com\/emmentaleraop\/\" target=\"_blank\" rel=\"noopener nofollow\">Emmentaler AOP auf Instagram<\/a>. Wir sind jedenfalls gespannt, was das \u00abM\u00e4ttuverse\u00bb noch f\u00fcr uns bereit h\u00e4lt.<\/p>\n<p>Herzlichen Dank an M\u00e4ttu f\u00fcr die Zusammenarbeit in den letzten 13 Jahren, wir freuen uns auf viele weitere gemeinsame Genussmomente!<\/p>\n<p>&nbsp;<\/p>\n<p><iframe loading=\"lazy\" title=\"\u00abM\u00e4ttuverse\u00bb #1 Grillplausch\" width=\"800\" height=\"450\" src=\"https:\/\/www.youtube.com\/embed\/-LnHuPsQ2hE?feature=oembed\" frameborder=\"0\" allow=\"accelerometer; autoplay; clipboard-write; encrypted-media; gyroscope; picture-in-picture; web-share\" allowfullscreen><\/iframe><\/p>\n<p><iframe loading=\"lazy\" title=\"\u00abM\u00e4ttuverse\u00bb #2 Heuen\" width=\"800\" height=\"450\" src=\"https:\/\/www.youtube.com\/embed\/_Pcp8zV6rY0?feature=oembed\" frameborder=\"0\" allow=\"accelerometer; autoplay; clipboard-write; encrypted-media; gyroscope; picture-in-picture; web-share\" allowfullscreen><\/iframe><\/p>\n<p><iframe loading=\"lazy\" title=\"\u00abM\u00e4ttuverse\u00bb #3 Geissen\" width=\"800\" height=\"450\" src=\"https:\/\/www.youtube.com\/embed\/hkct27M2ltE?feature=oembed\" frameborder=\"0\" allow=\"accelerometer; autoplay; clipboard-write; encrypted-media; gyroscope; picture-in-picture; web-share\" allowfullscreen><\/iframe><\/p>\n<p><iframe loading=\"lazy\" title=\"\u00abM\u00e4ttuverse\u00bb #4 Tierwohl\" width=\"800\" height=\"450\" src=\"https:\/\/www.youtube.com\/embed\/C20TcKWRfIM?feature=oembed\" frameborder=\"0\" allow=\"accelerometer; autoplay; clipboard-write; encrypted-media; gyroscope; picture-in-picture; web-share\" allowfullscreen><\/iframe><\/p>\n<p><iframe loading=\"lazy\" title=\"\u00abM\u00e4ttuverse\u00bb #5 Freizeit\" width=\"800\" height=\"450\" src=\"https:\/\/www.youtube.com\/embed\/VtQdkxJyCN4?feature=oembed\" frameborder=\"0\" allow=\"accelerometer; autoplay; clipboard-write; encrypted-media; gyroscope; picture-in-picture; web-share\" allowfullscreen><\/iframe><\/p>\n","protected":false},"excerpt":{"rendered":"<p>Matthias Sempach gew\u00e4hrt charmante Einblicke in den Hof-Alltag\u00a0 In f\u00fcnf sympathischen \u00abM\u00e4ttuverse\u00bb-Videos nimmt uns Markenbotschafter und Emmentaler AOP Milchproduzent Matthias Sempach mit auf seinen Hof und teilt Geschichten aus seinem Alltag mit der Familie und den Tieren. Vom Grillplausch \u00fcbers Heuen ist alles mit dabei! Und ein K\u00e4se Snack zwischendurch darf nat\u00fcrlich auch nicht fehlen. [&hellip;]<\/p>\n","protected":false},"author":6,"featured_media":130793,"comment_status":"closed","ping_status":"closed","sticky":false,"template":"","format":"standard","meta":{"inline_featured_image":false,"footnotes":""},"categories":[1],"tags":[],"et_countries":[],"acf":{"additional_infos_teaser_title":"Markenbotschafter M\u00e4ttu Sempach","additional_infos_related_contents":"","veroffentlichungsdatum":"7.8.2023"},"_links":{"self":[{"href":"https:\/\/www.emmentaler.ch\/de\/wp-json\/wp\/v2\/posts\/130685"}],"collection":[{"href":"https:\/\/www.emmentaler.ch\/de\/wp-json\/wp\/v2\/posts"}],"about":[{"href":"https:\/\/www.emmentaler.ch\/de\/wp-json\/wp\/v2\/types\/post"}],"author":[{"embeddable":true,"href":"https:\/\/www.emmentaler.ch\/de\/wp-json\/wp\/v2\/users\/6"}],"replies":[{"embeddable":true,"href":"https:\/\/www.emmentaler.ch\/de\/wp-json\/wp\/v2\/comments?post=130685"}],"version-history":[{"count":5,"href":"https:\/\/www.emmentaler.ch\/de\/wp-json\/wp\/v2\/posts\/130685\/revisions"}],"predecessor-version":[{"id":131731,"href":"https:\/\/www.emmentaler.ch\/de\/wp-json\/wp\/v2\/posts\/130685\/revisions\/131731"}],"wp:featuredmedia":[{"embeddable":true,"href":"https:\/\/www.emmentaler.ch\/de\/wp-json\/wp\/v2\/media\/130793"}],"wp:attachment":[{"href":"https:\/\/www.emmentaler.ch\/de\/wp-json\/wp\/v2\/media?parent=130685"}],"wp:term":[{"taxonomy":"category","embeddable":true,"href":"https:\/\/www.emmentaler.ch\/de\/wp-json\/wp\/v2\/categories?post=130685"},{"taxonomy":"post_tag","embeddable":true,"href":"https:\/\/www.emmentaler.ch\/de\/wp-json\/wp\/v2\/tags?post=130685"},{"taxonomy":"et_countries","embeddable":true,"href":"https:\/\/www.emmentaler.ch\/de\/wp-json\/wp\/v2\/et_countries?post=130685"}],"curies":[{"name":"wp","href":"https:\/\/api.w.org\/{rel}","templated":true}]}}