{"id":131197,"date":"2023-09-07T08:30:23","date_gmt":"2023-09-07T06:30:23","guid":{"rendered":"https:\/\/www.emmentaler.ch\/?p=131197"},"modified":"2023-08-30T10:48:47","modified_gmt":"2023-08-30T08:48:47","slug":"cheese-festival-2023","status":"publish","type":"post","link":"https:\/\/www.emmentaler.ch\/de\/cheese-festival-2023","title":{"rendered":"CHEESE FESTIVAL 2023"},"content":{"rendered":"<h2>Ab jetzt wird wieder K\u00e4segenuss gefeiert!<\/h2>\n<p>Liebhaber:innen k\u00f6stlicher K\u00e4sekreationen d\u00fcrfen sich freuen, denn Anfang September ist das beliebte Cheese-Festival zur\u00fcck.<\/p>\n<p>Die K\u00e4sefeste feiern nicht nur die lokale K\u00e4sekultur, sondern sind auch eine einzigartige Gelegenheit, in die Welt des K\u00e4ses einzutauchen. K\u00e4ser:innen aus der Region pr\u00e4sentieren ihre mit Hingabe und Geduld hergestellten K\u00e4sespezialit\u00e4ten und geben Einblick in die Kunst der K\u00e4seherstellung. Neben feinsten Genussmomenten erwartet Sie ein Programm mit Unterhaltung, Musik und vielem mehr. Die Emmentaler AOP K\u00e4ser und K\u00e4serinnen sind nat\u00fcrlich auch mit ihren K\u00f6stlichkeiten dabei und freuen sich auf Ihren Besuch! \ud83e\uddc0<\/p>\n<p>Besuchen Sie das K\u00e4sefest in Ihrer N\u00e4he und probieren Sie sich durch die <a href=\"https:\/\/www.emmentaler.ch\/de\/sorte\">verschiedenen Reifegrade<\/a>\u00a0vom Emmentaler AOP von mild bis rezent.<\/p>\n<p><strong>An folgenden Daten sind unsere Emmentaler AOP K\u00e4serinnen und K\u00e4ser vor Ort:<\/strong><\/p>\n<p><a href=\"https:\/\/cheese-festival.ch\/kaesefest-frauenfeld\/\" target=\"_blank\" rel=\"noopener nofollow\">Frauenfeld: Samstag, 9. September<\/a><br \/>\n<a href=\"https:\/\/cheese-festival.ch\/kaesefest-thun\/\" target=\"_blank\" rel=\"noopener nofollow\">Thun: Samstag, 30. September<\/a><br \/>\n<a href=\"https:\/\/cheese-festival.ch\/kaesefest-huttwil\/\" target=\"_blank\" rel=\"noopener nofollow\">Huttwil: Samstag + Sonntag, 7.-8. Oktober<\/a><br \/>\n<a href=\"https:\/\/cheese-festival.ch\/kaesefest-luzern\/\" target=\"_blank\" rel=\"noopener nofollow\">Luzern: Samstag, 14. Oktober<\/a><br \/>\n<a href=\"https:\/\/cheese-festival.ch\/kaesefest-bern\/\" target=\"_blank\" rel=\"noopener nofollow\">Bern: Samstag, 21. Oktober<\/a><br \/>\n<a href=\"https:\/\/cheese-festival.ch\/kaesefest-appenzell\/\" target=\"_blank\" rel=\"noopener nofollow\">Appenzell: Samstag + Sonntag, 28.-29. Oktober<\/a><br \/>\n<a href=\"https:\/\/cheese-festival.ch\/kaesefest-rapperswil-jona\/\" target=\"_blank\" rel=\"noopener nofollow\">Rapperswil-Jona: Samstag, 4. November<\/a><\/p>\n<p><img loading=\"lazy\" decoding=\"async\" class=\"aligncenter size-full wp-image-101508\" src=\"https:\/\/www.emmentaler.ch\/wp-content\/uploads\/2022\/10\/Cheese_Festival_bern.png\" alt=\"\" width=\"1800\" height=\"1300\" srcset=\"https:\/\/www.emmentaler.ch\/wp-content\/uploads\/2022\/10\/Cheese_Festival_bern.png 1800w, https:\/\/www.emmentaler.ch\/wp-content\/uploads\/2022\/10\/Cheese_Festival_bern-300x217.png 300w, https:\/\/www.emmentaler.ch\/wp-content\/uploads\/2022\/10\/Cheese_Festival_bern-1024x740.png 1024w, https:\/\/www.emmentaler.ch\/wp-content\/uploads\/2022\/10\/Cheese_Festival_bern-768x555.png 768w, https:\/\/www.emmentaler.ch\/wp-content\/uploads\/2022\/10\/Cheese_Festival_bern-1536x1109.png 1536w\" sizes=\"(max-width: 1800px) 100vw, 1800px\" \/><\/p>\n<p>Hier gibt es noch mehr Infos:\u00a0<a href=\"https:\/\/cheese-festival.ch\/\" target=\"_blank\" rel=\"noopener nofollow\">https:\/\/cheese-festival.ch<\/a><\/p>\n<p>&nbsp;<\/p>\n<p>&nbsp;<\/p>\n<p>&nbsp;<\/p>\n<p>&nbsp;<\/p>\n<p>&nbsp;<\/p>\n<p>&nbsp;<\/p>\n<p>&nbsp;<\/p>\n","protected":false},"excerpt":{"rendered":"<p>Ab jetzt wird wieder K\u00e4segenuss gefeiert! Liebhaber:innen k\u00f6stlicher K\u00e4sekreationen d\u00fcrfen sich freuen, denn Anfang September ist das beliebte Cheese-Festival zur\u00fcck. Die K\u00e4sefeste feiern nicht nur die lokale K\u00e4sekultur, sondern sind auch eine einzigartige Gelegenheit, in die Welt des K\u00e4ses einzutauchen. K\u00e4ser:innen aus der Region pr\u00e4sentieren ihre mit Hingabe und Geduld hergestellten K\u00e4sespezialit\u00e4ten und geben Einblick [&hellip;]<\/p>\n","protected":false},"author":6,"featured_media":97096,"comment_status":"closed","ping_status":"closed","sticky":false,"template":"","format":"standard","meta":{"inline_featured_image":false,"footnotes":""},"categories":[1],"tags":[],"et_countries":[103],"acf":{"additional_infos_teaser_title":"Hier wird K\u00e4segenuss gefeiert","additional_infos_related_contents":"","veroffentlichungsdatum":"7. September 2023"},"_links":{"self":[{"href":"https:\/\/www.emmentaler.ch\/de\/wp-json\/wp\/v2\/posts\/131197"}],"collection":[{"href":"https:\/\/www.emmentaler.ch\/de\/wp-json\/wp\/v2\/posts"}],"about":[{"href":"https:\/\/www.emmentaler.ch\/de\/wp-json\/wp\/v2\/types\/post"}],"author":[{"embeddable":true,"href":"https:\/\/www.emmentaler.ch\/de\/wp-json\/wp\/v2\/users\/6"}],"replies":[{"embeddable":true,"href":"https:\/\/www.emmentaler.ch\/de\/wp-json\/wp\/v2\/comments?post=131197"}],"version-history":[{"count":6,"href":"https:\/\/www.emmentaler.ch\/de\/wp-json\/wp\/v2\/posts\/131197\/revisions"}],"predecessor-version":[{"id":131462,"href":"https:\/\/www.emmentaler.ch\/de\/wp-json\/wp\/v2\/posts\/131197\/revisions\/131462"}],"wp:featuredmedia":[{"embeddable":true,"href":"https:\/\/www.emmentaler.ch\/de\/wp-json\/wp\/v2\/media\/97096"}],"wp:attachment":[{"href":"https:\/\/www.emmentaler.ch\/de\/wp-json\/wp\/v2\/media?parent=131197"}],"wp:term":[{"taxonomy":"category","embeddable":true,"href":"https:\/\/www.emmentaler.ch\/de\/wp-json\/wp\/v2\/categories?post=131197"},{"taxonomy":"post_tag","embeddable":true,"href":"https:\/\/www.emmentaler.ch\/de\/wp-json\/wp\/v2\/tags?post=131197"},{"taxonomy":"et_countries","embeddable":true,"href":"https:\/\/www.emmentaler.ch\/de\/wp-json\/wp\/v2\/et_countries?post=131197"}],"curies":[{"name":"wp","href":"https:\/\/api.w.org\/{rel}","templated":true}]}}