{"id":131943,"date":"2023-09-06T15:33:33","date_gmt":"2023-09-06T13:33:33","guid":{"rendered":"https:\/\/www.emmentaler.ch\/?p=131943"},"modified":"2023-10-09T11:18:34","modified_gmt":"2023-10-09T09:18:34","slug":"der-emmentaler-aop-goes-uk","status":"publish","type":"post","link":"https:\/\/www.emmentaler.ch\/de\/der-emmentaler-aop-goes-uk","title":{"rendered":"Der Emmentaler AOP goes UK"},"content":{"rendered":"<p>BBC war zu Besuch in der <a href=\"https:\/\/www.emmentaler.ch\/de\/kaeserei\/kaeserei-huepfenboden\" target=\"_blank\" rel=\"noopener\">Emmentaler AOP K\u00e4serei H\u00fcpfenboden<\/a> und hat auf 1016 Meter \u00fcber Meer\u00a0alles \u00fcber die Herstellung erfahren. Das britische Medium widmete dem Emmentaler AOP einen Artikel und beleuchtet darin neben der Herstellung auch den Markenschutz und das feine Genusserlebnis. F\u00fcr die BBC-Journalistin ist der Emmentaler AOP etwas ganz Aussergew\u00f6hnliches, ein kulinarisches Symbol f\u00fcr die Schweiz.<\/p>\n<h6><img loading=\"lazy\" decoding=\"async\" class=\"alignnone wp-image-131953 size-large\" src=\"https:\/\/www.emmentaler.ch\/wp-content\/uploads\/2023\/09\/Bernhard-Meier_Kaeserei-Huepfenboden-1024x683.jpg\" alt=\"Bernhard Meier K\u00e4serei H\u00fcpfenboden\" width=\"1024\" height=\"683\" \/><\/h6>\n<p>Jetzt den ganzen <a href=\"https:\/\/www.bbc.com\/travel\/article\/20230905-emmentaler-switzerlands-king-of-cheeses\" target=\"_blank\" rel=\"noopener nofollow\">Artikel<\/a> lesen (auf Englisch).<\/p>\n<p>&nbsp;<\/p>\n<p>&nbsp;<\/p>\n","protected":false},"excerpt":{"rendered":"<p>BBC war zu Besuch in der Emmentaler AOP K\u00e4serei H\u00fcpfenboden und hat auf 1016 Meter \u00fcber Meer\u00a0alles \u00fcber die Herstellung erfahren. Das britische Medium widmete dem Emmentaler AOP einen Artikel und beleuchtet darin neben der Herstellung auch den Markenschutz und das feine Genusserlebnis. F\u00fcr die BBC-Journalistin ist der Emmentaler AOP etwas ganz Aussergew\u00f6hnliches, ein kulinarisches [&hellip;]<\/p>\n","protected":false},"author":17,"featured_media":132052,"comment_status":"closed","ping_status":"closed","sticky":false,"template":"","format":"standard","meta":{"inline_featured_image":false,"footnotes":""},"categories":[1],"tags":[],"et_countries":[103,104],"acf":{"additional_infos_teaser_title":"BBC zu Besuch bei der Emmentaler AOP K\u00e4serei H\u00fcpfenboden","additional_infos_related_contents":"","veroffentlichungsdatum":""},"_links":{"self":[{"href":"https:\/\/www.emmentaler.ch\/de\/wp-json\/wp\/v2\/posts\/131943"}],"collection":[{"href":"https:\/\/www.emmentaler.ch\/de\/wp-json\/wp\/v2\/posts"}],"about":[{"href":"https:\/\/www.emmentaler.ch\/de\/wp-json\/wp\/v2\/types\/post"}],"author":[{"embeddable":true,"href":"https:\/\/www.emmentaler.ch\/de\/wp-json\/wp\/v2\/users\/17"}],"replies":[{"embeddable":true,"href":"https:\/\/www.emmentaler.ch\/de\/wp-json\/wp\/v2\/comments?post=131943"}],"version-history":[{"count":9,"href":"https:\/\/www.emmentaler.ch\/de\/wp-json\/wp\/v2\/posts\/131943\/revisions"}],"predecessor-version":[{"id":131981,"href":"https:\/\/www.emmentaler.ch\/de\/wp-json\/wp\/v2\/posts\/131943\/revisions\/131981"}],"wp:featuredmedia":[{"embeddable":true,"href":"https:\/\/www.emmentaler.ch\/de\/wp-json\/wp\/v2\/media\/132052"}],"wp:attachment":[{"href":"https:\/\/www.emmentaler.ch\/de\/wp-json\/wp\/v2\/media?parent=131943"}],"wp:term":[{"taxonomy":"category","embeddable":true,"href":"https:\/\/www.emmentaler.ch\/de\/wp-json\/wp\/v2\/categories?post=131943"},{"taxonomy":"post_tag","embeddable":true,"href":"https:\/\/www.emmentaler.ch\/de\/wp-json\/wp\/v2\/tags?post=131943"},{"taxonomy":"et_countries","embeddable":true,"href":"https:\/\/www.emmentaler.ch\/de\/wp-json\/wp\/v2\/et_countries?post=131943"}],"curies":[{"name":"wp","href":"https:\/\/api.w.org\/{rel}","templated":true}]}}