{"id":132910,"date":"2023-10-20T16:23:56","date_gmt":"2023-10-20T14:23:56","guid":{"rendered":"https:\/\/www.emmentaler.ch\/?p=132910"},"modified":"2023-10-31T17:10:14","modified_gmt":"2023-10-31T16:10:14","slug":"17-internationale-kaesiade-in-hopfgarten","status":"publish","type":"post","link":"https:\/\/www.emmentaler.ch\/de\/17-internationale-kaesiade-in-hopfgarten","title":{"rendered":"16. internationale K\u00e4siade in Hopfgarten"},"content":{"rendered":"<p>Alle zwei Jahre veranstaltet der Verband der K\u00e4serei- und Molkereifachleute, eine Vereinigung \u00f6sterreichischer und europ\u00e4ischer K\u00e4sespezialisten, die internationale K\u00e4siade in Hopfgarten. Vom 19. bis 21. Oktober 2023 war es wieder soweit und die internationale Jury bewertete eine Vielzahl der eingereichten Produkte.<\/p>\n<p><img loading=\"lazy\" decoding=\"async\" class=\"alignnone wp-image-132932 size-large\" src=\"https:\/\/www.emmentaler.ch\/wp-content\/uploads\/2023\/10\/WhatsApp-Image-2023-10-21-at-21.32.27-1024x768.jpeg\" alt=\"K\u00e4siade 2023 Gewinner Emmentaler AOP K\u00e4sereien\" width=\"1024\" height=\"768\" srcset=\"https:\/\/www.emmentaler.ch\/wp-content\/uploads\/2023\/10\/WhatsApp-Image-2023-10-21-at-21.32.27-1024x768.jpeg 1024w, https:\/\/www.emmentaler.ch\/wp-content\/uploads\/2023\/10\/WhatsApp-Image-2023-10-21-at-21.32.27-300x225.jpeg 300w, https:\/\/www.emmentaler.ch\/wp-content\/uploads\/2023\/10\/WhatsApp-Image-2023-10-21-at-21.32.27-768x576.jpeg 768w, https:\/\/www.emmentaler.ch\/wp-content\/uploads\/2023\/10\/WhatsApp-Image-2023-10-21-at-21.32.27-1536x1152.jpeg 1536w, https:\/\/www.emmentaler.ch\/wp-content\/uploads\/2023\/10\/WhatsApp-Image-2023-10-21-at-21.32.27.jpeg 2000w\" sizes=\"(max-width: 1024px) 100vw, 1024px\" \/><\/p>\n<div class=\"xdj266r x11i5rnm xat24cr x1mh8g0r x1vvkbs x126k92a\">\n<div dir=\"auto\">\n<p>Wir freuen uns sehr, dass gleich drei Emmentaler AOP K\u00e4sereien zu den Gewinnern geh\u00f6ren. Herzliche Gratulation und vielen Dank f\u00fcr euren leidenschaftlichen Einsatz f\u00fcr das Qualit\u00e4tsprodukt Emmentaler AOP!<\/p>\n<\/div>\n<div dir=\"auto\"><strong>Goldmedaille f\u00fcr Ruedi Studerus von der <a class=\"x1i10hfl xjbqb8w x6umtig x1b1mbwd xaqea5y xav7gou x9f619 x1ypdohk xt0psk2 xe8uvvx xdj266r x11i5rnm xat24cr x1mh8g0r xexx8yu x4uap5 x18d9i69 xkhd6sd x16tdsg8 x1hl2dhg xggy1nq x1a2a7pz xt0b8zv x1qq9wsj xo1l8bm\" role=\"link\" href=\"https:\/\/www.emmentaler.ch\/de\/kaeserei\/kaeserei-thundorf\" target=\"_blank\" rel=\"noopener\"><span class=\"xt0psk2\">Dorfk\u00e4serei Thundorf<\/span><\/a><\/strong><\/div>\n<\/div>\n<div dir=\"auto\"><img loading=\"lazy\" decoding=\"async\" class=\"alignnone wp-image-132937 size-medium\" src=\"https:\/\/www.emmentaler.ch\/wp-content\/uploads\/2023\/10\/WhatsApp-Image-2023-10-21-at-21.30.22-e1698066037480-300x300.jpeg\" alt=\"K\u00e4siade 2023 Gewinner Emmentaler AOP K\u00e4sereien K\u00e4serei Thundorf\" width=\"300\" height=\"300\" srcset=\"https:\/\/www.emmentaler.ch\/wp-content\/uploads\/2023\/10\/WhatsApp-Image-2023-10-21-at-21.30.22-e1698066037480-300x300.jpeg 300w, https:\/\/www.emmentaler.ch\/wp-content\/uploads\/2023\/10\/WhatsApp-Image-2023-10-21-at-21.30.22-e1698066037480-1024x1024.jpeg 1024w, https:\/\/www.emmentaler.ch\/wp-content\/uploads\/2023\/10\/WhatsApp-Image-2023-10-21-at-21.30.22-e1698066037480-150x150.jpeg 150w, https:\/\/www.emmentaler.ch\/wp-content\/uploads\/2023\/10\/WhatsApp-Image-2023-10-21-at-21.30.22-e1698066037480-768x768.jpeg 768w, https:\/\/www.emmentaler.ch\/wp-content\/uploads\/2023\/10\/WhatsApp-Image-2023-10-21-at-21.30.22-e1698066037480.jpeg 1360w\" sizes=\"(max-width: 300px) 100vw, 300px\" \/><\/div>\n<div dir=\"auto\"><\/div>\n<div class=\"xdj266r x11i5rnm xat24cr x1mh8g0r x1vvkbs x126k92a\">\n<div dir=\"auto\"><strong>Goldmedaille f\u00fcr Thomas Neuenschwander von der <a href=\"https:\/\/www.emmentaler.ch\/de\/kaeserei\/kaeserei-guettingen\" target=\"_blank\" rel=\"noopener\">K\u00e4serei G\u00fcttingen<\/a><\/strong><\/div>\n<div dir=\"auto\"><img loading=\"lazy\" decoding=\"async\" class=\"alignnone wp-image-132942 size-medium\" src=\"https:\/\/www.emmentaler.ch\/wp-content\/uploads\/2023\/10\/WhatsApp-Image-2023-10-21-at-21.30.41-e1698066075945-300x300.jpeg\" alt=\"K\u00e4siade 2023 Gewinner Emmentaler AOP K\u00e4sereien K\u00e4serei G\u00fcttingen\" width=\"300\" height=\"300\" srcset=\"https:\/\/www.emmentaler.ch\/wp-content\/uploads\/2023\/10\/WhatsApp-Image-2023-10-21-at-21.30.41-e1698066075945-300x300.jpeg 300w, https:\/\/www.emmentaler.ch\/wp-content\/uploads\/2023\/10\/WhatsApp-Image-2023-10-21-at-21.30.41-e1698066075945-1024x1024.jpeg 1024w, https:\/\/www.emmentaler.ch\/wp-content\/uploads\/2023\/10\/WhatsApp-Image-2023-10-21-at-21.30.41-e1698066075945-150x150.jpeg 150w, https:\/\/www.emmentaler.ch\/wp-content\/uploads\/2023\/10\/WhatsApp-Image-2023-10-21-at-21.30.41-e1698066075945-768x768.jpeg 768w, https:\/\/www.emmentaler.ch\/wp-content\/uploads\/2023\/10\/WhatsApp-Image-2023-10-21-at-21.30.41-e1698066075945.jpeg 1360w\" sizes=\"(max-width: 300px) 100vw, 300px\" \/><\/div>\n<div dir=\"auto\"><\/div>\n<div dir=\"auto\"><strong>Silbermedaille f\u00fcr Oskar H\u00e4ni von der <a class=\"x1i10hfl xjbqb8w x6umtig x1b1mbwd xaqea5y xav7gou x9f619 x1ypdohk xt0psk2 xe8uvvx xdj266r x11i5rnm xat24cr x1mh8g0r xexx8yu x4uap5 x18d9i69 xkhd6sd x16tdsg8 x1hl2dhg xggy1nq x1a2a7pz xt0b8zv x1qq9wsj xo1l8bm\" role=\"link\" href=\"https:\/\/www.emmentaler.ch\/de\/kaeserei\/kaeserei-oberwil\" target=\"_blank\" rel=\"noopener\"><span class=\"xt0psk2\">K\u00e4serei Oberwil<\/span><\/a><\/strong><\/div>\n<div dir=\"auto\">\n<p><img loading=\"lazy\" decoding=\"async\" class=\"wp-image-132947 size-medium\" src=\"https:\/\/www.emmentaler.ch\/wp-content\/uploads\/2023\/10\/WhatsApp-Image-2023-10-21-at-21.31.01-e1698066167401-300x300.jpeg\" alt=\"K\u00e4siade 2023 Gewinner Emmentaler AOP K\u00e4sereien K\u00e4serei Oberwil\" width=\"300\" height=\"300\" srcset=\"https:\/\/www.emmentaler.ch\/wp-content\/uploads\/2023\/10\/WhatsApp-Image-2023-10-21-at-21.31.01-e1698066167401-300x300.jpeg 300w, https:\/\/www.emmentaler.ch\/wp-content\/uploads\/2023\/10\/WhatsApp-Image-2023-10-21-at-21.31.01-e1698066167401-1024x1024.jpeg 1024w, https:\/\/www.emmentaler.ch\/wp-content\/uploads\/2023\/10\/WhatsApp-Image-2023-10-21-at-21.31.01-e1698066167401-150x150.jpeg 150w, https:\/\/www.emmentaler.ch\/wp-content\/uploads\/2023\/10\/WhatsApp-Image-2023-10-21-at-21.31.01-e1698066167401-768x768.jpeg 768w, https:\/\/www.emmentaler.ch\/wp-content\/uploads\/2023\/10\/WhatsApp-Image-2023-10-21-at-21.31.01-e1698066167401.jpeg 1360w\" sizes=\"(max-width: 300px) 100vw, 300px\" \/><\/p>\n<p>&nbsp;<\/p>\n<\/div>\n<\/div>\n<p>&nbsp;<\/p>\n<p>&nbsp;<\/p>\n<p>&nbsp;<\/p>\n","protected":false},"excerpt":{"rendered":"<p>Alle zwei Jahre veranstaltet der Verband der K\u00e4serei- und Molkereifachleute, eine Vereinigung \u00f6sterreichischer und europ\u00e4ischer K\u00e4sespezialisten, die internationale K\u00e4siade in Hopfgarten. Vom 19. bis 21. Oktober 2023 war es wieder soweit und die internationale Jury bewertete eine Vielzahl der eingereichten Produkte. Wir freuen uns sehr, dass gleich drei Emmentaler AOP K\u00e4sereien zu den Gewinnern geh\u00f6ren. [&hellip;]<\/p>\n","protected":false},"author":6,"featured_media":132954,"comment_status":"closed","ping_status":"closed","sticky":false,"template":"","format":"standard","meta":{"inline_featured_image":false,"footnotes":""},"categories":[1],"tags":[],"et_countries":[],"acf":{"additional_infos_teaser_title":"Drei Medaillen f\u00fcr Emmentaler AOP K\u00e4sereien","additional_infos_related_contents":"","veroffentlichungsdatum":""},"_links":{"self":[{"href":"https:\/\/www.emmentaler.ch\/de\/wp-json\/wp\/v2\/posts\/132910"}],"collection":[{"href":"https:\/\/www.emmentaler.ch\/de\/wp-json\/wp\/v2\/posts"}],"about":[{"href":"https:\/\/www.emmentaler.ch\/de\/wp-json\/wp\/v2\/types\/post"}],"author":[{"embeddable":true,"href":"https:\/\/www.emmentaler.ch\/de\/wp-json\/wp\/v2\/users\/6"}],"replies":[{"embeddable":true,"href":"https:\/\/www.emmentaler.ch\/de\/wp-json\/wp\/v2\/comments?post=132910"}],"version-history":[{"count":10,"href":"https:\/\/www.emmentaler.ch\/de\/wp-json\/wp\/v2\/posts\/132910\/revisions"}],"predecessor-version":[{"id":132966,"href":"https:\/\/www.emmentaler.ch\/de\/wp-json\/wp\/v2\/posts\/132910\/revisions\/132966"}],"wp:featuredmedia":[{"embeddable":true,"href":"https:\/\/www.emmentaler.ch\/de\/wp-json\/wp\/v2\/media\/132954"}],"wp:attachment":[{"href":"https:\/\/www.emmentaler.ch\/de\/wp-json\/wp\/v2\/media?parent=132910"}],"wp:term":[{"taxonomy":"category","embeddable":true,"href":"https:\/\/www.emmentaler.ch\/de\/wp-json\/wp\/v2\/categories?post=132910"},{"taxonomy":"post_tag","embeddable":true,"href":"https:\/\/www.emmentaler.ch\/de\/wp-json\/wp\/v2\/tags?post=132910"},{"taxonomy":"et_countries","embeddable":true,"href":"https:\/\/www.emmentaler.ch\/de\/wp-json\/wp\/v2\/et_countries?post=132910"}],"curies":[{"name":"wp","href":"https:\/\/api.w.org\/{rel}","templated":true}]}}