{"id":133184,"date":"2023-11-06T08:37:53","date_gmt":"2023-11-06T07:37:53","guid":{"rendered":"https:\/\/www.emmentaler.ch\/?p=133184"},"modified":"2023-11-13T13:55:31","modified_gmt":"2023-11-13T12:55:31","slug":"emmentaler-aop-tag-premiere","status":"publish","type":"post","link":"https:\/\/www.emmentaler.ch\/de\/emmentaler-aop-tag-premiere","title":{"rendered":"Emmentaler AOP Tag"},"content":{"rendered":"<p><strong>Emmentaler AOP Tag: Erfolgreiche Premiere mit Matthias Sempach und Zoe Torinesi<\/strong><\/p>\n<p>Was f\u00fcr eine Premiere! Der allererste Emmentaler AOP Tag am 4. November 2023 war mit seinen zahlreichen Besucherinnen und Besuchern ein voller Erfolg. In rund 50 Dorfk\u00e4sereien erlebten grosse und kleine Gourmets die Herstellung des Emmentaler AOP und konnten nach Herzenslust degustieren. Schwingerk\u00f6nig und Emmentaler AOP Milchbauer Matthias \u00abM\u00e4ttu\u00bb Sempach sowie Rezeptautorin und Moderatorin Zoe Torinesi sorgten f\u00fcr die Programm-Highlights in der Emmentaler Schauk\u00e4serei in Affoltern i.E.<\/p>\n<p><strong>Showtime in der Emmentaler Schauk\u00e4serei<\/strong><\/p>\n<p>Zahlreiche Personen, darunter viele Familien, haben am Emmentaler AOP Tag eine der 50 teilnehmenden Dorfk\u00e4sereien besucht, um zu degustieren und 1:1 die Emmentaler AOP Herstellung zu erleben. Selbstredend war am Tag der offenen Emmentaler AOP K\u00e4sereien auch in der Emmentaler Schauk\u00e4serei in Affoltern i.E. viel los. Nicht nur, aber gerade auch wegen den beiden Schweizer Pers\u00f6nlichkeiten und Publikumsmagneten Matthias Sempach, Schwingerk\u00f6nig und Emmentaler AOP Milchbauer, sowie Rezeptautorin und Moderatorin Zoe Torinesi. Das Power-Duo steht sinnbildlich daf\u00fcr, dass der Emmentaler AOP stark und sch\u00f6n macht. \u00abM\u00e4ttu\u00bb holte Gross und Klein beim Handmelken aus der Reserve \u2013 am k\u00fcnstlichen Euter war Fingerspitzengef\u00fchl gefragt. W\u00e4hrend Zoe Torinesi mit ihrem eigens f\u00fcr den Tag kreierten <a href=\"https:\/\/www.emmentaler.ch\/de\/rezept\/lauch-zwiebel-kaesekuchen-mit-speck\">Lauch-Zwiebel K\u00e4sekuchen mit Speck<\/a> kulinarische Inspiration lieferte und zeigte, wie einfach und fein man mit dem Emmentaler AOP kochen kann.<\/p>\n<figure id=\"attachment_133172\" aria-describedby=\"caption-attachment-133172\" style=\"width: 1337px\" class=\"wp-caption alignnone\"><img loading=\"lazy\" decoding=\"async\" class=\" wp-image-133172\" src=\"https:\/\/www.emmentaler.ch\/wp-content\/uploads\/2023\/11\/SempachTorinesi_c_Sedrik-Nemeth1.jpg\" alt=\"\" width=\"1337\" height=\"891\"><figcaption id=\"caption-attachment-133172\" class=\"wp-caption-text\">Affoltern im Emmental , le 4 novembre 2023, Mathias Sempach et Zo\u00e9 Torinesi, ambassadeur de Emmentaler AOP, lors de la premi\u00e8re \u00e9dition de Emmental AOP Day \u00a9 sedrik nemeth<\/figcaption><\/figure>\n<p>Grosser Andrang herrschte auch auf dem K\u00f6nigsweg, der kostenlos besucht werden konnte, sowie bei den Degustationen mit K\u00e4serin G\u00e9rine Oeschger, ihres Zeichens Silbermedaillen-Gewinnerin an den Word Cheese Awards 2023. Urs Schluechter, Direktor von Emmentaler Switzerland, freut sich \u00fcber die tolle Publikumsresonanz: \u00abMit dem Emmentaler AOP Tag wollen wir die hohen Standards, die bei uns hinsichtlich Milchqualit\u00e4t und -herkunft, Tierwohl und Verarbeitung gelten, unmittelbar f\u00fcr die Konsumentinnen und Konsumenten erlebbar machen. Die offenen T\u00fcren repr\u00e4sentieren auch unsere Transparenz und Nachverfolgbarkeit, welche den gesamten Emmentaler AOP Produktionsprozess auszeichnen.\u00bb<\/p>\n<figure id=\"attachment_133185\" aria-describedby=\"caption-attachment-133185\" style=\"width: 600px\" class=\"wp-caption alignnone\"><img loading=\"lazy\" decoding=\"async\" class=\"size-full wp-image-133185\" src=\"https:\/\/www.emmentaler.ch\/wp-content\/uploads\/2023\/11\/L1030494.jpg\" alt=\"\" width=\"600\" height=\"400\" srcset=\"https:\/\/www.emmentaler.ch\/wp-content\/uploads\/2023\/11\/L1030494.jpg 600w, https:\/\/www.emmentaler.ch\/wp-content\/uploads\/2023\/11\/L1030494-300x200.jpg 300w\" sizes=\"(max-width: 600px) 100vw, 600px\" \/><figcaption id=\"caption-attachment-133185\" class=\"wp-caption-text\">Affoltern im Emmental , le 4 novembre 2023, Mathias Sempach et Zo\u00e9 Torinesi, ambassadeur de Emmentaler AOP, lors de la premi\u00e8re \u00e9dition de Emmental AOP Day \u00a9 sedrik nemeth<\/figcaption><\/figure>\n<p>Weitere Bilder zum Emmentaler AOP Tag:<\/p>\n<figure id=\"attachment_133206\" aria-describedby=\"caption-attachment-133206\" style=\"width: 1600px\" class=\"wp-caption alignnone\"><img loading=\"lazy\" decoding=\"async\" class=\"size-full wp-image-133206\" src=\"https:\/\/www.emmentaler.ch\/wp-content\/uploads\/2023\/11\/Kaeserei-Kirchdorf-3.jpg\" alt=\"\" width=\"1600\" height=\"1200\" srcset=\"https:\/\/www.emmentaler.ch\/wp-content\/uploads\/2023\/11\/Kaeserei-Kirchdorf-3.jpg 1600w, https:\/\/www.emmentaler.ch\/wp-content\/uploads\/2023\/11\/Kaeserei-Kirchdorf-3-300x225.jpg 300w, https:\/\/www.emmentaler.ch\/wp-content\/uploads\/2023\/11\/Kaeserei-Kirchdorf-3-1024x768.jpg 1024w, https:\/\/www.emmentaler.ch\/wp-content\/uploads\/2023\/11\/Kaeserei-Kirchdorf-3-768x576.jpg 768w, https:\/\/www.emmentaler.ch\/wp-content\/uploads\/2023\/11\/Kaeserei-Kirchdorf-3-1536x1152.jpg 1536w\" sizes=\"(max-width: 1600px) 100vw, 1600px\" \/><figcaption id=\"caption-attachment-133206\" class=\"wp-caption-text\">K\u00e4serei Kirchdorf<\/figcaption><\/figure>\n<figure id=\"attachment_133243\" aria-describedby=\"caption-attachment-133243\" style=\"width: 1126px\" class=\"wp-caption alignnone\"><img loading=\"lazy\" decoding=\"async\" class=\"wp-image-133243 size-full\" src=\"https:\/\/www.emmentaler.ch\/wp-content\/uploads\/2023\/11\/IMG_3959-e1699270379623.png\" alt=\"\" width=\"1126\" height=\"1601\" srcset=\"https:\/\/www.emmentaler.ch\/wp-content\/uploads\/2023\/11\/IMG_3959-e1699270379623.png 1126w, https:\/\/www.emmentaler.ch\/wp-content\/uploads\/2023\/11\/IMG_3959-e1699270379623-211x300.png 211w, https:\/\/www.emmentaler.ch\/wp-content\/uploads\/2023\/11\/IMG_3959-e1699270379623-720x1024.png 720w, https:\/\/www.emmentaler.ch\/wp-content\/uploads\/2023\/11\/IMG_3959-e1699270379623-768x1092.png 768w, https:\/\/www.emmentaler.ch\/wp-content\/uploads\/2023\/11\/IMG_3959-e1699270379623-1080x1536.png 1080w\" sizes=\"(max-width: 1126px) 100vw, 1126px\" \/><figcaption id=\"caption-attachment-133243\" class=\"wp-caption-text\">K\u00e4serei Ricken am Cheese Festival in Rapperswil-Jona<\/figcaption><\/figure>\n<figure id=\"attachment_133211\" aria-describedby=\"caption-attachment-133211\" style=\"width: 2000px\" class=\"wp-caption alignnone\"><img loading=\"lazy\" decoding=\"async\" class=\"size-full wp-image-133211\" src=\"https:\/\/www.emmentaler.ch\/wp-content\/uploads\/2023\/11\/E-AOP-Tag.jpg\" alt=\"\" width=\"2000\" height=\"1500\" srcset=\"https:\/\/www.emmentaler.ch\/wp-content\/uploads\/2023\/11\/E-AOP-Tag.jpg 2000w, https:\/\/www.emmentaler.ch\/wp-content\/uploads\/2023\/11\/E-AOP-Tag-300x225.jpg 300w, https:\/\/www.emmentaler.ch\/wp-content\/uploads\/2023\/11\/E-AOP-Tag-1024x768.jpg 1024w, https:\/\/www.emmentaler.ch\/wp-content\/uploads\/2023\/11\/E-AOP-Tag-768x576.jpg 768w, https:\/\/www.emmentaler.ch\/wp-content\/uploads\/2023\/11\/E-AOP-Tag-1536x1152.jpg 1536w\" sizes=\"(max-width: 2000px) 100vw, 2000px\" \/><figcaption id=\"caption-attachment-133211\" class=\"wp-caption-text\">K\u00e4serei Uebeschi<\/figcaption><\/figure>\n<figure id=\"attachment_133232\" aria-describedby=\"caption-attachment-133232\" style=\"width: 1600px\" class=\"wp-caption alignnone\"><img loading=\"lazy\" decoding=\"async\" class=\"size-full wp-image-133232\" src=\"https:\/\/www.emmentaler.ch\/wp-content\/uploads\/2023\/11\/Kaeserei-Oberei.jpg\" alt=\"\" width=\"1600\" height=\"1200\" srcset=\"https:\/\/www.emmentaler.ch\/wp-content\/uploads\/2023\/11\/Kaeserei-Oberei.jpg 1600w, https:\/\/www.emmentaler.ch\/wp-content\/uploads\/2023\/11\/Kaeserei-Oberei-300x225.jpg 300w, https:\/\/www.emmentaler.ch\/wp-content\/uploads\/2023\/11\/Kaeserei-Oberei-1024x768.jpg 1024w, https:\/\/www.emmentaler.ch\/wp-content\/uploads\/2023\/11\/Kaeserei-Oberei-768x576.jpg 768w, https:\/\/www.emmentaler.ch\/wp-content\/uploads\/2023\/11\/Kaeserei-Oberei-1536x1152.jpg 1536w\" sizes=\"(max-width: 1600px) 100vw, 1600px\" \/><figcaption id=\"caption-attachment-133232\" class=\"wp-caption-text\">Bergk\u00e4serei Oberei<\/figcaption><\/figure>\n<figure id=\"attachment_133238\" aria-describedby=\"caption-attachment-133238\" style=\"width: 2000px\" class=\"wp-caption alignnone\"><img loading=\"lazy\" decoding=\"async\" class=\"size-full wp-image-133238\" src=\"https:\/\/www.emmentaler.ch\/wp-content\/uploads\/2023\/11\/Kaeserei-Oberwil.jpg\" alt=\"\" width=\"2000\" height=\"1500\" srcset=\"https:\/\/www.emmentaler.ch\/wp-content\/uploads\/2023\/11\/Kaeserei-Oberwil.jpg 2000w, https:\/\/www.emmentaler.ch\/wp-content\/uploads\/2023\/11\/Kaeserei-Oberwil-300x225.jpg 300w, https:\/\/www.emmentaler.ch\/wp-content\/uploads\/2023\/11\/Kaeserei-Oberwil-1024x768.jpg 1024w, https:\/\/www.emmentaler.ch\/wp-content\/uploads\/2023\/11\/Kaeserei-Oberwil-768x576.jpg 768w, https:\/\/www.emmentaler.ch\/wp-content\/uploads\/2023\/11\/Kaeserei-Oberwil-1536x1152.jpg 1536w\" sizes=\"(max-width: 2000px) 100vw, 2000px\" \/><figcaption id=\"caption-attachment-133238\" class=\"wp-caption-text\">K\u00e4serei Oberwil<\/figcaption><\/figure>\n<figure id=\"attachment_133255\" aria-describedby=\"caption-attachment-133255\" style=\"width: 400px\" class=\"wp-caption alignnone\"><img loading=\"lazy\" decoding=\"async\" class=\"size-full wp-image-133255\" src=\"https:\/\/www.emmentaler.ch\/wp-content\/uploads\/2023\/11\/L1030265.jpg\" alt=\"\" width=\"400\" height=\"600\" srcset=\"https:\/\/www.emmentaler.ch\/wp-content\/uploads\/2023\/11\/L1030265.jpg 400w, https:\/\/www.emmentaler.ch\/wp-content\/uploads\/2023\/11\/L1030265-200x300.jpg 200w\" sizes=\"(max-width: 400px) 100vw, 400px\" \/><figcaption id=\"caption-attachment-133255\" class=\"wp-caption-text\">Affoltern im Emmental , le 4 novembre 2023, Mathias Sempach et Zo\u00e9 Torinesi, ambassadeur de Emmentaler AOP, lors de la premi\u00e8re \u00e9dition de Emmental AOP Day \u00a9 sedrik nemeth<\/figcaption><\/figure>\n<p>&nbsp;<\/p>\n<p>&nbsp;<\/p>\n<p>&nbsp;<\/p>\n<p>&nbsp;<\/p>\n<p>&nbsp;<\/p>\n<p>&nbsp;<\/p>\n<p>&nbsp;<\/p>\n<p>&nbsp;<\/p>\n<p>&nbsp;<\/p>\n<p>&nbsp;<\/p>\n<p>&nbsp;<\/p>\n<p>&nbsp;<\/p>\n<p>&nbsp;<\/p>\n<p>&nbsp;<\/p>\n","protected":false},"excerpt":{"rendered":"<p>Emmentaler AOP Tag: Erfolgreiche Premiere mit Matthias Sempach und Zoe Torinesi Was f\u00fcr eine Premiere! Der allererste Emmentaler AOP Tag am 4. November 2023 war mit seinen zahlreichen Besucherinnen und Besuchern ein voller Erfolg. In rund 50 Dorfk\u00e4sereien erlebten grosse und kleine Gourmets die Herstellung des Emmentaler AOP und konnten nach Herzenslust degustieren. Schwingerk\u00f6nig und [&hellip;]<\/p>\n","protected":false},"author":17,"featured_media":133190,"comment_status":"closed","ping_status":"closed","sticky":false,"template":"","format":"standard","meta":{"inline_featured_image":false,"footnotes":""},"categories":[1],"tags":[],"et_countries":[],"acf":{"additional_infos_teaser_title":"Erfolgreiche Premiere ","additional_infos_related_contents":"","veroffentlichungsdatum":"4. November 2023"},"_links":{"self":[{"href":"https:\/\/www.emmentaler.ch\/de\/wp-json\/wp\/v2\/posts\/133184"}],"collection":[{"href":"https:\/\/www.emmentaler.ch\/de\/wp-json\/wp\/v2\/posts"}],"about":[{"href":"https:\/\/www.emmentaler.ch\/de\/wp-json\/wp\/v2\/types\/post"}],"author":[{"embeddable":true,"href":"https:\/\/www.emmentaler.ch\/de\/wp-json\/wp\/v2\/users\/17"}],"replies":[{"embeddable":true,"href":"https:\/\/www.emmentaler.ch\/de\/wp-json\/wp\/v2\/comments?post=133184"}],"version-history":[{"count":12,"href":"https:\/\/www.emmentaler.ch\/de\/wp-json\/wp\/v2\/posts\/133184\/revisions"}],"predecessor-version":[{"id":133444,"href":"https:\/\/www.emmentaler.ch\/de\/wp-json\/wp\/v2\/posts\/133184\/revisions\/133444"}],"wp:featuredmedia":[{"embeddable":true,"href":"https:\/\/www.emmentaler.ch\/de\/wp-json\/wp\/v2\/media\/133190"}],"wp:attachment":[{"href":"https:\/\/www.emmentaler.ch\/de\/wp-json\/wp\/v2\/media?parent=133184"}],"wp:term":[{"taxonomy":"category","embeddable":true,"href":"https:\/\/www.emmentaler.ch\/de\/wp-json\/wp\/v2\/categories?post=133184"},{"taxonomy":"post_tag","embeddable":true,"href":"https:\/\/www.emmentaler.ch\/de\/wp-json\/wp\/v2\/tags?post=133184"},{"taxonomy":"et_countries","embeddable":true,"href":"https:\/\/www.emmentaler.ch\/de\/wp-json\/wp\/v2\/et_countries?post=133184"}],"curies":[{"name":"wp","href":"https:\/\/api.w.org\/{rel}","templated":true}]}}