{"id":134384,"date":"2024-01-22T10:38:43","date_gmt":"2024-01-22T09:38:43","guid":{"rendered":"https:\/\/www.emmentaler.ch\/?p=134384"},"modified":"2024-01-22T10:38:43","modified_gmt":"2024-01-22T09:38:43","slug":"internationale-gruene-woche-in-berlin","status":"publish","type":"post","link":"https:\/\/www.emmentaler.ch\/de\/internationale-gruene-woche-in-berlin","title":{"rendered":"Internationale Gr\u00fcne Woche in Berlin"},"content":{"rendered":"<p><strong>Internationale Gr\u00fcne Woche (IGW) &#8211; Publikumsmesse<\/strong><\/p>\n<p>Die Messe findet vom 19. bis 28. Januar 2024 in Berlin statt, sie gilt als wichtigstes Schaufenster der Land- und Ern\u00e4hrungswirtschaft. Mit rund 300&#8217;000 erwarteten Besucherinnen und Besucher bietet die Messe einen einzigartigen Einblick in die Vielfalt und Qualit\u00e4t der Lebensmittelbranche.<\/p>\n<p>Auch der Emmentaler AOP K\u00e4se ist an der Messe mit einem Stand vertreten. Die Besucher und Besucherinnen haben die Gelegenheit, das einzigartige Geschmackserlebnis des K\u00e4ses zu erleben und sich von seiner Qualit\u00e4t zu \u00fcberzeugen.<\/p>\n<p>Der Stand vom Emmentaler AOP wurde von bekannten Pers\u00f6nlichkeiten aus der Politik und Landwirtschaft besucht. Der originale Emmentaler AOP K\u00e4se zieht die Aufmerksamkeit auf sich.<\/p>\n<p><img loading=\"lazy\" decoding=\"async\" class=\"alignnone wp-image-134420 size-large\" src=\"https:\/\/www.emmentaler.ch\/wp-content\/uploads\/2024\/01\/Emmentaler-AOP-Kaese-Laib_Gruene-Woche-Berlin-2024-scaled-e1705915942919-1-e1705916208860-689x1024.jpeg\" alt=\"\" width=\"689\" height=\"1024\" srcset=\"https:\/\/www.emmentaler.ch\/wp-content\/uploads\/2024\/01\/Emmentaler-AOP-Kaese-Laib_Gruene-Woche-Berlin-2024-scaled-e1705915942919-1-e1705916208860-689x1024.jpeg 689w, https:\/\/www.emmentaler.ch\/wp-content\/uploads\/2024\/01\/Emmentaler-AOP-Kaese-Laib_Gruene-Woche-Berlin-2024-scaled-e1705915942919-1-e1705916208860-202x300.jpeg 202w, https:\/\/www.emmentaler.ch\/wp-content\/uploads\/2024\/01\/Emmentaler-AOP-Kaese-Laib_Gruene-Woche-Berlin-2024-scaled-e1705915942919-1-e1705916208860-768x1141.jpeg 768w, https:\/\/www.emmentaler.ch\/wp-content\/uploads\/2024\/01\/Emmentaler-AOP-Kaese-Laib_Gruene-Woche-Berlin-2024-scaled-e1705915942919-1-e1705916208860-1034x1536.jpeg 1034w, https:\/\/www.emmentaler.ch\/wp-content\/uploads\/2024\/01\/Emmentaler-AOP-Kaese-Laib_Gruene-Woche-Berlin-2024-scaled-e1705915942919-1-e1705916208860-1379x2048.jpeg 1379w, https:\/\/www.emmentaler.ch\/wp-content\/uploads\/2024\/01\/Emmentaler-AOP-Kaese-Laib_Gruene-Woche-Berlin-2024-scaled-e1705915942919-1-e1705916208860.jpeg 1582w\" sizes=\"(max-width: 689px) 100vw, 689px\" \/><\/p>\n<p>Besten Dank den Damen und Herren f\u00fcr ihr Kommen &#8211; <a href=\"https:\/\/www.emmentaler.ch\/de\/share-a-piece-of-you\" target=\"_blank\" rel=\"noopener\">Share a piece of you<\/a>: Cem \u00d6zdemir, Bundesminister Ern\u00e4hrung und Landwirtschaft der Bundesrepublik Deutschland; loachim Rukwied, Pr\u00e4sident des Deutschen Bauernverbandes; Kai Wegner, Regierender B\u00fcrgermeister Berlin; Livia Leu, Schweizer Botschafterin in Deutschland; Christian Hofer, Direktor des Bundesamtes f\u00fcr Landwirtschaft (BLW); Jean-Marc Chappuis, Stv. Direktor des Bundesamtes f\u00fcr Landwirtschaft (BLW); Boris Beuret, Pr\u00e4sident Schweizer Milchproduzenten (SMP); Urs Schneider, Stv. Direktor des Schweiz. Bauernverbandes (bis Ende 2023) und Pr\u00e4sident von Agro-Marketing Suisse (AMS); Michel Darbellay, Leiter Dep. Produktion, Maerkte&amp;\u00d6kologie des Schweiz. Bauernverbandes; Leo Mueller, Nationalrat LU; Martin Spahr, Switzerland Cheese Marketing und viele, viele mehr.<\/p>\n<p>Weitere Informationen zur <a href=\"https:\/\/www.gruenewoche.de\/de\/\" target=\"_blank\" rel=\"noopener nofollow\">Messe Internationale Gr\u00fcne Woche.<\/a><\/p>\n<p>&nbsp;<\/p>\n<p>&nbsp;<\/p>\n<p>&nbsp;<\/p>\n<p>&nbsp;<\/p>\n<p>&nbsp;<\/p>\n<p>&nbsp;<\/p>\n<p>&nbsp;<\/p>\n<p>&nbsp;<\/p>\n<p>&nbsp;<\/p>\n<p>&nbsp;<\/p>\n<p>&nbsp;<\/p>\n<p>&nbsp;<\/p>\n<p>&nbsp;<\/p>\n<p>&nbsp;<\/p>\n","protected":false},"excerpt":{"rendered":"<p>Internationale Gr\u00fcne Woche (IGW) &#8211; Publikumsmesse Die Messe findet vom 19. bis 28. Januar 2024 in Berlin statt, sie gilt als wichtigstes Schaufenster der Land- und Ern\u00e4hrungswirtschaft. Mit rund 300&#8217;000 erwarteten Besucherinnen und Besucher bietet die Messe einen einzigartigen Einblick in die Vielfalt und Qualit\u00e4t der Lebensmittelbranche. Auch der Emmentaler AOP K\u00e4se ist an der [&hellip;]<\/p>\n","protected":false},"author":17,"featured_media":134390,"comment_status":"closed","ping_status":"closed","sticky":false,"template":"","format":"standard","meta":{"inline_featured_image":false,"footnotes":""},"categories":[1],"tags":[],"et_countries":[103,104],"acf":{"additional_infos_teaser_title":"Emmentaler AOP an der Publikumsmesse in Deutschland","additional_infos_related_contents":"","veroffentlichungsdatum":"22. Januar 2024"},"_links":{"self":[{"href":"https:\/\/www.emmentaler.ch\/de\/wp-json\/wp\/v2\/posts\/134384"}],"collection":[{"href":"https:\/\/www.emmentaler.ch\/de\/wp-json\/wp\/v2\/posts"}],"about":[{"href":"https:\/\/www.emmentaler.ch\/de\/wp-json\/wp\/v2\/types\/post"}],"author":[{"embeddable":true,"href":"https:\/\/www.emmentaler.ch\/de\/wp-json\/wp\/v2\/users\/17"}],"replies":[{"embeddable":true,"href":"https:\/\/www.emmentaler.ch\/de\/wp-json\/wp\/v2\/comments?post=134384"}],"version-history":[{"count":20,"href":"https:\/\/www.emmentaler.ch\/de\/wp-json\/wp\/v2\/posts\/134384\/revisions"}],"predecessor-version":[{"id":134426,"href":"https:\/\/www.emmentaler.ch\/de\/wp-json\/wp\/v2\/posts\/134384\/revisions\/134426"}],"wp:featuredmedia":[{"embeddable":true,"href":"https:\/\/www.emmentaler.ch\/de\/wp-json\/wp\/v2\/media\/134390"}],"wp:attachment":[{"href":"https:\/\/www.emmentaler.ch\/de\/wp-json\/wp\/v2\/media?parent=134384"}],"wp:term":[{"taxonomy":"category","embeddable":true,"href":"https:\/\/www.emmentaler.ch\/de\/wp-json\/wp\/v2\/categories?post=134384"},{"taxonomy":"post_tag","embeddable":true,"href":"https:\/\/www.emmentaler.ch\/de\/wp-json\/wp\/v2\/tags?post=134384"},{"taxonomy":"et_countries","embeddable":true,"href":"https:\/\/www.emmentaler.ch\/de\/wp-json\/wp\/v2\/et_countries?post=134384"}],"curies":[{"name":"wp","href":"https:\/\/api.w.org\/{rel}","templated":true}]}}