{"id":135128,"date":"2024-03-22T13:14:17","date_gmt":"2024-03-22T12:14:17","guid":{"rendered":"https:\/\/www.emmentaler.ch\/?p=135128"},"modified":"2024-07-03T13:05:03","modified_gmt":"2024-07-03T11:05:03","slug":"cheesy-inspiration-kaesehaus","status":"publish","type":"post","link":"https:\/\/www.emmentaler.ch\/de\/cheesy-inspiration-kaesehaus","title":{"rendered":"K\u00e4sehaus"},"content":{"rendered":"<p>Lasst eurer Kreativit\u00e4t freien Lauf und gestaltet einen Ap\u00e9ro in 3D! Der Star dieses K\u00e4sehauses ist der Emmentaler AOP, der die W\u00e4nde des Hauses bildet. Knusprige Cracker werden zum Dach und Frischk\u00e4se h\u00e4lt die Elemente geschmackvoll zusammen. Rosmarin, schwarze Oliven, rote Pfefferk\u00f6rner, Peperoni, Karotten und Gurken dienen als charmante Dekorationselemente.<\/p>\n","protected":false},"excerpt":{"rendered":"<p>Lasst eurer Kreativit\u00e4t freien Lauf und gestaltet einen Ap\u00e9ro in 3D! Der Star dieses K\u00e4sehauses ist der Emmentaler AOP, der die W\u00e4nde des Hauses bildet. Knusprige Cracker werden zum Dach und Frischk\u00e4se h\u00e4lt die Elemente geschmackvoll zusammen. Rosmarin, schwarze Oliven, rote Pfefferk\u00f6rner, Peperoni, Karotten und Gurken dienen als charmante Dekorationselemente.<\/p>\n","protected":false},"author":2,"featured_media":133962,"comment_status":"closed","ping_status":"closed","sticky":false,"template":"","format":"standard","meta":{"inline_featured_image":false,"footnotes":""},"categories":[781,779],"tags":[],"et_countries":[],"acf":[],"_links":{"self":[{"href":"https:\/\/www.emmentaler.ch\/de\/wp-json\/wp\/v2\/posts\/135128"}],"collection":[{"href":"https:\/\/www.emmentaler.ch\/de\/wp-json\/wp\/v2\/posts"}],"about":[{"href":"https:\/\/www.emmentaler.ch\/de\/wp-json\/wp\/v2\/types\/post"}],"author":[{"embeddable":true,"href":"https:\/\/www.emmentaler.ch\/de\/wp-json\/wp\/v2\/users\/2"}],"replies":[{"embeddable":true,"href":"https:\/\/www.emmentaler.ch\/de\/wp-json\/wp\/v2\/comments?post=135128"}],"version-history":[{"count":3,"href":"https:\/\/www.emmentaler.ch\/de\/wp-json\/wp\/v2\/posts\/135128\/revisions"}],"predecessor-version":[{"id":135339,"href":"https:\/\/www.emmentaler.ch\/de\/wp-json\/wp\/v2\/posts\/135128\/revisions\/135339"}],"wp:featuredmedia":[{"embeddable":true,"href":"https:\/\/www.emmentaler.ch\/de\/wp-json\/wp\/v2\/media\/133962"}],"wp:attachment":[{"href":"https:\/\/www.emmentaler.ch\/de\/wp-json\/wp\/v2\/media?parent=135128"}],"wp:term":[{"taxonomy":"category","embeddable":true,"href":"https:\/\/www.emmentaler.ch\/de\/wp-json\/wp\/v2\/categories?post=135128"},{"taxonomy":"post_tag","embeddable":true,"href":"https:\/\/www.emmentaler.ch\/de\/wp-json\/wp\/v2\/tags?post=135128"},{"taxonomy":"et_countries","embeddable":true,"href":"https:\/\/www.emmentaler.ch\/de\/wp-json\/wp\/v2\/et_countries?post=135128"}],"curies":[{"name":"wp","href":"https:\/\/api.w.org\/{rel}","templated":true}]}}