{"id":135134,"date":"2024-03-22T13:16:14","date_gmt":"2024-03-22T12:16:14","guid":{"rendered":"https:\/\/www.emmentaler.ch\/?p=135134"},"modified":"2024-07-03T13:00:48","modified_gmt":"2024-07-03T11:00:48","slug":"cheesy-inspiration-schneemaenner","status":"publish","type":"post","link":"https:\/\/www.emmentaler.ch\/de\/cheesy-inspiration-schneemaenner","title":{"rendered":"Schneem\u00e4nner"},"content":{"rendered":"<p>Schneem\u00e4nner bringen den Winter auf den Tisch: Einfach K\u00e4sekreise in verschiedenen Gr\u00f6ssen ausstechen und aufeinander stapeln. Aus Toast und Gurken wird ein Schal, Salzstangen dienen als Arme. Eine Chilischote als Nase und schwarze Pfefferk\u00f6rner als Augen. F\u00fcr einen gr\u00fcnen Akzent kannst du eine Petersilie als Besen und ein halbes Radieschen mit Stiel als Hut verwenden.<\/p>\n","protected":false},"excerpt":{"rendered":"<p>Schneem\u00e4nner bringen den Winter auf den Tisch: Einfach K\u00e4sekreise in verschiedenen Gr\u00f6ssen ausstechen und aufeinander stapeln. Aus Toast und Gurken wird ein Schal, Salzstangen dienen als Arme. Eine Chilischote als Nase und schwarze Pfefferk\u00f6rner als Augen. F\u00fcr einen gr\u00fcnen Akzent kannst du eine Petersilie als Besen und ein halbes Radieschen mit Stiel als Hut verwenden.<\/p>\n","protected":false},"author":2,"featured_media":133972,"comment_status":"closed","ping_status":"closed","sticky":false,"template":"","format":"standard","meta":{"inline_featured_image":false,"footnotes":""},"categories":[781,779],"tags":[],"et_countries":[],"acf":[],"_links":{"self":[{"href":"https:\/\/www.emmentaler.ch\/de\/wp-json\/wp\/v2\/posts\/135134"}],"collection":[{"href":"https:\/\/www.emmentaler.ch\/de\/wp-json\/wp\/v2\/posts"}],"about":[{"href":"https:\/\/www.emmentaler.ch\/de\/wp-json\/wp\/v2\/types\/post"}],"author":[{"embeddable":true,"href":"https:\/\/www.emmentaler.ch\/de\/wp-json\/wp\/v2\/users\/2"}],"replies":[{"embeddable":true,"href":"https:\/\/www.emmentaler.ch\/de\/wp-json\/wp\/v2\/comments?post=135134"}],"version-history":[{"count":4,"href":"https:\/\/www.emmentaler.ch\/de\/wp-json\/wp\/v2\/posts\/135134\/revisions"}],"predecessor-version":[{"id":137612,"href":"https:\/\/www.emmentaler.ch\/de\/wp-json\/wp\/v2\/posts\/135134\/revisions\/137612"}],"wp:featuredmedia":[{"embeddable":true,"href":"https:\/\/www.emmentaler.ch\/de\/wp-json\/wp\/v2\/media\/133972"}],"wp:attachment":[{"href":"https:\/\/www.emmentaler.ch\/de\/wp-json\/wp\/v2\/media?parent=135134"}],"wp:term":[{"taxonomy":"category","embeddable":true,"href":"https:\/\/www.emmentaler.ch\/de\/wp-json\/wp\/v2\/categories?post=135134"},{"taxonomy":"post_tag","embeddable":true,"href":"https:\/\/www.emmentaler.ch\/de\/wp-json\/wp\/v2\/tags?post=135134"},{"taxonomy":"et_countries","embeddable":true,"href":"https:\/\/www.emmentaler.ch\/de\/wp-json\/wp\/v2\/et_countries?post=135134"}],"curies":[{"name":"wp","href":"https:\/\/api.w.org\/{rel}","templated":true}]}}