{"id":135137,"date":"2024-03-22T13:17:12","date_gmt":"2024-03-22T12:17:12","guid":{"rendered":"https:\/\/www.emmentaler.ch\/?p=135137"},"modified":"2024-07-03T12:58:46","modified_gmt":"2024-07-03T10:58:46","slug":"cheesy-inspiration-weihnachtsbaeume","status":"publish","type":"post","link":"https:\/\/www.emmentaler.ch\/de\/cheesy-inspiration-weihnachtsbaeume","title":{"rendered":"Weihnachtsb\u00e4ume"},"content":{"rendered":"<p>Mit K\u00e4se-Weihnachtsb\u00e4umen die Wintertage versch\u00f6nern: Einfach Sterne in verschiedenen Gr\u00f6ssen aus Emmentaler AOP Scheiben ausstechen und \u00fcbereinander schichten. Nach Belieben mit gehackten Zwiebeln, Petersilie, Pfeffer oder anderen Gew\u00fcrzen belegen. F\u00fcr einen gr\u00fcnen Twist noch einen kleinen Gurkenstern oben drauf und fertig ist der feine Weihnachtsbaum!<\/p>\n","protected":false},"excerpt":{"rendered":"<p>Mit K\u00e4se-Weihnachtsb\u00e4umen die Wintertage versch\u00f6nern: Einfach Sterne in verschiedenen Gr\u00f6ssen aus Emmentaler AOP Scheiben ausstechen und \u00fcbereinander schichten. Nach Belieben mit gehackten Zwiebeln, Petersilie, Pfeffer oder anderen Gew\u00fcrzen belegen. F\u00fcr einen gr\u00fcnen Twist noch einen kleinen Gurkenstern oben drauf und fertig ist der feine Weihnachtsbaum!<\/p>\n","protected":false},"author":2,"featured_media":133798,"comment_status":"closed","ping_status":"closed","sticky":false,"template":"","format":"standard","meta":{"inline_featured_image":false,"footnotes":""},"categories":[781,779],"tags":[],"et_countries":[],"acf":[],"_links":{"self":[{"href":"https:\/\/www.emmentaler.ch\/de\/wp-json\/wp\/v2\/posts\/135137"}],"collection":[{"href":"https:\/\/www.emmentaler.ch\/de\/wp-json\/wp\/v2\/posts"}],"about":[{"href":"https:\/\/www.emmentaler.ch\/de\/wp-json\/wp\/v2\/types\/post"}],"author":[{"embeddable":true,"href":"https:\/\/www.emmentaler.ch\/de\/wp-json\/wp\/v2\/users\/2"}],"replies":[{"embeddable":true,"href":"https:\/\/www.emmentaler.ch\/de\/wp-json\/wp\/v2\/comments?post=135137"}],"version-history":[{"count":3,"href":"https:\/\/www.emmentaler.ch\/de\/wp-json\/wp\/v2\/posts\/135137\/revisions"}],"predecessor-version":[{"id":135336,"href":"https:\/\/www.emmentaler.ch\/de\/wp-json\/wp\/v2\/posts\/135137\/revisions\/135336"}],"wp:featuredmedia":[{"embeddable":true,"href":"https:\/\/www.emmentaler.ch\/de\/wp-json\/wp\/v2\/media\/133798"}],"wp:attachment":[{"href":"https:\/\/www.emmentaler.ch\/de\/wp-json\/wp\/v2\/media?parent=135137"}],"wp:term":[{"taxonomy":"category","embeddable":true,"href":"https:\/\/www.emmentaler.ch\/de\/wp-json\/wp\/v2\/categories?post=135137"},{"taxonomy":"post_tag","embeddable":true,"href":"https:\/\/www.emmentaler.ch\/de\/wp-json\/wp\/v2\/tags?post=135137"},{"taxonomy":"et_countries","embeddable":true,"href":"https:\/\/www.emmentaler.ch\/de\/wp-json\/wp\/v2\/et_countries?post=135137"}],"curies":[{"name":"wp","href":"https:\/\/api.w.org\/{rel}","templated":true}]}}