{"id":136484,"date":"2024-05-01T14:39:17","date_gmt":"2024-05-01T12:39:17","guid":{"rendered":"https:\/\/www.emmentaler.ch\/?p=136484"},"modified":"2024-07-15T16:08:56","modified_gmt":"2024-07-15T14:08:56","slug":"chaes-griller","status":"publish","type":"post","link":"https:\/\/www.emmentaler.ch\/de\/chaes-griller","title":{"rendered":"\u00abCh\u00e4s-Griller\u00bb zum Teilen"},"content":{"rendered":"<h2><strong>Die \u00abCh\u00e4s-Griller\u00bb mit Emmentaler AOP er\u00f6ffnen die Grillsaison<\/strong><\/h2>\n<p><strong>Grill-Liebhaber:innen d\u00fcrfen sich f\u00fcr die bevorstehende Saison auf neue schmackhafte Emmentaler AOP-Momente freuen: Ab sofort erobern die \u00abCh\u00e4s-Griller\u00bb die Grillroste der Schweiz. Die feine K\u00e4sespezialit\u00e4t gibt es als \u00abCh\u00e4s-Griller\u00bb im Duo-Pack oder als \u00abMini Ch\u00e4s-Griller\u00bb im Sechser-Pack in den Varianten \u00abNatur\u00bb und \u00abGer\u00e4uchert\u00bb. Sie sind in den Filialen der Migros Aare ab CHF 5.70 erh\u00e4ltlich.\u00a0<\/strong><\/p>\n<p><strong>\u00a0<\/strong><\/p>\n<p><strong>Zwei Reifegrade \u2013 ein facettenreiches Geschmackserlebnis<\/strong><\/p>\n<p>Die \u00abCh\u00e4s-Griller\u00bb mit Emmentaler AOP bringen mit der feinen Alternative zur klassischen Fleischwurst frischen Wind auf den Grill. Der Vertriebspartner von Emmentaler Switzerland \u00abVom Ch\u00e4ser\u00bb lanciert den neuen Genuss-Hit f\u00fcr die aktuelle BBQ-Saison. Bestehend aus einer Kombination der beiden Reifegrade <a href=\"https:\/\/www.emmentaler.ch\/de\/sorte\/mild-classic\">Emmentaler AOP Mild<\/a> (leicht s\u00fcsslich) und <a href=\"https:\/\/www.emmentaler.ch\/de\/sorte\/hoehlengereift\">Emmentaler AOP H\u00f6hlengereift<\/a> (w\u00fcrzig-herb) \u00fcberzeugen die \u00abCh\u00e4s-Griller\u00bb mit hervorragendem Geschmack.<\/p>\n<p>&nbsp;<\/p>\n<p><strong>Grill-Spass f\u00fcr den grossen und kleinen Hunger \u2013 oder zum Teilen<\/strong><\/p>\n<p>Zusammen mit einem frischen Salat oder mariniertem Gem\u00fcse komplettieren die \u00abCh\u00e4s-Griller\u00bb den perfekten Grill-Tag mit Familie und Freunden. Die K\u00e4sespezialit\u00e4t gibt es in zwei unterschiedlichen Gr\u00f6ssen: Die Mini Ch\u00e4s-Griller (6\u00a0x\u00a020\u00a0g) in Form der beliebten Cipollatas f\u00fcr den kleinen oder die Ch\u00e4s-Griller (2\u00a0x\u00a0100\u00a0g) in derjenigen eines klassischen Cervelats f\u00fcr den grossen Hunger \u2013 beides auch optimal zum Teilen. Die Produkte lassen sich ganz einfach auf dem Grillrost oder alternativ auch in der Pfanne zubereiten und erhalten dabei eine feine Kruste.<\/p>\n<p>Die Innovation wurde in Zusammenarbeit mit einem Metzger und einem K\u00e4se-Affineur entwickelt. Die genussvolle Emmentaler AOP-Spezialit\u00e4t ist in ausgew\u00e4hlten Migros-Aare-Filialen erh\u00e4ltlich, dazu geh\u00f6ren unter anderem die Migros-Filialen in Aarau, Bern und Solothurn.<\/p>\n<p>&nbsp;<\/p>\n<p>Die \u00abCh\u00e4s-Griller\u00bb sind ab sofort im Sechser-Pack (6\u00a0x\u00a020\u00a0g) f\u00fcr CHF 5.70 und im Duo (2\u00a0x\u00a0100\u00a0g) zu einem Preis von CHF 6.90 erh\u00e4ltlich.<\/p>\n<p>&nbsp;<\/p>\n<p><img loading=\"lazy\" decoding=\"async\" class=\"alignnone wp-image-136505 size-full\" src=\"https:\/\/www.emmentaler.ch\/wp-content\/uploads\/2024\/04\/Chaes-Griller_4.jpg\" alt=\"\" width=\"2000\" height=\"1333\" srcset=\"https:\/\/www.emmentaler.ch\/wp-content\/uploads\/2024\/04\/Chaes-Griller_4.jpg 2000w, https:\/\/www.emmentaler.ch\/wp-content\/uploads\/2024\/04\/Chaes-Griller_4-300x200.jpg 300w, https:\/\/www.emmentaler.ch\/wp-content\/uploads\/2024\/04\/Chaes-Griller_4-1024x682.jpg 1024w, https:\/\/www.emmentaler.ch\/wp-content\/uploads\/2024\/04\/Chaes-Griller_4-768x512.jpg 768w, https:\/\/www.emmentaler.ch\/wp-content\/uploads\/2024\/04\/Chaes-Griller_4-1536x1024.jpg 1536w\" sizes=\"(max-width: 2000px) 100vw, 2000px\" \/><\/p>\n<p><img loading=\"lazy\" decoding=\"async\" class=\"alignleft wp-image-136495 size-medium\" src=\"https:\/\/www.emmentaler.ch\/wp-content\/uploads\/2024\/04\/Chaes-Griller_Packshot_mini-203x300.png\" alt=\"\" width=\"203\" height=\"300\" srcset=\"https:\/\/www.emmentaler.ch\/wp-content\/uploads\/2024\/04\/Chaes-Griller_Packshot_mini-203x300.png 203w, https:\/\/www.emmentaler.ch\/wp-content\/uploads\/2024\/04\/Chaes-Griller_Packshot_mini-693x1024.png 693w, https:\/\/www.emmentaler.ch\/wp-content\/uploads\/2024\/04\/Chaes-Griller_Packshot_mini-768x1134.png 768w, https:\/\/www.emmentaler.ch\/wp-content\/uploads\/2024\/04\/Chaes-Griller_Packshot_mini-1040x1536.png 1040w, https:\/\/www.emmentaler.ch\/wp-content\/uploads\/2024\/04\/Chaes-Griller_Packshot_mini-1387x2048.png 1387w, https:\/\/www.emmentaler.ch\/wp-content\/uploads\/2024\/04\/Chaes-Griller_Packshot_mini.png 1728w\" sizes=\"(max-width: 203px) 100vw, 203px\" \/> <img loading=\"lazy\" decoding=\"async\" class=\"alignnone wp-image-136500 size-medium\" src=\"https:\/\/www.emmentaler.ch\/wp-content\/uploads\/2024\/04\/Chaes-Griller_Packshot-170x300.png\" alt=\"\" width=\"170\" height=\"300\" srcset=\"https:\/\/www.emmentaler.ch\/wp-content\/uploads\/2024\/04\/Chaes-Griller_Packshot-170x300.png 170w, https:\/\/www.emmentaler.ch\/wp-content\/uploads\/2024\/04\/Chaes-Griller_Packshot-579x1024.png 579w, https:\/\/www.emmentaler.ch\/wp-content\/uploads\/2024\/04\/Chaes-Griller_Packshot-768x1357.png 768w, https:\/\/www.emmentaler.ch\/wp-content\/uploads\/2024\/04\/Chaes-Griller_Packshot-869x1536.png 869w, https:\/\/www.emmentaler.ch\/wp-content\/uploads\/2024\/04\/Chaes-Griller_Packshot-1159x2048.png 1159w\" sizes=\"(max-width: 170px) 100vw, 170px\" \/><\/p>\n<p><img loading=\"lazy\" decoding=\"async\" class=\"alignnone size-full wp-image-136797\" src=\"https:\/\/www.emmentaler.ch\/wp-content\/uploads\/2024\/05\/Emmentaler_AOP-Chaes_Griller.png\" alt=\"\" width=\"1333\" height=\"635\" srcset=\"https:\/\/www.emmentaler.ch\/wp-content\/uploads\/2024\/05\/Emmentaler_AOP-Chaes_Griller.png 1333w, https:\/\/www.emmentaler.ch\/wp-content\/uploads\/2024\/05\/Emmentaler_AOP-Chaes_Griller-300x143.png 300w, https:\/\/www.emmentaler.ch\/wp-content\/uploads\/2024\/05\/Emmentaler_AOP-Chaes_Griller-1024x488.png 1024w, https:\/\/www.emmentaler.ch\/wp-content\/uploads\/2024\/05\/Emmentaler_AOP-Chaes_Griller-768x366.png 768w\" sizes=\"(max-width: 1333px) 100vw, 1333px\" \/><\/p>\n<p>&nbsp;<\/p>\n<h2>Aktuelle Medienbeitr\u00e4ge<\/h2>\n<p>&nbsp;<\/p>\n<p><a href=\"https:\/\/www.emmentaler.ch\/wp-content\/uploads\/2024\/07\/Chaes-Griller.pdf\">SonntagsZeitung &#8211; 14. Juli 2024<\/a><\/p>\n<p><a href=\"https:\/\/www.emmentaler.ch\/wp-content\/uploads\/2024\/07\/Chaes-Griller.pdf\"><img loading=\"lazy\" decoding=\"async\" class=\"alignnone size-full wp-image-137743\" src=\"https:\/\/www.emmentaler.ch\/wp-content\/uploads\/2024\/05\/Chaes-Griller-Sonntags-Zeitung.jpg\" alt=\"\" width=\"201\" height=\"369\" srcset=\"https:\/\/www.emmentaler.ch\/wp-content\/uploads\/2024\/05\/Chaes-Griller-Sonntags-Zeitung.jpg 201w, https:\/\/www.emmentaler.ch\/wp-content\/uploads\/2024\/05\/Chaes-Griller-Sonntags-Zeitung-163x300.jpg 163w\" sizes=\"(max-width: 201px) 100vw, 201px\" \/><\/a><\/p>\n<p>&nbsp;<\/p>\n<p><a href=\"https:\/\/www.foodaktuell.ch\/2024\/05\/23\/der-emmentaler-wird-zum-wuerstchen\" rel=\"nofollow noopener\" target=\"_blank\">foodaktuell &#8211;\u00a0 23. Mai 2024<\/a><\/p>\n<p><a href=\"https:\/\/www.foodaktuell.ch\/2024\/05\/23\/der-emmentaler-wird-zum-wuerstchen\" rel=\"nofollow noopener\" target=\"_blank\"><img loading=\"lazy\" decoding=\"async\" class=\"alignnone wp-image-137738\" src=\"https:\/\/www.emmentaler.ch\/wp-content\/uploads\/2024\/05\/Chaes-Griller-foodaktuell-1024x849.jpg\" alt=\"\" width=\"333\" height=\"276\" srcset=\"https:\/\/www.emmentaler.ch\/wp-content\/uploads\/2024\/05\/Chaes-Griller-foodaktuell-1024x849.jpg 1024w, https:\/\/www.emmentaler.ch\/wp-content\/uploads\/2024\/05\/Chaes-Griller-foodaktuell-300x249.jpg 300w, https:\/\/www.emmentaler.ch\/wp-content\/uploads\/2024\/05\/Chaes-Griller-foodaktuell-768x637.jpg 768w, https:\/\/www.emmentaler.ch\/wp-content\/uploads\/2024\/05\/Chaes-Griller-foodaktuell.jpg 1192w\" sizes=\"(max-width: 333px) 100vw, 333px\" \/><\/a><\/p>\n<p>&nbsp;<\/p>\n<p><a href=\"https:\/\/www.schweizerbauer.ch\/markt-preise\/marktmeldungen\/emmentaler-aop-vom-neuen-chaesgriller-und-aktionen\" rel=\"nofollow noopener\" target=\"_blank\">Schweizer Bauer &#8211; 13. Mai 2024<\/a><\/p>\n<p><a href=\"https:\/\/www.schweizerbauer.ch\/markt-preise\/marktmeldungen\/emmentaler-aop-vom-neuen-chaesgriller-und-aktionen\" rel=\"nofollow noopener\" target=\"_blank\"><img loading=\"lazy\" decoding=\"async\" class=\"alignnone wp-image-137748\" src=\"https:\/\/www.emmentaler.ch\/wp-content\/uploads\/2024\/05\/Chaes-Griller-Schweizer-Bauer-1024x862.jpeg\" alt=\"\" width=\"277\" height=\"233\" srcset=\"https:\/\/www.emmentaler.ch\/wp-content\/uploads\/2024\/05\/Chaes-Griller-Schweizer-Bauer-1024x862.jpeg 1024w, https:\/\/www.emmentaler.ch\/wp-content\/uploads\/2024\/05\/Chaes-Griller-Schweizer-Bauer-300x252.jpeg 300w, https:\/\/www.emmentaler.ch\/wp-content\/uploads\/2024\/05\/Chaes-Griller-Schweizer-Bauer-768x646.jpeg 768w, https:\/\/www.emmentaler.ch\/wp-content\/uploads\/2024\/05\/Chaes-Griller-Schweizer-Bauer.jpeg 1269w\" sizes=\"(max-width: 277px) 100vw, 277px\" \/><\/a><\/p>\n","protected":false},"excerpt":{"rendered":"<p>Die \u00abCh\u00e4s-Griller\u00bb mit Emmentaler AOP er\u00f6ffnen die Grillsaison Grill-Liebhaber:innen d\u00fcrfen sich f\u00fcr die bevorstehende Saison auf neue schmackhafte Emmentaler AOP-Momente freuen: Ab sofort erobern die \u00abCh\u00e4s-Griller\u00bb die Grillroste der Schweiz. Die feine K\u00e4sespezialit\u00e4t gibt es als \u00abCh\u00e4s-Griller\u00bb im Duo-Pack oder als \u00abMini Ch\u00e4s-Griller\u00bb im Sechser-Pack in den Varianten \u00abNatur\u00bb und \u00abGer\u00e4uchert\u00bb. Sie sind in den [&hellip;]<\/p>\n","protected":false},"author":17,"featured_media":136485,"comment_status":"closed","ping_status":"closed","sticky":false,"template":"","format":"standard","meta":{"inline_featured_image":false,"footnotes":""},"categories":[1],"tags":[],"et_countries":[103],"acf":{"additional_infos_teaser_title":"Grill-Spass ","additional_infos_related_contents":"","veroffentlichungsdatum":"23.05.2024"},"_links":{"self":[{"href":"https:\/\/www.emmentaler.ch\/de\/wp-json\/wp\/v2\/posts\/136484"}],"collection":[{"href":"https:\/\/www.emmentaler.ch\/de\/wp-json\/wp\/v2\/posts"}],"about":[{"href":"https:\/\/www.emmentaler.ch\/de\/wp-json\/wp\/v2\/types\/post"}],"author":[{"embeddable":true,"href":"https:\/\/www.emmentaler.ch\/de\/wp-json\/wp\/v2\/users\/17"}],"replies":[{"embeddable":true,"href":"https:\/\/www.emmentaler.ch\/de\/wp-json\/wp\/v2\/comments?post=136484"}],"version-history":[{"count":16,"href":"https:\/\/www.emmentaler.ch\/de\/wp-json\/wp\/v2\/posts\/136484\/revisions"}],"predecessor-version":[{"id":137763,"href":"https:\/\/www.emmentaler.ch\/de\/wp-json\/wp\/v2\/posts\/136484\/revisions\/137763"}],"wp:featuredmedia":[{"embeddable":true,"href":"https:\/\/www.emmentaler.ch\/de\/wp-json\/wp\/v2\/media\/136485"}],"wp:attachment":[{"href":"https:\/\/www.emmentaler.ch\/de\/wp-json\/wp\/v2\/media?parent=136484"}],"wp:term":[{"taxonomy":"category","embeddable":true,"href":"https:\/\/www.emmentaler.ch\/de\/wp-json\/wp\/v2\/categories?post=136484"},{"taxonomy":"post_tag","embeddable":true,"href":"https:\/\/www.emmentaler.ch\/de\/wp-json\/wp\/v2\/tags?post=136484"},{"taxonomy":"et_countries","embeddable":true,"href":"https:\/\/www.emmentaler.ch\/de\/wp-json\/wp\/v2\/et_countries?post=136484"}],"curies":[{"name":"wp","href":"https:\/\/api.w.org\/{rel}","templated":true}]}}