{"id":136631,"date":"2024-05-01T13:34:54","date_gmt":"2024-05-01T11:34:54","guid":{"rendered":"https:\/\/www.emmentaler.ch\/?p=136631"},"modified":"2024-07-03T12:51:25","modified_gmt":"2024-07-03T10:51:25","slug":"cheesy-inspiration-kaese-sticks","status":"publish","type":"post","link":"https:\/\/www.emmentaler.ch\/de\/cheesy-inspiration-kaese-sticks","title":{"rendered":"K\u00e4se Sticks"},"content":{"rendered":"<p>Mit den Emmentaler AOP K\u00e4se-Sticks im Ei sind euch gut gelaunte Gesichter am Ostertisch gewiss: Schneidet ein l\u00e4ngliches St\u00fcck Emmentaler AOP K\u00e4se ab und benutzt einen Klecks Frischk\u00e4se, um zwei Pfefferk\u00f6rner als Augen und ein d\u00fcnnes, l\u00e4ngliches Scheibchen rote Peperoni als Mund aufzukleben.<\/p>\n<p>&nbsp;<\/p>\n<p>Damit eure K\u00e4se-Sticks eine sch\u00f6ne Frisur tragen, k\u00f6nnt ihr Kr\u00e4uter wie Rosmarin, Dill oder Thymian als Haare verwenden. Kleine Rosmarin- oder Thymianzweige einfach einstecken und bei Dill hilft etwas Frischk\u00e4se als Kleber. Geschnittene Radieschen eignen sich \u00fcbrigens prima als Hut. Als Osterdekoration k\u00f6nnt ihr Gurken- und rote oder gelbe Peperonischeiben in Eiform ausschneiden und mit dem Messer Verzierungen hinein schnitzen.<\/p>\n<p>&nbsp;<\/p>\n<p>Die fertig geschm\u00fcckten Emmentaler AOP K\u00e4se-Sticks d\u00fcrfen jetzt in das Gelbe vom weichgekochten Ei reinspringen und dort auf die gl\u00fccklichen G\u00e4ste warten.<\/p>\n","protected":false},"excerpt":{"rendered":"<p>Mit den Emmentaler AOP K\u00e4se-Sticks im Ei sind euch gut gelaunte Gesichter am Ostertisch gewiss: Schneidet ein l\u00e4ngliches St\u00fcck Emmentaler AOP K\u00e4se ab und benutzt einen Klecks Frischk\u00e4se, um zwei Pfefferk\u00f6rner als Augen und ein d\u00fcnnes, l\u00e4ngliches Scheibchen rote Peperoni als Mund aufzukleben. &nbsp; Damit eure K\u00e4se-Sticks eine sch\u00f6ne Frisur tragen, k\u00f6nnt ihr Kr\u00e4uter wie [&hellip;]<\/p>\n","protected":false},"author":17,"featured_media":135311,"comment_status":"closed","ping_status":"closed","sticky":false,"template":"","format":"standard","meta":{"inline_featured_image":false,"footnotes":""},"categories":[778],"tags":[],"et_countries":[],"acf":[],"_links":{"self":[{"href":"https:\/\/www.emmentaler.ch\/de\/wp-json\/wp\/v2\/posts\/136631"}],"collection":[{"href":"https:\/\/www.emmentaler.ch\/de\/wp-json\/wp\/v2\/posts"}],"about":[{"href":"https:\/\/www.emmentaler.ch\/de\/wp-json\/wp\/v2\/types\/post"}],"author":[{"embeddable":true,"href":"https:\/\/www.emmentaler.ch\/de\/wp-json\/wp\/v2\/users\/17"}],"replies":[{"embeddable":true,"href":"https:\/\/www.emmentaler.ch\/de\/wp-json\/wp\/v2\/comments?post=136631"}],"version-history":[{"count":2,"href":"https:\/\/www.emmentaler.ch\/de\/wp-json\/wp\/v2\/posts\/136631\/revisions"}],"predecessor-version":[{"id":137605,"href":"https:\/\/www.emmentaler.ch\/de\/wp-json\/wp\/v2\/posts\/136631\/revisions\/137605"}],"wp:featuredmedia":[{"embeddable":true,"href":"https:\/\/www.emmentaler.ch\/de\/wp-json\/wp\/v2\/media\/135311"}],"wp:attachment":[{"href":"https:\/\/www.emmentaler.ch\/de\/wp-json\/wp\/v2\/media?parent=136631"}],"wp:term":[{"taxonomy":"category","embeddable":true,"href":"https:\/\/www.emmentaler.ch\/de\/wp-json\/wp\/v2\/categories?post=136631"},{"taxonomy":"post_tag","embeddable":true,"href":"https:\/\/www.emmentaler.ch\/de\/wp-json\/wp\/v2\/tags?post=136631"},{"taxonomy":"et_countries","embeddable":true,"href":"https:\/\/www.emmentaler.ch\/de\/wp-json\/wp\/v2\/et_countries?post=136631"}],"curies":[{"name":"wp","href":"https:\/\/api.w.org\/{rel}","templated":true}]}}