{"id":137642,"date":"2024-07-03T16:31:33","date_gmt":"2024-07-03T14:31:33","guid":{"rendered":"https:\/\/www.emmentaler.ch\/?p=137642"},"modified":"2024-07-30T16:47:02","modified_gmt":"2024-07-30T14:47:02","slug":"emmentaler-aop-in-hauchfeinen-scheiben","status":"publish","type":"post","link":"https:\/\/www.emmentaler.ch\/de\/emmentaler-aop-in-hauchfeinen-scheiben","title":{"rendered":"Emmentaler AOP in hauchfeinen Scheiben"},"content":{"rendered":"<p><strong>Nach den \u00abCh\u00e4s-Grillern\u00bb mit Emmentaler AOP f\u00fcr Grill-Liebhaber:innen l\u00e4sst die n\u00e4chste Innovation nicht lange auf sich warten! Neu gibt es den Emmentaler AOP ab sofort auch als hauchd\u00fcnn geschnittene Scheiben. Ein wunderbar feiner, intensiver K\u00e4segenuss f\u00fcr alle, die gerne unvergessliche Genussmomente miteinander teilen. Die \u00abEmmentaler AOP-Scheiben hauchfein\u00bb sind ab sofort in der 80-Gramm-Packung f\u00fcr CHF 2.95 in ausgew\u00e4hlten Coop-Filialen erh\u00e4ltlich. <\/strong><a href=\"http:\/\/www.emmentaler.ch\"><strong>www.emmentaler.ch<\/strong><\/a><\/p>\n<p><strong>\u00a0<\/strong><\/p>\n<p><strong>Vielseitigkeit in Scheiben-Form<\/strong><\/p>\n<p>Mit intensivem Geschmack und hauchd\u00fcnn geschnitten \u2013 so pr\u00e4sentiert sich die neuste Emmentaler-AOP-Innovation. Die goldgelben, hauchfeinen Emmentaler AOP Scheiben versprechen feinsten Emmentaler AOP-Genuss als Ap\u00e9ro-H\u00e4ppchen, auf einem knusprigen St\u00fcck Brot oder Kn\u00e4ckebrot, f\u00fcr einen Brunch oder auch als sommerliches K\u00e4se-Carpaccio. Und auch wenn es in der K\u00fcche einmal heiss zu und her geht, machen die feinen Tranchen eine gute Figur und sorgen im Burger oder Sandwich f\u00fcr eine Extraportion Geschmack. Dem kreativen Kombinieren in der K\u00fcche sind keine Grenzen gesetzt!<\/p>\n<p>&nbsp;<\/p>\n<p><strong>Zugeschnitten auf geniesserische Millennials<\/strong><\/p>\n<p>Leicht und unkompliziert: Die neuen \u00abEmmentaler AOP Scheiben hauchfein\u00bb erf\u00fcllen die Erwartungen genussorientierter Millennials perfekt. Sie kleben nicht und eignen sich ausgezeichnet zum Teilen. Dank der praktischen Packung sind sie aber auch ein idealer Snack f\u00fcr unterwegs oder auf vergn\u00fcglichen Wanderungen.<\/p>\n<p>&nbsp;<\/p>\n<p>Eines bleibt auch bei der Scheiben-Form unver\u00e4ndert: Die Qualit\u00e4t hat f\u00fcr Emmentaler AOP Priorit\u00e4t. Dank der Expertise des K\u00e4seh\u00e4ndlers Hardegger l\u00e4sst sich der Emmentaler AOP in geschmacksintensive und hauchd\u00fcnne Scheiben schneiden. Die \u00abEmmentaler AOP Scheiben hauchfein\u00bb sind ab sofort in der praktischen 80-Gramm-Packung f\u00fcr CHF 2.95 in ausgew\u00e4hlten Coop-Filialen erh\u00e4ltlich.<\/p>\n<p><img loading=\"lazy\" decoding=\"async\" class=\"alignnone size-large wp-image-138171\" src=\"https:\/\/www.emmentaler.ch\/wp-content\/uploads\/2024\/07\/Emmentaler_Tablestopper_Scheiben_hauchduenn-1-722x1024.jpg\" alt=\"\" width=\"722\" height=\"1024\" srcset=\"https:\/\/www.emmentaler.ch\/wp-content\/uploads\/2024\/07\/Emmentaler_Tablestopper_Scheiben_hauchduenn-1-722x1024.jpg 722w, https:\/\/www.emmentaler.ch\/wp-content\/uploads\/2024\/07\/Emmentaler_Tablestopper_Scheiben_hauchduenn-1-211x300.jpg 211w, https:\/\/www.emmentaler.ch\/wp-content\/uploads\/2024\/07\/Emmentaler_Tablestopper_Scheiben_hauchduenn-1-768x1089.jpg 768w, https:\/\/www.emmentaler.ch\/wp-content\/uploads\/2024\/07\/Emmentaler_Tablestopper_Scheiben_hauchduenn-1-1083x1536.jpg 1083w, https:\/\/www.emmentaler.ch\/wp-content\/uploads\/2024\/07\/Emmentaler_Tablestopper_Scheiben_hauchduenn-1-1444x2048.jpg 1444w, https:\/\/www.emmentaler.ch\/wp-content\/uploads\/2024\/07\/Emmentaler_Tablestopper_Scheiben_hauchduenn-1.jpg 1749w\" sizes=\"(max-width: 722px) 100vw, 722px\" \/><\/p>\n<p>&nbsp;<\/p>\n<p><img loading=\"lazy\" decoding=\"async\" class=\"alignnone size-large wp-image-137648\" src=\"https:\/\/www.emmentaler.ch\/wp-content\/uploads\/2024\/07\/ES_Emmentaler-AOP_Tan_hauchduenn_02-1-819x1024.jpg\" alt=\"\" width=\"800\" height=\"1000\"><\/p>\n","protected":false},"excerpt":{"rendered":"<p>Nach den \u00abCh\u00e4s-Grillern\u00bb mit Emmentaler AOP f\u00fcr Grill-Liebhaber:innen l\u00e4sst die n\u00e4chste Innovation nicht lange auf sich warten! Neu gibt es den Emmentaler AOP ab sofort auch als hauchd\u00fcnn geschnittene Scheiben. Ein wunderbar feiner, intensiver K\u00e4segenuss f\u00fcr alle, die gerne unvergessliche Genussmomente miteinander teilen. Die \u00abEmmentaler AOP-Scheiben hauchfein\u00bb sind ab sofort in der 80-Gramm-Packung f\u00fcr CHF [&hellip;]<\/p>\n","protected":false},"author":17,"featured_media":137655,"comment_status":"closed","ping_status":"closed","sticky":false,"template":"","format":"standard","meta":{"inline_featured_image":false,"footnotes":""},"categories":[1],"tags":[],"et_countries":[103],"acf":{"additional_infos_teaser_title":"Herzhafter Geschmack \u2013 hauchd\u00fcnn geschnitten","additional_infos_related_contents":"","veroffentlichungsdatum":""},"_links":{"self":[{"href":"https:\/\/www.emmentaler.ch\/de\/wp-json\/wp\/v2\/posts\/137642"}],"collection":[{"href":"https:\/\/www.emmentaler.ch\/de\/wp-json\/wp\/v2\/posts"}],"about":[{"href":"https:\/\/www.emmentaler.ch\/de\/wp-json\/wp\/v2\/types\/post"}],"author":[{"embeddable":true,"href":"https:\/\/www.emmentaler.ch\/de\/wp-json\/wp\/v2\/users\/17"}],"replies":[{"embeddable":true,"href":"https:\/\/www.emmentaler.ch\/de\/wp-json\/wp\/v2\/comments?post=137642"}],"version-history":[{"count":8,"href":"https:\/\/www.emmentaler.ch\/de\/wp-json\/wp\/v2\/posts\/137642\/revisions"}],"predecessor-version":[{"id":138174,"href":"https:\/\/www.emmentaler.ch\/de\/wp-json\/wp\/v2\/posts\/137642\/revisions\/138174"}],"wp:featuredmedia":[{"embeddable":true,"href":"https:\/\/www.emmentaler.ch\/de\/wp-json\/wp\/v2\/media\/137655"}],"wp:attachment":[{"href":"https:\/\/www.emmentaler.ch\/de\/wp-json\/wp\/v2\/media?parent=137642"}],"wp:term":[{"taxonomy":"category","embeddable":true,"href":"https:\/\/www.emmentaler.ch\/de\/wp-json\/wp\/v2\/categories?post=137642"},{"taxonomy":"post_tag","embeddable":true,"href":"https:\/\/www.emmentaler.ch\/de\/wp-json\/wp\/v2\/tags?post=137642"},{"taxonomy":"et_countries","embeddable":true,"href":"https:\/\/www.emmentaler.ch\/de\/wp-json\/wp\/v2\/et_countries?post=137642"}],"curies":[{"name":"wp","href":"https:\/\/api.w.org\/{rel}","templated":true}]}}