{"id":138200,"date":"2024-08-06T08:41:07","date_gmt":"2024-08-06T06:41:07","guid":{"rendered":"https:\/\/www.emmentaler.ch\/?p=138200"},"modified":"2024-08-13T16:17:30","modified_gmt":"2024-08-13T14:17:30","slug":"food-pairing-emmentaler-aop-kaese-x-mein-emmental-bier","status":"publish","type":"post","link":"https:\/\/www.emmentaler.ch\/de\/food-pairing-emmentaler-aop-kaese-x-mein-emmental-bier","title":{"rendered":"Food Pairing \u2013 Emmentaler AOP K\u00e4se x Mein Emmental Bier"},"content":{"rendered":"<h2>Emmentaler AOP K\u00e4se x Mein Emmental Bier<\/h2>\n<p>Wir waren zu Besuch bei der <a href=\"https:\/\/mein-emmental.ch\/\" target=\"_blank\" rel=\"noopener nofollow\">Brausch\u00fc\u00fcr in Zollbr\u00fcck<\/a> und haben mit einer K\u00e4sesommeli\u00e8re und einer Biersommeli\u00e8re verschiedene Reifegrade Emmentaler AOP K\u00e4se mit passendem handgebrautem Bier von der Brausch\u00fc\u00fcr probiert &#8211; ein echer Genussmoment. Wie die meisten bestimmt wissen passen Bier und K\u00e4se wunderbar zusammen. Ob ein milder Emmentaler AOP oder ein kr\u00e4ftiger, l\u00e4nger gereifter K\u00e4se, es gibt immer das passende Bier dazu, welches den Geschmack perfekt abrundet. Herzlichen Dank liebe Brausch\u00fc\u00fcr f\u00fcr den inspirirerenden Tag und die tolle Gastfreundschaft.<\/p>\n<p>Viel Spass beim Entdecken und Ausprobieren der kuliarnischen Geschmackskombinationen.<\/p>\n<p>&nbsp;<\/p>\n<p><strong>Emmentaler AOP mild &amp; Mein Emmental Bier &#8222;Goud&#8220;<\/strong><\/p>\n<figure id=\"attachment_138210\" aria-describedby=\"caption-attachment-138210\" style=\"width: 611px\" class=\"wp-caption alignnone\"><img loading=\"lazy\" decoding=\"async\" class=\"wp-image-138210 \" src=\"https:\/\/www.emmentaler.ch\/wp-content\/uploads\/2024\/08\/Emmentaler-AOP-Mild-und-mein-Emmental-Bier-Goud-1024x683.jpg\" alt=\"Emmentaler AOP Mild und mein Emmental Bier Goud\" width=\"611\" height=\"407\" srcset=\"https:\/\/www.emmentaler.ch\/wp-content\/uploads\/2024\/08\/Emmentaler-AOP-Mild-und-mein-Emmental-Bier-Goud-1024x683.jpg 1024w, https:\/\/www.emmentaler.ch\/wp-content\/uploads\/2024\/08\/Emmentaler-AOP-Mild-und-mein-Emmental-Bier-Goud-300x200.jpg 300w, https:\/\/www.emmentaler.ch\/wp-content\/uploads\/2024\/08\/Emmentaler-AOP-Mild-und-mein-Emmental-Bier-Goud-768x512.jpg 768w, https:\/\/www.emmentaler.ch\/wp-content\/uploads\/2024\/08\/Emmentaler-AOP-Mild-und-mein-Emmental-Bier-Goud.jpg 1350w\" sizes=\"(max-width: 611px) 100vw, 611px\" \/><figcaption id=\"caption-attachment-138210\" class=\"wp-caption-text\">Emmentaler AOP Mild &amp; mein Emmental Bier &#8222;Goud&#8220;<\/figcaption><\/figure>\n<p>Jung und mild trifft auf spritzig s\u00fcffig. Die typisch nussige S\u00fcsse des <a href=\"https:\/\/www.emmentaler.ch\/de\/sorte\/mild-classic\" target=\"_blank\" rel=\"noopener\">Emmentaler AOP Mild<\/a> tanzt beschwingt mit den leicht herben Hopfennoten des Lagerbiers.<br \/>\nSo erfrischend einfach kann K\u00e4se- und Biergenuss sein.\u00a0<a href=\"https:\/\/mein-emmental.ch\/unsere-biere\/\" target=\"_blank\" rel=\"noopener nofollow\">Das \u00abGoud\u00bb<\/a>, ein goldiger Treffer<\/p>\n<p>&nbsp;<\/p>\n<p><strong>Emmentaler AOP Surchoix &amp; Mein Emmental Bier &#8222;Rot Baron&#8220;<\/strong><\/p>\n<figure id=\"attachment_138223\" aria-describedby=\"caption-attachment-138223\" style=\"width: 621px\" class=\"wp-caption alignnone\"><img loading=\"lazy\" decoding=\"async\" class=\"wp-image-138223 \" src=\"https:\/\/www.emmentaler.ch\/wp-content\/uploads\/2024\/08\/Emmentaler-AOP-Surchoix-und-mein-Emmental-Rot-Baron-e1722868411496-1024x664.jpg\" alt=\"Emmentaler AOP Surchoix und mein Emmental Rot Baron\" width=\"621\" height=\"403\" srcset=\"https:\/\/www.emmentaler.ch\/wp-content\/uploads\/2024\/08\/Emmentaler-AOP-Surchoix-und-mein-Emmental-Rot-Baron-e1722868411496-1024x664.jpg 1024w, https:\/\/www.emmentaler.ch\/wp-content\/uploads\/2024\/08\/Emmentaler-AOP-Surchoix-und-mein-Emmental-Rot-Baron-e1722868411496-300x195.jpg 300w, https:\/\/www.emmentaler.ch\/wp-content\/uploads\/2024\/08\/Emmentaler-AOP-Surchoix-und-mein-Emmental-Rot-Baron-e1722868411496-768x498.jpg 768w, https:\/\/www.emmentaler.ch\/wp-content\/uploads\/2024\/08\/Emmentaler-AOP-Surchoix-und-mein-Emmental-Rot-Baron-e1722868411496-1536x996.jpg 1536w, https:\/\/www.emmentaler.ch\/wp-content\/uploads\/2024\/08\/Emmentaler-AOP-Surchoix-und-mein-Emmental-Rot-Baron-e1722868411496.jpg 1856w\" sizes=\"(max-width: 621px) 100vw, 621px\" \/><figcaption id=\"caption-attachment-138223\" class=\"wp-caption-text\">Emmentaler AOP Surchoix und mein Emmental &#8222;Rot Baron&#8220;<\/figcaption><\/figure>\n<p>Aromatischer Surchoix Charakter trifft auf vollmundigen Bier Baron. Der m\u00fcrb w\u00fcrzige <a href=\"https:\/\/www.emmentaler.ch\/de\/sorte\/reserve-surchoix\" target=\"_blank\" rel=\"noopener\">Emmentaler AOP Surchoix<\/a> mit seinem leicht floralen Aroma, nimmt den mild ger\u00f6steten Malzk\u00f6rper mit den umgarnenden Caramelnoten vom Spezial Amber elegant mit.\u00a0<a href=\"https:\/\/mein-emmental.ch\/unsere-biere\/\" target=\"_blank\" rel=\"noopener nofollow\">Der \u00abRot Baron<\/a>\u00bb, ein edler Begleiter<\/p>\n<p>&nbsp;<\/p>\n<p><strong>Emmentaler AOP H\u00f6hlengereift &amp; Mein Emmental Bier &#8222;Plag\u00f6\u00f6ri&#8220;<\/strong><\/p>\n<figure id=\"attachment_138229\" aria-describedby=\"caption-attachment-138229\" style=\"width: 629px\" class=\"wp-caption alignnone\"><img loading=\"lazy\" decoding=\"async\" class=\"wp-image-138229 \" src=\"https:\/\/www.emmentaler.ch\/wp-content\/uploads\/2024\/08\/Emmentaler-AOP-Hoehlengereift-und-mein-Emmental-Plagoeoeri-1024x683.jpg\" alt=\"Emmentaler AOP H\u00f6hlengereift und mein Emmental Bier Plag\u00f6\u00f6ri\" width=\"629\" height=\"420\" srcset=\"https:\/\/www.emmentaler.ch\/wp-content\/uploads\/2024\/08\/Emmentaler-AOP-Hoehlengereift-und-mein-Emmental-Plagoeoeri-1024x683.jpg 1024w, https:\/\/www.emmentaler.ch\/wp-content\/uploads\/2024\/08\/Emmentaler-AOP-Hoehlengereift-und-mein-Emmental-Plagoeoeri-300x200.jpg 300w, https:\/\/www.emmentaler.ch\/wp-content\/uploads\/2024\/08\/Emmentaler-AOP-Hoehlengereift-und-mein-Emmental-Plagoeoeri-768x512.jpg 768w, https:\/\/www.emmentaler.ch\/wp-content\/uploads\/2024\/08\/Emmentaler-AOP-Hoehlengereift-und-mein-Emmental-Plagoeoeri-1536x1024.jpg 1536w, https:\/\/www.emmentaler.ch\/wp-content\/uploads\/2024\/08\/Emmentaler-AOP-Hoehlengereift-und-mein-Emmental-Plagoeoeri.jpg 2048w\" sizes=\"(max-width: 629px) 100vw, 629px\" \/><figcaption id=\"caption-attachment-138229\" class=\"wp-caption-text\">Emmentaler AOP H\u00f6hlengereift und mein Emmental Bier &#8222;Plag\u00f6\u00f6ri&#8220;<\/figcaption><\/figure>\n<p>K\u00e4sehandwerk aus dem Felsenkeller trifft auf fruchtigen Bierexoten. Der perfekt geschliffene <a href=\"https:\/\/www.emmentaler.ch\/de\/sorte\/hoehlengereift\" target=\"_blank\" rel=\"noopener\">Emmentaler AOP H\u00f6hlengereift<\/a> zieht mit seinem w\u00fcrzig, mild herben Aroma das exotisch fruchtige IPA mit der raffinierten Hopfennote in seinen Bann \u2013 zwei Gegens\u00e4tze die im Gaumen ohne Worte harmonieren.\u00a0<a href=\"https:\/\/mein-emmental.ch\/unsere-biere\/\" target=\"_blank\" rel=\"noopener nofollow\">Der \u00abPlag\u00f6\u00f6ri<\/a>\u00bb, h\u00e4lt was er verspricht<\/p>\n<p>&nbsp;<\/p>\n<p><strong>Emmentaler AOP Extra &amp; Mein Emmental Bier &#8222;Hagu Hans&#8220;<\/strong><\/p>\n<figure id=\"attachment_138235\" aria-describedby=\"caption-attachment-138235\" style=\"width: 641px\" class=\"wp-caption alignnone\"><img loading=\"lazy\" decoding=\"async\" class=\"wp-image-138235 \" src=\"https:\/\/www.emmentaler.ch\/wp-content\/uploads\/2024\/08\/Emmentaler-AOP-Extra-und-mein-Emmental-Bier-Hagu-Hans-1024x683.jpg\" alt=\"Emmentaler AOP Extra und mein Emmental Bier Hagu Hans\" width=\"641\" height=\"427\" srcset=\"https:\/\/www.emmentaler.ch\/wp-content\/uploads\/2024\/08\/Emmentaler-AOP-Extra-und-mein-Emmental-Bier-Hagu-Hans-1024x683.jpg 1024w, https:\/\/www.emmentaler.ch\/wp-content\/uploads\/2024\/08\/Emmentaler-AOP-Extra-und-mein-Emmental-Bier-Hagu-Hans-300x200.jpg 300w, https:\/\/www.emmentaler.ch\/wp-content\/uploads\/2024\/08\/Emmentaler-AOP-Extra-und-mein-Emmental-Bier-Hagu-Hans-768x512.jpg 768w, https:\/\/www.emmentaler.ch\/wp-content\/uploads\/2024\/08\/Emmentaler-AOP-Extra-und-mein-Emmental-Bier-Hagu-Hans-1536x1024.jpg 1536w, https:\/\/www.emmentaler.ch\/wp-content\/uploads\/2024\/08\/Emmentaler-AOP-Extra-und-mein-Emmental-Bier-Hagu-Hans.jpg 2048w\" sizes=\"(max-width: 641px) 100vw, 641px\" \/><figcaption id=\"caption-attachment-138235\" class=\"wp-caption-text\">Emmentaler AOP Extra und mein Emmental Bier &#8222;Hagu Hans&#8220;<\/figcaption><\/figure>\n<p>W\u00fcrzige K\u00e4seklasse trifft auf dunkel fruchtige Extravaganz. Der w\u00fcrzig rezente <a href=\"https:\/\/www.emmentaler.ch\/de\/sorte\/extra\" target=\"_blank\" rel=\"noopener\">Emmentaler AOP Extra<\/a> nimmt die markanten R\u00f6staromen mit dem fruchtigen Charakter vom dunklen IPA lieblich mit. Zwei der rustikalen Art, die unaufgeregt ein Gaumenschmaus der Extraklasse bieten.\u00a0<a href=\"https:\/\/mein-emmental.ch\/unsere-biere\/\" target=\"_blank\" rel=\"noopener nofollow\">Der \u00abHagu\u00bb Hans<\/a> ein verbl\u00fcffend charmanter Gef\u00e4hrte<\/p>\n<p>&nbsp;<\/p>\n","protected":false},"excerpt":{"rendered":"<p>Emmentaler AOP K\u00e4se x Mein Emmental Bier Wir waren zu Besuch bei der Brausch\u00fc\u00fcr in Zollbr\u00fcck und haben mit einer K\u00e4sesommeli\u00e8re und einer Biersommeli\u00e8re verschiedene Reifegrade Emmentaler AOP K\u00e4se mit passendem handgebrautem Bier von der Brausch\u00fc\u00fcr probiert &#8211; ein echer Genussmoment. Wie die meisten bestimmt wissen passen Bier und K\u00e4se wunderbar zusammen. Ob ein milder [&hellip;]<\/p>\n","protected":false},"author":17,"featured_media":138203,"comment_status":"closed","ping_status":"closed","sticky":false,"template":"","format":"standard","meta":{"inline_featured_image":false,"footnotes":""},"categories":[1],"tags":[],"et_countries":[],"acf":{"additional_infos_teaser_title":"Kulinarik erleben - die perfekte Kombination aus K\u00e4se und Bier","additional_infos_related_contents":"","veroffentlichungsdatum":""},"_links":{"self":[{"href":"https:\/\/www.emmentaler.ch\/de\/wp-json\/wp\/v2\/posts\/138200"}],"collection":[{"href":"https:\/\/www.emmentaler.ch\/de\/wp-json\/wp\/v2\/posts"}],"about":[{"href":"https:\/\/www.emmentaler.ch\/de\/wp-json\/wp\/v2\/types\/post"}],"author":[{"embeddable":true,"href":"https:\/\/www.emmentaler.ch\/de\/wp-json\/wp\/v2\/users\/17"}],"replies":[{"embeddable":true,"href":"https:\/\/www.emmentaler.ch\/de\/wp-json\/wp\/v2\/comments?post=138200"}],"version-history":[{"count":30,"href":"https:\/\/www.emmentaler.ch\/de\/wp-json\/wp\/v2\/posts\/138200\/revisions"}],"predecessor-version":[{"id":138296,"href":"https:\/\/www.emmentaler.ch\/de\/wp-json\/wp\/v2\/posts\/138200\/revisions\/138296"}],"wp:featuredmedia":[{"embeddable":true,"href":"https:\/\/www.emmentaler.ch\/de\/wp-json\/wp\/v2\/media\/138203"}],"wp:attachment":[{"href":"https:\/\/www.emmentaler.ch\/de\/wp-json\/wp\/v2\/media?parent=138200"}],"wp:term":[{"taxonomy":"category","embeddable":true,"href":"https:\/\/www.emmentaler.ch\/de\/wp-json\/wp\/v2\/categories?post=138200"},{"taxonomy":"post_tag","embeddable":true,"href":"https:\/\/www.emmentaler.ch\/de\/wp-json\/wp\/v2\/tags?post=138200"},{"taxonomy":"et_countries","embeddable":true,"href":"https:\/\/www.emmentaler.ch\/de\/wp-json\/wp\/v2\/et_countries?post=138200"}],"curies":[{"name":"wp","href":"https:\/\/api.w.org\/{rel}","templated":true}]}}