{"id":138416,"date":"2024-09-04T10:56:37","date_gmt":"2024-09-04T08:56:37","guid":{"rendered":"https:\/\/www.emmentaler.ch\/?p=138416"},"modified":"2024-09-04T11:01:56","modified_gmt":"2024-09-04T09:01:56","slug":"cheesy-inspiration-weinfaesser","status":"publish","type":"post","link":"https:\/\/www.emmentaler.ch\/de\/cheesy-inspiration-weinfaesser","title":{"rendered":"Weinf\u00e4sser"},"content":{"rendered":"<p><strong>Dieses Cheese Board ist eine stilvolle Hommage an die Winzerfeste, die jedes Jahr im Herbst in den klassischen Weinbauregionen der Schweiz gefeiert werden. Die mit Trauben gef\u00fcllten Weinf\u00e4sser aus Emmentaler AOP K\u00e4se sind nicht nur ein Fest f\u00fcr den Gaumen, sondern auch echte Hingucker und eine perfekte Begleitung f\u00fcr edle Tropfen.<\/strong><\/p>\n<p><img loading=\"lazy\" decoding=\"async\" class=\"size-medium wp-image-138406 alignleft\" src=\"https:\/\/www.emmentaler.ch\/wp-content\/uploads\/2024\/09\/EMMENTALER_GRAPEBARRELS-copy-200x300.jpg\" alt=\"Drei Emmentaler-K\u00e4se-Barrels mit Trauben und Kr\u00e4utern, serviert mit Brotstangen auf einem rustikalen Holzbrett.\" width=\"200\" height=\"300\" srcset=\"https:\/\/www.emmentaler.ch\/wp-content\/uploads\/2024\/09\/EMMENTALER_GRAPEBARRELS-copy-200x300.jpg 200w, https:\/\/www.emmentaler.ch\/wp-content\/uploads\/2024\/09\/EMMENTALER_GRAPEBARRELS-copy-682x1024.jpg 682w, https:\/\/www.emmentaler.ch\/wp-content\/uploads\/2024\/09\/EMMENTALER_GRAPEBARRELS-copy-768x1152.jpg 768w, https:\/\/www.emmentaler.ch\/wp-content\/uploads\/2024\/09\/EMMENTALER_GRAPEBARRELS-copy.jpg 853w\" sizes=\"(max-width: 200px) 100vw, 200px\" \/>F\u00fcr ein Weinfass h\u00f6hlt ihr einen grossen Apfel aus und befestigt als Holzplanken rundherum l\u00e4ngliche Emmentaler AOP Scheiben mit Zahnstochern.<\/p>\n<p>Bindet in der Mitte ein langes St\u00fcck Schnittlauch darum. Jetzt k\u00f6nnt ihr das Weinfass mit Trauben f\u00fcllen.<\/p>\n<p>Sobald ihr drei Weinf\u00e4sser habt, richtet ihr sie auf einer rustikalen Holzplatte an und dekoriert sie mit Grissini-Stangen, Rosmarin und Thymian.<\/p>\n<p>Legt in die leeren Zwischenr\u00e4ume eine Handvoll Trauben. Jetzt fehlen nur noch die Gl\u00e4ser und der Wein, und schon entfaltet sich die lockere Atmosph\u00e4re eines Winzerfestes bei euch Zuhause.<\/p>\n","protected":false},"excerpt":{"rendered":"<p>Dieses Cheese Board ist eine stilvolle Hommage an die Winzerfeste, die jedes Jahr im Herbst in den klassischen Weinbauregionen der Schweiz gefeiert werden. Die mit Trauben gef\u00fcllten Weinf\u00e4sser aus Emmentaler AOP K\u00e4se sind nicht nur ein Fest f\u00fcr den Gaumen, sondern auch echte Hingucker und eine perfekte Begleitung f\u00fcr edle Tropfen. F\u00fcr ein Weinfass h\u00f6hlt [&hellip;]<\/p>\n","protected":false},"author":2,"featured_media":138411,"comment_status":"closed","ping_status":"closed","sticky":false,"template":"","format":"standard","meta":{"inline_featured_image":false,"footnotes":""},"categories":[850,777],"tags":[],"et_countries":[],"acf":[],"_links":{"self":[{"href":"https:\/\/www.emmentaler.ch\/de\/wp-json\/wp\/v2\/posts\/138416"}],"collection":[{"href":"https:\/\/www.emmentaler.ch\/de\/wp-json\/wp\/v2\/posts"}],"about":[{"href":"https:\/\/www.emmentaler.ch\/de\/wp-json\/wp\/v2\/types\/post"}],"author":[{"embeddable":true,"href":"https:\/\/www.emmentaler.ch\/de\/wp-json\/wp\/v2\/users\/2"}],"replies":[{"embeddable":true,"href":"https:\/\/www.emmentaler.ch\/de\/wp-json\/wp\/v2\/comments?post=138416"}],"version-history":[{"count":2,"href":"https:\/\/www.emmentaler.ch\/de\/wp-json\/wp\/v2\/posts\/138416\/revisions"}],"predecessor-version":[{"id":138421,"href":"https:\/\/www.emmentaler.ch\/de\/wp-json\/wp\/v2\/posts\/138416\/revisions\/138421"}],"wp:featuredmedia":[{"embeddable":true,"href":"https:\/\/www.emmentaler.ch\/de\/wp-json\/wp\/v2\/media\/138411"}],"wp:attachment":[{"href":"https:\/\/www.emmentaler.ch\/de\/wp-json\/wp\/v2\/media?parent=138416"}],"wp:term":[{"taxonomy":"category","embeddable":true,"href":"https:\/\/www.emmentaler.ch\/de\/wp-json\/wp\/v2\/categories?post=138416"},{"taxonomy":"post_tag","embeddable":true,"href":"https:\/\/www.emmentaler.ch\/de\/wp-json\/wp\/v2\/tags?post=138416"},{"taxonomy":"et_countries","embeddable":true,"href":"https:\/\/www.emmentaler.ch\/de\/wp-json\/wp\/v2\/et_countries?post=138416"}],"curies":[{"name":"wp","href":"https:\/\/api.w.org\/{rel}","templated":true}]}}