{"id":139288,"date":"2024-12-04T16:59:34","date_gmt":"2024-12-04T15:59:34","guid":{"rendered":"https:\/\/www.emmentaler.ch\/?p=139288"},"modified":"2024-12-04T17:03:40","modified_gmt":"2024-12-04T16:03:40","slug":"cheesy-inspiration-chlousesocken","status":"publish","type":"post","link":"https:\/\/www.emmentaler.ch\/de\/cheesy-inspiration-chlousesocken","title":{"rendered":"Chlousesocken"},"content":{"rendered":"<p><strong>Am Chlousetag wird auch der Samichlaus gerne \u00fcberrascht: Mit lustigen Versen und mit s\u00fcssen Chlousesocken aus Emmentaler AOP und Cranberries. Sie sind ein Hingucker auf jedem Ap\u00e9ro-Tisch und sorgen f\u00fcr genussvolle Momente in der Adventszeit. Perfekt, um den Chlousetag noch festlicher zu gestalten!<\/strong><\/p>\n<p>&nbsp;<\/p>\n<p><img loading=\"lazy\" decoding=\"async\" class=\"alignnone wp-image-139289 size-large\" src=\"https:\/\/www.emmentaler.ch\/wp-content\/uploads\/2024\/12\/Cheesy-Inspiration-Socken-e1733327917608-919x1024.jpg\" alt=\"\" width=\"919\" height=\"1024\" srcset=\"https:\/\/www.emmentaler.ch\/wp-content\/uploads\/2024\/12\/Cheesy-Inspiration-Socken-e1733327917608-919x1024.jpg 919w, https:\/\/www.emmentaler.ch\/wp-content\/uploads\/2024\/12\/Cheesy-Inspiration-Socken-e1733327917608-269x300.jpg 269w, https:\/\/www.emmentaler.ch\/wp-content\/uploads\/2024\/12\/Cheesy-Inspiration-Socken-e1733327917608-768x856.jpg 768w, https:\/\/www.emmentaler.ch\/wp-content\/uploads\/2024\/12\/Cheesy-Inspiration-Socken-e1733327917608.jpg 1080w\" sizes=\"(max-width: 919px) 100vw, 919px\" \/><\/p>\n<p>Den Griff eines Holzbretts mit einer h\u00fcbschen Stoffschleife dekorieren. Aus einer dicken Scheibe Emmentaler AOP K\u00e4se schneidet ihr die Form einer Socke heraus.<\/p>\n<p>Legt die Socke auf das Brett und dekoriert sie ringsum mit halbierten Cranberries. F\u00fcr den Sockenbund verwendet ihr drei Reihen Pinienkerne.<\/p>\n<p>Schneidet aus einer roten Peperoni und dem restlichen Emmentaler AOP Sterne aus und verteilt sie auf dem Holzbrett. Kleine Rosmarinzweige dienen als festliche Dekoration und verbreiten einen herrlichen Duft, der den Samichlaus aus dem tiefen Wald hervorlockt.<\/p>\n","protected":false},"excerpt":{"rendered":"<p>Am Chlousetag wird auch der Samichlaus gerne \u00fcberrascht: Mit lustigen Versen und mit s\u00fcssen Chlousesocken aus Emmentaler AOP und Cranberries. Sie sind ein Hingucker auf jedem Ap\u00e9ro-Tisch und sorgen f\u00fcr genussvolle Momente in der Adventszeit. Perfekt, um den Chlousetag noch festlicher zu gestalten! &nbsp; Den Griff eines Holzbretts mit einer h\u00fcbschen Stoffschleife dekorieren. Aus einer [&hellip;]<\/p>\n","protected":false},"author":22,"featured_media":139289,"comment_status":"closed","ping_status":"closed","sticky":false,"template":"","format":"standard","meta":{"inline_featured_image":false,"footnotes":""},"categories":[777,779],"tags":[],"et_countries":[],"acf":[],"_links":{"self":[{"href":"https:\/\/www.emmentaler.ch\/de\/wp-json\/wp\/v2\/posts\/139288"}],"collection":[{"href":"https:\/\/www.emmentaler.ch\/de\/wp-json\/wp\/v2\/posts"}],"about":[{"href":"https:\/\/www.emmentaler.ch\/de\/wp-json\/wp\/v2\/types\/post"}],"author":[{"embeddable":true,"href":"https:\/\/www.emmentaler.ch\/de\/wp-json\/wp\/v2\/users\/22"}],"replies":[{"embeddable":true,"href":"https:\/\/www.emmentaler.ch\/de\/wp-json\/wp\/v2\/comments?post=139288"}],"version-history":[{"count":4,"href":"https:\/\/www.emmentaler.ch\/de\/wp-json\/wp\/v2\/posts\/139288\/revisions"}],"predecessor-version":[{"id":139298,"href":"https:\/\/www.emmentaler.ch\/de\/wp-json\/wp\/v2\/posts\/139288\/revisions\/139298"}],"wp:featuredmedia":[{"embeddable":true,"href":"https:\/\/www.emmentaler.ch\/de\/wp-json\/wp\/v2\/media\/139289"}],"wp:attachment":[{"href":"https:\/\/www.emmentaler.ch\/de\/wp-json\/wp\/v2\/media?parent=139288"}],"wp:term":[{"taxonomy":"category","embeddable":true,"href":"https:\/\/www.emmentaler.ch\/de\/wp-json\/wp\/v2\/categories?post=139288"},{"taxonomy":"post_tag","embeddable":true,"href":"https:\/\/www.emmentaler.ch\/de\/wp-json\/wp\/v2\/tags?post=139288"},{"taxonomy":"et_countries","embeddable":true,"href":"https:\/\/www.emmentaler.ch\/de\/wp-json\/wp\/v2\/et_countries?post=139288"}],"curies":[{"name":"wp","href":"https:\/\/api.w.org\/{rel}","templated":true}]}}