{"id":140319,"date":"2025-04-08T08:32:20","date_gmt":"2025-04-08T06:32:20","guid":{"rendered":"https:\/\/www.emmentaler.ch\/?p=140319"},"modified":"2025-04-08T08:32:54","modified_gmt":"2025-04-08T06:32:54","slug":"cheesy-inspiration-osterkueken","status":"publish","type":"post","link":"https:\/\/www.emmentaler.ch\/de\/cheesy-inspiration-osterkueken","title":{"rendered":"K\u00e4se-K\u00fcken mit Emmentaler AOP"},"content":{"rendered":"<p>Frisch geschl\u00fcpft aus bunten Ostereiern machen es sich diese lustigen K\u00e4se-K\u00fcken in einem Nest aus Avocado und Rucola gem\u00fctlich. Die knusprigen Toasts sind ein Hingucker auf dem Ostertisch und machen jedem Osterhasen Konkurrenz. Und obwohl die K\u00fcken aus Emmentaler AOP nicht davonfliegen k\u00f6nnen, verschwinden sie umso schneller \u2013 also schnell zugreifen!<\/p>\n<p>Legt einen Toast auf einen Teller und belegt ihn mit d\u00fcnnen Scheiben Avocado. Gebt eine Handvoll frisch gewaschener Rucola dazu, so dass ein \u00fcppiges gr\u00fcnes Bett entsteht. Wer mag, kann den Toast vorher mit Mayonnaise bestreichen.<\/p>\n<p>Schneidet aus einem flachen St\u00fcck Emmentaler AOP K\u00e4se ein K\u00fcken heraus und legt es sorgf\u00e4ltig auf das Nest aus Avocado und Rucola. Vergesst nicht, aus dem restlichen St\u00fcck Emmentaler AOP einen kleinen Fl\u00fcgel herauszuschneiden und auf dem K\u00fcken zu platzieren.<\/p>\n<p>Damit euer K\u00e4se-K\u00fcken noch mehr Gestalt annimmt, bekommt es Augen aus einem Tupfen Mayonnaise und einem Pfefferkorn.<\/p>\n<p>Jetzt k\u00f6nnt ihr das Osternest mit Farbe aufpeppen: Schneidet dazu Fr\u00fchlingszwiebeln in kleine Ringe und halbiert gelbe und rote Cherrytomaten. Zusammen mit etwas Microgreen rund um das K\u00e4se-K\u00fcken platzieren und fertig ist der Osternest-Toast. Macht am besten gleich mehrere davon, denn die K\u00e4se-K\u00fcken sind mit Sicherheit die Stars des Osterbrunchs.<\/p>\n<p>&nbsp;<\/p>\n<p><img loading=\"lazy\" decoding=\"async\" class=\"alignnone wp-image-140321 size-large\" src=\"https:\/\/www.emmentaler.ch\/wp-content\/uploads\/2025\/04\/EMMENTALER_EASTER2025_SMALL-4-1024x683.jpg\" alt=\"\" width=\"1024\" height=\"683\" srcset=\"https:\/\/www.emmentaler.ch\/wp-content\/uploads\/2025\/04\/EMMENTALER_EASTER2025_SMALL-4-1024x683.jpg 1024w, https:\/\/www.emmentaler.ch\/wp-content\/uploads\/2025\/04\/EMMENTALER_EASTER2025_SMALL-4-300x200.jpg 300w, https:\/\/www.emmentaler.ch\/wp-content\/uploads\/2025\/04\/EMMENTALER_EASTER2025_SMALL-4-768x512.jpg 768w, https:\/\/www.emmentaler.ch\/wp-content\/uploads\/2025\/04\/EMMENTALER_EASTER2025_SMALL-4.jpg 1080w\" sizes=\"(max-width: 1024px) 100vw, 1024px\" \/><\/p>\n","protected":false},"excerpt":{"rendered":"<p>Frisch geschl\u00fcpft aus bunten Ostereiern machen es sich diese lustigen K\u00e4se-K\u00fcken in einem Nest aus Avocado und Rucola gem\u00fctlich. Die knusprigen Toasts sind ein Hingucker auf dem Ostertisch und machen jedem Osterhasen Konkurrenz. Und obwohl die K\u00fcken aus Emmentaler AOP nicht davonfliegen k\u00f6nnen, verschwinden sie umso schneller \u2013 also schnell zugreifen! Legt einen Toast auf [&hellip;]<\/p>\n","protected":false},"author":22,"featured_media":140321,"comment_status":"closed","ping_status":"closed","sticky":false,"template":"","format":"standard","meta":{"inline_featured_image":false,"footnotes":""},"categories":[777,778],"tags":[],"et_countries":[],"acf":[],"_links":{"self":[{"href":"https:\/\/www.emmentaler.ch\/de\/wp-json\/wp\/v2\/posts\/140319"}],"collection":[{"href":"https:\/\/www.emmentaler.ch\/de\/wp-json\/wp\/v2\/posts"}],"about":[{"href":"https:\/\/www.emmentaler.ch\/de\/wp-json\/wp\/v2\/types\/post"}],"author":[{"embeddable":true,"href":"https:\/\/www.emmentaler.ch\/de\/wp-json\/wp\/v2\/users\/22"}],"replies":[{"embeddable":true,"href":"https:\/\/www.emmentaler.ch\/de\/wp-json\/wp\/v2\/comments?post=140319"}],"version-history":[{"count":3,"href":"https:\/\/www.emmentaler.ch\/de\/wp-json\/wp\/v2\/posts\/140319\/revisions"}],"predecessor-version":[{"id":140333,"href":"https:\/\/www.emmentaler.ch\/de\/wp-json\/wp\/v2\/posts\/140319\/revisions\/140333"}],"wp:featuredmedia":[{"embeddable":true,"href":"https:\/\/www.emmentaler.ch\/de\/wp-json\/wp\/v2\/media\/140321"}],"wp:attachment":[{"href":"https:\/\/www.emmentaler.ch\/de\/wp-json\/wp\/v2\/media?parent=140319"}],"wp:term":[{"taxonomy":"category","embeddable":true,"href":"https:\/\/www.emmentaler.ch\/de\/wp-json\/wp\/v2\/categories?post=140319"},{"taxonomy":"post_tag","embeddable":true,"href":"https:\/\/www.emmentaler.ch\/de\/wp-json\/wp\/v2\/tags?post=140319"},{"taxonomy":"et_countries","embeddable":true,"href":"https:\/\/www.emmentaler.ch\/de\/wp-json\/wp\/v2\/et_countries?post=140319"}],"curies":[{"name":"wp","href":"https:\/\/api.w.org\/{rel}","templated":true}]}}