{"id":140480,"date":"2025-05-03T12:01:38","date_gmt":"2025-05-03T10:01:38","guid":{"rendered":"https:\/\/www.emmentaler.ch\/?p=140480"},"modified":"2025-05-20T13:42:46","modified_gmt":"2025-05-20T11:42:46","slug":"heublumenpulver-bundesverwaltungsgericht-heisst-die-beschwerde-von-emmentaler-switzerland-gut","status":"publish","type":"post","link":"https:\/\/www.emmentaler.ch\/de\/heublumenpulver-bundesverwaltungsgericht-heisst-die-beschwerde-von-emmentaler-switzerland-gut","title":{"rendered":"Heublumenpulver \u2013 Bundesverwaltungsgericht heisst die Beschwerde von Emmentaler Switzerland gut"},"content":{"rendered":"<h2>Wichtiges Schweizer Kulturgut<\/h2>\n<p><strong><em>Ein wichtiger Schritt zur Sicherung eines Schweizer Kulturguts ist getan: Der Emmentaler AOP wird auch in Zukunft seine typischen grossen L\u00f6cher aufweisen. Die Beschwerde von Emmentaler Switzerland rund um den Einsatz von nat\u00fcrlichem Heublumenpulver zur Verbesserung des Lochansatzes bei der handwerklichen Herstellung von Emmentaler AOP wurde vom Bundesverwaltungsgericht gutgeheissen. <\/em><\/strong><a href=\"http:\/\/www.emmentaler.ch\/\"><strong><em>www.emmentaler.ch<\/em><\/strong><\/a><\/p>\n<p><strong>\u00a0<\/strong><\/p>\n<p>Die L\u00f6cher im K\u00e4se sind das Markenzeichen des Emmentaler AOP und machen ihn weltweit zum Synonym des Schweizer K\u00e4ses. Seit jeher ist im Pflichtenheft der Sortenorganisation Emmentaler Switzerland die optimale Lochung festgehalten und Bestandteil der Qualit\u00e4tskontrolle des Emmentaler AOP. Durch die verbesserte Melktechnik und den heute sehr hohen Hygienestandard beim Melken fehlen in der Milch zunehmend die nat\u00fcrlichen Heupartikel, welche f\u00fcr die Entstehung der ber\u00fchmten Emmentaler AOP-L\u00f6cher von grosser Bedeutung sind. Damit der Emmentaler AOP auch weiterhin und weit \u00fcber unsere Landesgrenzen hinaus \u00fcber sein Markenzeichen verf\u00fcgt, stellte Emmentaler Switzerland den Antrag, bei der Herstellung des Emmentaler AOP den nat\u00fcrlichen und biozertifizierten Hilfsstoff Heublumenpulver verwenden zu d\u00fcrfen.<\/p>\n<p>&nbsp;<\/p>\n<p>Das Bundesamt f\u00fcr Landwirtschaft (BLW) hat diesen Antrag abgelehnt, woraufhin Emmentaler Switzerland eine Beschwerde einreichte, die nun vom Bundesverwaltungsgericht gutgeheissen wurde.\u00a0 Das Gericht befand die von der Sortenorganisation vorgelegten Beweise f\u00fcr ausreichend und die Auswirkungen auf die Urspru\u0308nglichkeit und auf die Vermarktung f\u00fcr angemessen. Im Klartext: Die Verwendung von nat\u00fcrlichem Heublumenpulver und die Aufnahme dieses Hilfsstoffes ins Emmentaler AOP-Pflichtenheft verf\u00e4lscht das Produkt nicht, sondern sorgt im Gegenteil daf\u00fcr, dass es auch in Zukunft in seiner urspr\u00fcnglichen Charakteristik und Qualit\u00e4t hergestellt werden kann. \u00abWir freuen uns sehr \u00fcber den Entscheid des Bundesverwaltungsgerichts. Es ist wichtig, dass wir unsere Schweizer Kulturg\u00fcter sch\u00fctzen und pflegen\u00bb, erl\u00e4utert Urs Schluechter, Direktor Emmentaler Switzerland. \u00abBei Lochansatzpulver handelt es sich um ein biozertifiziertes und nat\u00fcrliches Produkt aus gemahlenen Heublumen, welches die Bildung von Lochansatzstellen im K\u00e4se beg\u00fcnstigt. Denn das Vorhandensein von Heupartikeln in der Milch ist f\u00fcr die Entstehung der ber\u00fchmten Emmentaler AOP-L\u00f6cher von zentraler Bedeutung\u00bb, f\u00fchrt Urs Schluechter weiter aus.\u00a0 Die typischen L\u00f6cher entstehen w\u00e4hrend der Reifung der K\u00e4selaibe im G\u00e4rkeller. Durch die nat\u00fcrliche Propions\u00e4ureg\u00e4rung, welche Bakterien im K\u00e4seteig ausl\u00f6sen, entsteht Kohlens\u00e4uregas. Dieses sammelt sich an den durch die Heupartikel im K\u00e4seteig gebildeten Lochansatzstellen. \u00abDer Gerichtsentscheid des Bundesverwaltungsgerichts erm\u00f6glicht, dass dies auch in Zukunft so bleiben wird und sichert damit ein wichtiges Schweizer Kulturgut\u00bb, freut sich Urs Schluechter \u00fcber den Entscheid.<\/p>\n<figure id=\"attachment_138052\" aria-describedby=\"caption-attachment-138052\" style=\"width: 800px\" class=\"wp-caption alignnone\"><img loading=\"lazy\" decoding=\"async\" class=\"size-large wp-image-138052\" src=\"https:\/\/www.emmentaler.ch\/wp-content\/uploads\/2024\/07\/Header-Bild-Rezepte-Neu-2024-1024x640.jpg\" alt=\"Emmentaler AOP K\u00e4seplatte\" width=\"800\" height=\"500\" srcset=\"https:\/\/www.emmentaler.ch\/wp-content\/uploads\/2024\/07\/Header-Bild-Rezepte-Neu-2024-1024x640.jpg 1024w, https:\/\/www.emmentaler.ch\/wp-content\/uploads\/2024\/07\/Header-Bild-Rezepte-Neu-2024-300x188.jpg 300w, https:\/\/www.emmentaler.ch\/wp-content\/uploads\/2024\/07\/Header-Bild-Rezepte-Neu-2024-768x480.jpg 768w, https:\/\/www.emmentaler.ch\/wp-content\/uploads\/2024\/07\/Header-Bild-Rezepte-Neu-2024-1536x960.jpg 1536w, https:\/\/www.emmentaler.ch\/wp-content\/uploads\/2024\/07\/Header-Bild-Rezepte-Neu-2024.jpg 1920w\" sizes=\"(max-width: 800px) 100vw, 800px\" \/><figcaption id=\"caption-attachment-138052\" class=\"wp-caption-text\">Emmentaler AOP K\u00e4seplatte<\/figcaption><\/figure>\n<p>&nbsp;<\/p>\n<p>Video von SRF &#8211; Tagesschau vom 11.4.25 : <a href=\"https:\/\/www.srf.ch\/play\/tv\/-\/video\/-?urn=urn:srf:video:d1d9accd-17d7-48ec-822a-3a24409d26e6\" rel=\"nofollow noopener\" target=\"_blank\">Link<\/a><\/p>\n<p><a href=\"https:\/\/www.srf.ch\/play\/tv\/-\/video\/-?urn=urn:srf:video:d1d9accd-17d7-48ec-822a-3a24409d26e6\" rel=\"nofollow noopener\" target=\"_blank\"><img loading=\"lazy\" decoding=\"async\" class=\"alignnone size-full wp-image-140642\" src=\"https:\/\/www.emmentaler.ch\/wp-content\/uploads\/2025\/04\/SRF_Urs-Schluechter.jpg\" alt=\"\" width=\"1007\" height=\"545\" srcset=\"https:\/\/www.emmentaler.ch\/wp-content\/uploads\/2025\/04\/SRF_Urs-Schluechter.jpg 1007w, https:\/\/www.emmentaler.ch\/wp-content\/uploads\/2025\/04\/SRF_Urs-Schluechter-300x162.jpg 300w, https:\/\/www.emmentaler.ch\/wp-content\/uploads\/2025\/04\/SRF_Urs-Schluechter-768x416.jpg 768w\" sizes=\"(max-width: 1007px) 100vw, 1007px\" \/><\/a><\/p>\n<p>&nbsp;<\/p>\n<p>Video von Arthur Honegger &#8211; srfnews: <a href=\"https:\/\/www.instagram.com\/reel\/DIT_AfYKPF7\/?utm_source=ig_web_copy_link\" rel=\"nofollow noopener\" target=\"_blank\">Video<\/a><\/p>\n<p><a href=\"https:\/\/www.instagram.com\/reel\/DIT_AfYKPF7\/?utm_source=ig_web_copy_link\" rel=\"nofollow noopener\" target=\"_blank\"><img loading=\"lazy\" decoding=\"async\" class=\"alignnone size-full wp-image-140652\" src=\"https:\/\/www.emmentaler.ch\/wp-content\/uploads\/2025\/04\/SRF-Arthur-Honegger-1.jpg\" alt=\"\" width=\"818\" height=\"657\" srcset=\"https:\/\/www.emmentaler.ch\/wp-content\/uploads\/2025\/04\/SRF-Arthur-Honegger-1.jpg 818w, https:\/\/www.emmentaler.ch\/wp-content\/uploads\/2025\/04\/SRF-Arthur-Honegger-1-300x241.jpg 300w, https:\/\/www.emmentaler.ch\/wp-content\/uploads\/2025\/04\/SRF-Arthur-Honegger-1-768x617.jpg 768w\" sizes=\"(max-width: 818px) 100vw, 818px\" \/><\/a><\/p>\n<p>&nbsp;<\/p>\n","protected":false},"excerpt":{"rendered":"<p>Wichtiges Schweizer Kulturgut Ein wichtiger Schritt zur Sicherung eines Schweizer Kulturguts ist getan: Der Emmentaler AOP wird auch in Zukunft seine typischen grossen L\u00f6cher aufweisen. Die Beschwerde von Emmentaler Switzerland rund um den Einsatz von nat\u00fcrlichem Heublumenpulver zur Verbesserung des Lochansatzes bei der handwerklichen Herstellung von Emmentaler AOP wurde vom Bundesverwaltungsgericht gutgeheissen. www.emmentaler.ch \u00a0 Die [&hellip;]<\/p>\n","protected":false},"author":17,"featured_media":65816,"comment_status":"closed","ping_status":"closed","sticky":false,"template":"","format":"standard","meta":{"inline_featured_image":false,"footnotes":""},"categories":[1],"tags":[],"et_countries":[],"acf":{"additional_infos_teaser_title":"Sicherung eines Schweizer Kulturguts ","additional_infos_related_contents":"","veroffentlichungsdatum":"11.04.2025"},"_links":{"self":[{"href":"https:\/\/www.emmentaler.ch\/de\/wp-json\/wp\/v2\/posts\/140480"}],"collection":[{"href":"https:\/\/www.emmentaler.ch\/de\/wp-json\/wp\/v2\/posts"}],"about":[{"href":"https:\/\/www.emmentaler.ch\/de\/wp-json\/wp\/v2\/types\/post"}],"author":[{"embeddable":true,"href":"https:\/\/www.emmentaler.ch\/de\/wp-json\/wp\/v2\/users\/17"}],"replies":[{"embeddable":true,"href":"https:\/\/www.emmentaler.ch\/de\/wp-json\/wp\/v2\/comments?post=140480"}],"version-history":[{"count":6,"href":"https:\/\/www.emmentaler.ch\/de\/wp-json\/wp\/v2\/posts\/140480\/revisions"}],"predecessor-version":[{"id":140657,"href":"https:\/\/www.emmentaler.ch\/de\/wp-json\/wp\/v2\/posts\/140480\/revisions\/140657"}],"wp:featuredmedia":[{"embeddable":true,"href":"https:\/\/www.emmentaler.ch\/de\/wp-json\/wp\/v2\/media\/65816"}],"wp:attachment":[{"href":"https:\/\/www.emmentaler.ch\/de\/wp-json\/wp\/v2\/media?parent=140480"}],"wp:term":[{"taxonomy":"category","embeddable":true,"href":"https:\/\/www.emmentaler.ch\/de\/wp-json\/wp\/v2\/categories?post=140480"},{"taxonomy":"post_tag","embeddable":true,"href":"https:\/\/www.emmentaler.ch\/de\/wp-json\/wp\/v2\/tags?post=140480"},{"taxonomy":"et_countries","embeddable":true,"href":"https:\/\/www.emmentaler.ch\/de\/wp-json\/wp\/v2\/et_countries?post=140480"}],"curies":[{"name":"wp","href":"https:\/\/api.w.org\/{rel}","templated":true}]}}