{"id":140503,"date":"2025-04-30T11:18:25","date_gmt":"2025-04-30T09:18:25","guid":{"rendered":"https:\/\/www.emmentaler.ch\/?p=140503"},"modified":"2025-05-20T13:47:36","modified_gmt":"2025-05-20T11:47:36","slug":"die-top-10-emmentaler-aop-kaesereien-2024","status":"publish","type":"post","link":"https:\/\/www.emmentaler.ch\/de\/die-top-10-emmentaler-aop-kaesereien-2024","title":{"rendered":"Die Top 10 Emmentaler AOP K\u00e4sereien 2024"},"content":{"rendered":"<h2>Ausgezeichnet f\u00fcr Leidenschaft und Spitzenqualit\u00e4t:<br \/>\nDie Top 10 Emmentaler AOP K\u00e4sereien 2024<\/h2>\n<p>&nbsp;<\/p>\n<p>Traditionsgem\u00e4ss wurden die besten K\u00e4sereien des Jahres an der Delegiertenversammlung geehrt und ausgezeichnet. Bei der Taxation im Alter von 4 Monaten werden die Emmentaler AOP-Laibe der fast 100 Emmentaler AOP-Dorfk\u00e4sereien \u00fcberpr\u00fcft und bewertet. Im Jahr 2024 erreichten nicht weniger als 86,36 % der Emmentaler AOP-Laibe eine absolute Spitzenqualit\u00e4t mit Bewertungen zwischen 19 und 20 Punkten. Die Awards f\u00fcr die beiden besten K\u00e4sereien 2024 gingen an die K\u00e4serei H\u00f6he sowie an die K\u00e4serei Schmid AG, die im Durchschnitt 19.875 von total 20 m\u00f6glichen Punkten erreichten.<\/p>\n<p>Herzliche Gratulation an die Gewinner und an alle unsere engagierten K\u00e4sereien. Dank eurem t\u00e4glichen Einsatz und eurer Leidenschaft f\u00fcr den Emmentaler AOP k\u00f6nnen die Konsument:innen jeden Tag ein St\u00fcck feinen Emmentaler AOP K\u00e4se geniessen.<\/p>\n<p><strong>Gold<\/strong><\/p>\n<p><a href=\"https:\/\/www.emmentaler.ch\/de\/kaeserei\/kaeserei-hoehe?dairyno=3205\" target=\"_blank\" rel=\"noopener\">K\u00e4serei H\u00f6he, Signau<\/a><\/p>\n<p>Durchschnitt: 19.750 Pkt.<\/p>\n<p><a href=\"https:\/\/www.emmentaler.ch\/de\/kaeserei\/kaeserei-schmid-ag?dairyno=3685\" target=\"_blank\" rel=\"noopener\">K\u00e4serei Schmid AG, Buttisholz<\/a><\/p>\n<p>Durchschnitt: 19.750 Pkt.<\/p>\n<p>&nbsp;<\/p>\n<p><strong>Silber<\/strong><\/p>\n<p><a href=\"https:\/\/www.emmentaler.ch\/de\/kaeserei\/kaeserei-benima-ag\" target=\"_blank\" rel=\"noopener\">K\u00e4serei Guntershausen, Gutershausen<\/a><\/p>\n<p>Durchschnitt: 19.7917 Pkt.<\/p>\n<p>&nbsp;<\/p>\n<p><strong>Bronze<\/strong><\/p>\n<p><a href=\"https:\/\/www.emmentaler.ch\/de\/kaeserei\/kaeserei-duerrenbuehl\">K\u00e4serei D\u00fcrrenb\u00fchl, Wyssachen<\/a><\/p>\n<p>Durchschnitt: 19.7273 Pkt.<\/p>\n<p>&nbsp;<\/p>\n<p><strong>Diplom<\/strong><\/p>\n<p><a href=\"https:\/\/www.emmentaler.ch\/de\/kaeserei\/kaeserei-engelburg-ag?dairyno=3437\" target=\"_blank\" rel=\"noopener\">K\u00e4serei Engelburg AG, Engelburg<\/a><\/p>\n<p>Durchschnitt: 19.7083 Pkt.<\/p>\n<p><a href=\"https:\/\/www.emmentaler.ch\/de\/kaeserei\/kaeserei-gritzenmoos-trutigen\">MBB Trutigeer Bioch\u00e4si, Sempach-Station<\/a><\/p>\n<p>Durchschnitt: 19.7083 Pkt.<\/p>\n<p><a href=\"https:\/\/www.emmentaler.ch\/de\/kaeserei\/kaeserei-geiss\">K\u00e4serei Stampfli, Geiss<\/a><\/p>\n<p>Durchschnitt: 19.6667 Pkt.<\/p>\n<p><a href=\"https:\/\/www.emmentaler.ch\/de\/kaeserei\/kaeserei-mueller-thurgau-ag\">K\u00e4serei M\u00fcller-Thurgau AG, K\u00e4serei Steinebrunn<\/a><\/p>\n<p>Durchschnitt: 19.5833 Pkt.<\/p>\n<p><a href=\"https:\/\/www.emmentaler.ch\/de\/kaeserei\/kaeserei-bramegg\">K\u00e4serei Bramegg, Rengg<\/a><\/p>\n<p>Durchschnitt: 19.5833 Pkt.<\/p>\n<p><a href=\"https:\/\/www.emmentaler.ch\/de\/kaeserei\/kaeserei-gondiswil\">K\u00e4serei Gondiswil<\/a><\/p>\n<p>Durchschnitt: 19.5417 Pkt.<\/p>\n<p><a href=\"https:\/\/www.emmentaler.ch\/de\/kaeserei\/kaeserei-roethenbach-i-e\">K\u00e4serei R\u00f6thenbach i. E.<\/a><\/p>\n<p>Durchschnitt: 19.5417 Pkt.<\/p>\n<p><a href=\"https:\/\/www.emmentaler.ch\/de\/kaeserei\/kaeserei-unterfrittenbach\">K\u00e4serei Unterfrittenbach, Zollbr\u00fcck<\/a><\/p>\n<p>Durchschnitt: 19.5417 Pkt.<\/p>\n<p><a href=\"https:\/\/www.emmentaler.ch\/de\/kaeserei\/kaeserei-kleinstein\">K\u00e4serei Sch\u00f6pfer AG, K\u00e4serei Kleinstein, Werthenstein<\/a><\/p>\n<p>Durchschnitt: 19.5417 Pkt.<\/p>\n<p>&nbsp;<\/p>\n<p>\u00dcbergabe des Gold Awards zum 1. Platz an die <a href=\"https:\/\/www.emmentaler.ch\/de\/kaeserei\/kaeserei-hoehe?dairyno=3205\">K\u00e4serei H\u00f6he<\/a><\/p>\n<figure id=\"attachment_140706\" aria-describedby=\"caption-attachment-140706\" style=\"width: 1840px\" class=\"wp-caption alignnone\"><img loading=\"lazy\" decoding=\"async\" class=\"wp-image-140706 size-full\" src=\"https:\/\/www.emmentaler.ch\/wp-content\/uploads\/2025\/04\/Alfred-Schenk_Kaeserei-Hoehe_Emmentaler-AOP_GOLD-e1746004419140.jpg\" alt=\"\" width=\"1840\" height=\"1420\" srcset=\"https:\/\/www.emmentaler.ch\/wp-content\/uploads\/2025\/04\/Alfred-Schenk_Kaeserei-Hoehe_Emmentaler-AOP_GOLD-e1746004419140.jpg 1840w, https:\/\/www.emmentaler.ch\/wp-content\/uploads\/2025\/04\/Alfred-Schenk_Kaeserei-Hoehe_Emmentaler-AOP_GOLD-e1746004419140-300x232.jpg 300w, https:\/\/www.emmentaler.ch\/wp-content\/uploads\/2025\/04\/Alfred-Schenk_Kaeserei-Hoehe_Emmentaler-AOP_GOLD-e1746004419140-1024x790.jpg 1024w, https:\/\/www.emmentaler.ch\/wp-content\/uploads\/2025\/04\/Alfred-Schenk_Kaeserei-Hoehe_Emmentaler-AOP_GOLD-e1746004419140-768x593.jpg 768w, https:\/\/www.emmentaler.ch\/wp-content\/uploads\/2025\/04\/Alfred-Schenk_Kaeserei-Hoehe_Emmentaler-AOP_GOLD-e1746004419140-1536x1185.jpg 1536w\" sizes=\"(max-width: 1840px) 100vw, 1840px\" \/><figcaption id=\"caption-attachment-140706\" class=\"wp-caption-text\">Frauenfeld, 29. April 2025, Delegiertenversammlung von Emmentaler Switzerland in der Kartause Ittingen , K\u00e4serei H\u00f6he, Alfred Schenk, GOLD\u00a9 sedrik nemeth<\/figcaption><\/figure>\n<p>\u00dcbergabe des Gold Awards zum 1. Platz an die <a href=\"https:\/\/www.emmentaler.ch\/de\/kaeserei\/kaeserei-schmid-ag?dairyno=3685\" target=\"_blank\" rel=\"noopener\">K\u00e4serei Schmid<\/a><\/p>\n<figure id=\"attachment_140711\" aria-describedby=\"caption-attachment-140711\" style=\"width: 1840px\" class=\"wp-caption alignnone\"><img loading=\"lazy\" decoding=\"async\" class=\"wp-image-140711 size-full\" src=\"https:\/\/www.emmentaler.ch\/wp-content\/uploads\/2025\/04\/Erwin-Schmid_Kaeserei-Buttisholz_Emmentaler-AOP_GOLD-e1746004455695.jpg\" alt=\"\" width=\"1840\" height=\"1420\" srcset=\"https:\/\/www.emmentaler.ch\/wp-content\/uploads\/2025\/04\/Erwin-Schmid_Kaeserei-Buttisholz_Emmentaler-AOP_GOLD-e1746004455695.jpg 1840w, https:\/\/www.emmentaler.ch\/wp-content\/uploads\/2025\/04\/Erwin-Schmid_Kaeserei-Buttisholz_Emmentaler-AOP_GOLD-e1746004455695-300x232.jpg 300w, https:\/\/www.emmentaler.ch\/wp-content\/uploads\/2025\/04\/Erwin-Schmid_Kaeserei-Buttisholz_Emmentaler-AOP_GOLD-e1746004455695-1024x790.jpg 1024w, https:\/\/www.emmentaler.ch\/wp-content\/uploads\/2025\/04\/Erwin-Schmid_Kaeserei-Buttisholz_Emmentaler-AOP_GOLD-e1746004455695-768x593.jpg 768w, https:\/\/www.emmentaler.ch\/wp-content\/uploads\/2025\/04\/Erwin-Schmid_Kaeserei-Buttisholz_Emmentaler-AOP_GOLD-e1746004455695-1536x1185.jpg 1536w\" sizes=\"(max-width: 1840px) 100vw, 1840px\" \/><figcaption id=\"caption-attachment-140711\" class=\"wp-caption-text\">Frauenfeld, 29. April 2025, Delegiertenversammlung von Emmentaler Switzerland in der Kartause Ittingen, K\u00e4serei Buttisholz, Erwin Schmid, GOLD \u00a9 sedrik nemeth<\/figcaption><\/figure>\n<p>\u00dcbergabe des Silber Awards zum 2. Platz an die <a href=\"https:\/\/www.emmentaler.ch\/de\/kaeserei\/kaeserei-benima-ag\" target=\"_blank\" rel=\"noopener\">K\u00e4serei Guntershausen<\/a><\/p>\n<figure id=\"attachment_140716\" aria-describedby=\"caption-attachment-140716\" style=\"width: 1840px\" class=\"wp-caption alignnone\"><img loading=\"lazy\" decoding=\"async\" class=\"wp-image-140716 size-full\" src=\"https:\/\/www.emmentaler.ch\/wp-content\/uploads\/2025\/04\/Bernhard-Naef_Kaeserei-Guntershausen_Emmentaler-AOP_SILBER-e1746004499644.jpg\" alt=\"\" width=\"1840\" height=\"1420\" srcset=\"https:\/\/www.emmentaler.ch\/wp-content\/uploads\/2025\/04\/Bernhard-Naef_Kaeserei-Guntershausen_Emmentaler-AOP_SILBER-e1746004499644.jpg 1840w, https:\/\/www.emmentaler.ch\/wp-content\/uploads\/2025\/04\/Bernhard-Naef_Kaeserei-Guntershausen_Emmentaler-AOP_SILBER-e1746004499644-300x232.jpg 300w, https:\/\/www.emmentaler.ch\/wp-content\/uploads\/2025\/04\/Bernhard-Naef_Kaeserei-Guntershausen_Emmentaler-AOP_SILBER-e1746004499644-1024x790.jpg 1024w, https:\/\/www.emmentaler.ch\/wp-content\/uploads\/2025\/04\/Bernhard-Naef_Kaeserei-Guntershausen_Emmentaler-AOP_SILBER-e1746004499644-768x593.jpg 768w, https:\/\/www.emmentaler.ch\/wp-content\/uploads\/2025\/04\/Bernhard-Naef_Kaeserei-Guntershausen_Emmentaler-AOP_SILBER-e1746004499644-1536x1185.jpg 1536w\" sizes=\"(max-width: 1840px) 100vw, 1840px\" \/><figcaption id=\"caption-attachment-140716\" class=\"wp-caption-text\">Frauenfeld, 29. April 2025, Delegiertenversammlung von Emmentaler Switzerland in der Kartause Ittingen, K\u00e4serei Guntershausen, Bernhard N\u00e4f, SILBER \u00a9 sedrik nemeth<\/figcaption><\/figure>\n<p>\u00dcbergabe des Bronze Awards zum 3. Platz an die <a href=\"https:\/\/www.emmentaler.ch\/de\/kaeserei\/kaeserei-duerrenbuehl\" target=\"_blank\" rel=\"noopener\">K\u00e4serei D\u00fcrrenb\u00fchl<\/a><\/p>\n<figure id=\"attachment_140701\" aria-describedby=\"caption-attachment-140701\" style=\"width: 1840px\" class=\"wp-caption alignnone\"><img loading=\"lazy\" decoding=\"async\" class=\"wp-image-140701 size-full\" src=\"https:\/\/www.emmentaler.ch\/wp-content\/uploads\/2025\/04\/Urs-Wuethrich_Kaeserei-Duerrenbuehl_Emmentaler-AOP_BRONZE-e1746004533119.jpg\" alt=\"\" width=\"1840\" height=\"1420\" srcset=\"https:\/\/www.emmentaler.ch\/wp-content\/uploads\/2025\/04\/Urs-Wuethrich_Kaeserei-Duerrenbuehl_Emmentaler-AOP_BRONZE-e1746004533119.jpg 1840w, https:\/\/www.emmentaler.ch\/wp-content\/uploads\/2025\/04\/Urs-Wuethrich_Kaeserei-Duerrenbuehl_Emmentaler-AOP_BRONZE-e1746004533119-300x232.jpg 300w, https:\/\/www.emmentaler.ch\/wp-content\/uploads\/2025\/04\/Urs-Wuethrich_Kaeserei-Duerrenbuehl_Emmentaler-AOP_BRONZE-e1746004533119-1024x790.jpg 1024w, https:\/\/www.emmentaler.ch\/wp-content\/uploads\/2025\/04\/Urs-Wuethrich_Kaeserei-Duerrenbuehl_Emmentaler-AOP_BRONZE-e1746004533119-768x593.jpg 768w, https:\/\/www.emmentaler.ch\/wp-content\/uploads\/2025\/04\/Urs-Wuethrich_Kaeserei-Duerrenbuehl_Emmentaler-AOP_BRONZE-e1746004533119-1536x1185.jpg 1536w\" sizes=\"(max-width: 1840px) 100vw, 1840px\" \/><figcaption id=\"caption-attachment-140701\" class=\"wp-caption-text\">Frauenfeld, 29. April 2025, Delegiertenversammlung von Emmentaler Switzerland in der Kartause Ittingen, K\u00e4serei Durrenb\u00fchl, Urs W\u00fcthrich, BRONZE \u00a9 sedrik nemeth<\/figcaption><\/figure>\n<p>Ittingen, le 29 avril 2025 Assembl\u00e9e des d\u00e9l\u00e9gu\u00e9s de Emmentaler AOP \u00a9 sedrik nemeth<\/p>\n<p>&nbsp;<\/p>\n<p>Diploms an die <a href=\"https:\/\/www.emmentaler.ch\/de\/kaeserei\/kaeserei-engelburg-ag?dairyno=3437\" target=\"_blank\" rel=\"noopener\">K\u00e4serei Engelburg AG, Engelburg<\/a><\/p>\n<figure id=\"attachment_140884\" aria-describedby=\"caption-attachment-140884\" style=\"width: 1840px\" class=\"wp-caption alignnone\"><img loading=\"lazy\" decoding=\"async\" class=\"wp-image-140884 size-full\" src=\"https:\/\/www.emmentaler.ch\/wp-content\/uploads\/2025\/04\/Kaeserei-Engelburg-AG-e1746101770993.jpg\" alt=\"\" width=\"1840\" height=\"1420\" srcset=\"https:\/\/www.emmentaler.ch\/wp-content\/uploads\/2025\/04\/Kaeserei-Engelburg-AG-e1746101770993.jpg 1840w, https:\/\/www.emmentaler.ch\/wp-content\/uploads\/2025\/04\/Kaeserei-Engelburg-AG-e1746101770993-300x232.jpg 300w, https:\/\/www.emmentaler.ch\/wp-content\/uploads\/2025\/04\/Kaeserei-Engelburg-AG-e1746101770993-1024x790.jpg 1024w, https:\/\/www.emmentaler.ch\/wp-content\/uploads\/2025\/04\/Kaeserei-Engelburg-AG-e1746101770993-768x593.jpg 768w, https:\/\/www.emmentaler.ch\/wp-content\/uploads\/2025\/04\/Kaeserei-Engelburg-AG-e1746101770993-1536x1185.jpg 1536w\" sizes=\"(max-width: 1840px) 100vw, 1840px\" \/><figcaption id=\"caption-attachment-140884\" class=\"wp-caption-text\">Frauenfeld, 29. April 2025, Delegiertenversammlung von Emmentaler Switzerland in der Kartause Ittingen, K\u00e4serei Engelburg, Roland Schlegel DIPLOM \u00a9 sedrik nemeth<\/figcaption><\/figure>\n<p>&nbsp;<\/p>\n<p>Diploms an die <a href=\"https:\/\/www.emmentaler.ch\/de\/kaeserei\/kaeserei-gritzenmoos-trutigen\">MBB Trutigeer Bioch\u00e4si, Sempach-Station<\/a><\/p>\n<figure id=\"attachment_140840\" aria-describedby=\"caption-attachment-140840\" style=\"width: 1840px\" class=\"wp-caption alignnone\"><img loading=\"lazy\" decoding=\"async\" class=\"wp-image-140840 size-full\" src=\"https:\/\/www.emmentaler.ch\/wp-content\/uploads\/2025\/04\/Kaeserei-Gritzenmoos-Trutigen-e1746094312827.jpg\" alt=\"\" width=\"1840\" height=\"1420\" srcset=\"https:\/\/www.emmentaler.ch\/wp-content\/uploads\/2025\/04\/Kaeserei-Gritzenmoos-Trutigen-e1746094312827.jpg 1840w, https:\/\/www.emmentaler.ch\/wp-content\/uploads\/2025\/04\/Kaeserei-Gritzenmoos-Trutigen-e1746094312827-300x232.jpg 300w, https:\/\/www.emmentaler.ch\/wp-content\/uploads\/2025\/04\/Kaeserei-Gritzenmoos-Trutigen-e1746094312827-768x593.jpg 768w, https:\/\/www.emmentaler.ch\/wp-content\/uploads\/2025\/04\/Kaeserei-Gritzenmoos-Trutigen-e1746094312827-1024x790.jpg 1024w, https:\/\/www.emmentaler.ch\/wp-content\/uploads\/2025\/04\/Kaeserei-Gritzenmoos-Trutigen-e1746094312827-1536x1185.jpg 1536w\" sizes=\"(max-width: 1840px) 100vw, 1840px\" \/><figcaption id=\"caption-attachment-140840\" class=\"wp-caption-text\">Frauenfeld, 29. April 2025, Delegiertenversammlung von Emmentaler Switzerland in der Kartause Ittingen, K\u00e4serei Gritzmoos-Trutigen, Bruno Dubach DIPLOM \u00a9 sedrik nemeth<\/figcaption><\/figure>\n<p>Diploms an die <a href=\"https:\/\/www.emmentaler.ch\/de\/kaeserei\/kaeserei-geiss\">K\u00e4serei Stampfli, Geiss<\/a><\/p>\n<figure id=\"attachment_140879\" aria-describedby=\"caption-attachment-140879\" style=\"width: 1840px\" class=\"wp-caption alignnone\"><img loading=\"lazy\" decoding=\"async\" class=\"wp-image-140879 size-full\" src=\"https:\/\/www.emmentaler.ch\/wp-content\/uploads\/2025\/04\/Kaeserei-Geiss-e1746101957699.jpg\" alt=\"\" width=\"1840\" height=\"1420\" srcset=\"https:\/\/www.emmentaler.ch\/wp-content\/uploads\/2025\/04\/Kaeserei-Geiss-e1746101957699.jpg 1840w, https:\/\/www.emmentaler.ch\/wp-content\/uploads\/2025\/04\/Kaeserei-Geiss-e1746101957699-300x232.jpg 300w, https:\/\/www.emmentaler.ch\/wp-content\/uploads\/2025\/04\/Kaeserei-Geiss-e1746101957699-1024x790.jpg 1024w, https:\/\/www.emmentaler.ch\/wp-content\/uploads\/2025\/04\/Kaeserei-Geiss-e1746101957699-768x593.jpg 768w, https:\/\/www.emmentaler.ch\/wp-content\/uploads\/2025\/04\/Kaeserei-Geiss-e1746101957699-1536x1185.jpg 1536w\" sizes=\"(max-width: 1840px) 100vw, 1840px\" \/><figcaption id=\"caption-attachment-140879\" class=\"wp-caption-text\">Frauenfeld, 29. April 2025, Delegiertenversammlung von Emmentaler Switzerland in der Kartause Ittingen, K\u00e4serei Geiss, Jules Stampfli, Simon B\u00fchlmann DIPLOM \u00a9 sedrik nemeth<\/figcaption><\/figure>\n<p>Diploms an die <a href=\"https:\/\/www.emmentaler.ch\/de\/kaeserei\/kaeserei-mueller-thurgau-ag\">K\u00e4serei M\u00fcller-Thurgau AG, K\u00e4serei Steinebrunn<\/a><\/p>\n<figure id=\"attachment_140845\" aria-describedby=\"caption-attachment-140845\" style=\"width: 2400px\" class=\"wp-caption alignnone\"><img loading=\"lazy\" decoding=\"async\" class=\"wp-image-140845 size-full\" src=\"https:\/\/www.emmentaler.ch\/wp-content\/uploads\/2025\/04\/Kaeserei-Mueller-Thurgau-AG.jpg\" alt=\"\" width=\"2400\" height=\"1602\" srcset=\"https:\/\/www.emmentaler.ch\/wp-content\/uploads\/2025\/04\/Kaeserei-Mueller-Thurgau-AG.jpg 2400w, https:\/\/www.emmentaler.ch\/wp-content\/uploads\/2025\/04\/Kaeserei-Mueller-Thurgau-AG-300x200.jpg 300w, https:\/\/www.emmentaler.ch\/wp-content\/uploads\/2025\/04\/Kaeserei-Mueller-Thurgau-AG-1024x684.jpg 1024w, https:\/\/www.emmentaler.ch\/wp-content\/uploads\/2025\/04\/Kaeserei-Mueller-Thurgau-AG-768x513.jpg 768w, https:\/\/www.emmentaler.ch\/wp-content\/uploads\/2025\/04\/Kaeserei-Mueller-Thurgau-AG-1536x1025.jpg 1536w, https:\/\/www.emmentaler.ch\/wp-content\/uploads\/2025\/04\/Kaeserei-Mueller-Thurgau-AG-2048x1367.jpg 2048w\" sizes=\"(max-width: 2400px) 100vw, 2400px\" \/><figcaption id=\"caption-attachment-140845\" class=\"wp-caption-text\">Frauenfeld, 29. April 2025, Delegiertenversammlung von Emmentaler Switzerland in der Kartause Ittingen, K\u00e4serei M\u00fcller Thurgau, Heinz Haffa, Reto Beer, Tony M\u00fcller DIPLOM \u00a9 sedrik nemeth<\/figcaption><\/figure>\n<p>Diploms an die <a href=\"https:\/\/www.emmentaler.ch\/de\/kaeserei\/kaeserei-bramegg\">K\u00e4serei Bramegg, Rengg<\/a><\/p>\n<figure id=\"attachment_140850\" aria-describedby=\"caption-attachment-140850\" style=\"width: 1840px\" class=\"wp-caption alignnone\"><img loading=\"lazy\" decoding=\"async\" class=\"wp-image-140850 size-full\" src=\"https:\/\/www.emmentaler.ch\/wp-content\/uploads\/2025\/04\/Kaeserei-Bramegg_-e1746094560966.jpg\" alt=\"\" width=\"1840\" height=\"1420\" srcset=\"https:\/\/www.emmentaler.ch\/wp-content\/uploads\/2025\/04\/Kaeserei-Bramegg_-e1746094560966.jpg 1840w, https:\/\/www.emmentaler.ch\/wp-content\/uploads\/2025\/04\/Kaeserei-Bramegg_-e1746094560966-300x232.jpg 300w, https:\/\/www.emmentaler.ch\/wp-content\/uploads\/2025\/04\/Kaeserei-Bramegg_-e1746094560966-1024x790.jpg 1024w, https:\/\/www.emmentaler.ch\/wp-content\/uploads\/2025\/04\/Kaeserei-Bramegg_-e1746094560966-768x593.jpg 768w, https:\/\/www.emmentaler.ch\/wp-content\/uploads\/2025\/04\/Kaeserei-Bramegg_-e1746094560966-1536x1185.jpg 1536w\" sizes=\"(max-width: 1840px) 100vw, 1840px\" \/><figcaption id=\"caption-attachment-140850\" class=\"wp-caption-text\">Frauenfeld, 29. April 2025, Delegiertenversammlung von Emmentaler Switzerland in der Kartause Ittingen, K\u00e4serei Bramegg, Roman Zemp DIPLOM \u00a9 sedrik nemeth<\/figcaption><\/figure>\n<p>Diploms an die <a href=\"https:\/\/www.emmentaler.ch\/de\/kaeserei\/kaeserei-gondiswil\">K\u00e4serei Gondiswil<\/a><\/p>\n<figure id=\"attachment_140855\" aria-describedby=\"caption-attachment-140855\" style=\"width: 1840px\" class=\"wp-caption alignnone\"><img loading=\"lazy\" decoding=\"async\" class=\"wp-image-140855 size-full\" src=\"https:\/\/www.emmentaler.ch\/wp-content\/uploads\/2025\/04\/Kaeserei-Gondiswil-e1746094638511.jpg\" alt=\"\" width=\"1840\" height=\"1420\" srcset=\"https:\/\/www.emmentaler.ch\/wp-content\/uploads\/2025\/04\/Kaeserei-Gondiswil-e1746094638511.jpg 1840w, https:\/\/www.emmentaler.ch\/wp-content\/uploads\/2025\/04\/Kaeserei-Gondiswil-e1746094638511-300x232.jpg 300w, https:\/\/www.emmentaler.ch\/wp-content\/uploads\/2025\/04\/Kaeserei-Gondiswil-e1746094638511-1024x790.jpg 1024w, https:\/\/www.emmentaler.ch\/wp-content\/uploads\/2025\/04\/Kaeserei-Gondiswil-e1746094638511-768x593.jpg 768w, https:\/\/www.emmentaler.ch\/wp-content\/uploads\/2025\/04\/Kaeserei-Gondiswil-e1746094638511-1536x1185.jpg 1536w\" sizes=\"(max-width: 1840px) 100vw, 1840px\" \/><figcaption id=\"caption-attachment-140855\" class=\"wp-caption-text\">Frauenfeld, 29. April 2025, Delegiertenversammlung von Emmentaler Switzerland in der Kartause Ittingen, K\u00e4serei Gondiswil, Thomas Thierstein DIPLOM \u00a9 sedrik nemeth<\/figcaption><\/figure>\n<p>Diploms an die <a href=\"https:\/\/www.emmentaler.ch\/de\/kaeserei\/kaeserei-roethenbach-i-e\">K\u00e4serei R\u00f6thenbach i. E.<\/a><\/p>\n<figure id=\"attachment_140860\" aria-describedby=\"caption-attachment-140860\" style=\"width: 1840px\" class=\"wp-caption alignnone\"><img loading=\"lazy\" decoding=\"async\" class=\"wp-image-140860 size-full\" src=\"https:\/\/www.emmentaler.ch\/wp-content\/uploads\/2025\/04\/Kaeserei-Roethenbach-e1746094688566.jpg\" alt=\"\" width=\"1840\" height=\"1420\" srcset=\"https:\/\/www.emmentaler.ch\/wp-content\/uploads\/2025\/04\/Kaeserei-Roethenbach-e1746094688566.jpg 1840w, https:\/\/www.emmentaler.ch\/wp-content\/uploads\/2025\/04\/Kaeserei-Roethenbach-e1746094688566-300x232.jpg 300w, https:\/\/www.emmentaler.ch\/wp-content\/uploads\/2025\/04\/Kaeserei-Roethenbach-e1746094688566-1024x790.jpg 1024w, https:\/\/www.emmentaler.ch\/wp-content\/uploads\/2025\/04\/Kaeserei-Roethenbach-e1746094688566-768x593.jpg 768w, https:\/\/www.emmentaler.ch\/wp-content\/uploads\/2025\/04\/Kaeserei-Roethenbach-e1746094688566-1536x1185.jpg 1536w\" sizes=\"(max-width: 1840px) 100vw, 1840px\" \/><figcaption id=\"caption-attachment-140860\" class=\"wp-caption-text\">Frauenfeld, 29. April 2025, Delegiertenversammlung von Emmentaler Switzerland in der Kartause Ittingen, K\u00e4serei R\u00f6thenbach i. E., Jakob Leuenberger DIPLOM \u00a9 sedrik nemeth<\/figcaption><\/figure>\n<p>Diploms an die <a href=\"https:\/\/www.emmentaler.ch\/de\/kaeserei\/kaeserei-unterfrittenbach\">K\u00e4serei Unterfrittenbach, Zollbr\u00fcck<\/a><\/p>\n<figure id=\"attachment_140865\" aria-describedby=\"caption-attachment-140865\" style=\"width: 1840px\" class=\"wp-caption alignnone\"><img loading=\"lazy\" decoding=\"async\" class=\"wp-image-140865 size-full\" src=\"https:\/\/www.emmentaler.ch\/wp-content\/uploads\/2025\/04\/Kaeserei-Unterfrittenbach-e1746094786121.jpg\" alt=\"\" width=\"1840\" height=\"1420\" srcset=\"https:\/\/www.emmentaler.ch\/wp-content\/uploads\/2025\/04\/Kaeserei-Unterfrittenbach-e1746094786121.jpg 1840w, https:\/\/www.emmentaler.ch\/wp-content\/uploads\/2025\/04\/Kaeserei-Unterfrittenbach-e1746094786121-300x232.jpg 300w, https:\/\/www.emmentaler.ch\/wp-content\/uploads\/2025\/04\/Kaeserei-Unterfrittenbach-e1746094786121-1024x790.jpg 1024w, https:\/\/www.emmentaler.ch\/wp-content\/uploads\/2025\/04\/Kaeserei-Unterfrittenbach-e1746094786121-768x593.jpg 768w, https:\/\/www.emmentaler.ch\/wp-content\/uploads\/2025\/04\/Kaeserei-Unterfrittenbach-e1746094786121-1536x1185.jpg 1536w\" sizes=\"(max-width: 1840px) 100vw, 1840px\" \/><figcaption id=\"caption-attachment-140865\" class=\"wp-caption-text\">Frauenfeld, 29. April 2025, Delegiertenversammlung von Emmentaler Switzerland in der Kartause Ittingen, K\u00e4serei Unterfrittenbach, Daniel Blaser DIPLOM \u00a9 sedrik nemeth<\/figcaption><\/figure>\n<p>Diploms an die <a href=\"https:\/\/www.emmentaler.ch\/de\/kaeserei\/kaeserei-kleinstein\">K\u00e4serei Sch\u00f6pfer AG, K\u00e4serei Kleinstein, Werthenstein<\/a><\/p>\n<figure id=\"attachment_140870\" aria-describedby=\"caption-attachment-140870\" style=\"width: 1840px\" class=\"wp-caption alignnone\"><img loading=\"lazy\" decoding=\"async\" class=\"wp-image-140870 size-full\" src=\"https:\/\/www.emmentaler.ch\/wp-content\/uploads\/2025\/04\/Kaeserei-Kleinstein-e1746094847628.jpg\" alt=\"\" width=\"1840\" height=\"1420\" srcset=\"https:\/\/www.emmentaler.ch\/wp-content\/uploads\/2025\/04\/Kaeserei-Kleinstein-e1746094847628.jpg 1840w, https:\/\/www.emmentaler.ch\/wp-content\/uploads\/2025\/04\/Kaeserei-Kleinstein-e1746094847628-300x232.jpg 300w, https:\/\/www.emmentaler.ch\/wp-content\/uploads\/2025\/04\/Kaeserei-Kleinstein-e1746094847628-1024x790.jpg 1024w, https:\/\/www.emmentaler.ch\/wp-content\/uploads\/2025\/04\/Kaeserei-Kleinstein-e1746094847628-768x593.jpg 768w, https:\/\/www.emmentaler.ch\/wp-content\/uploads\/2025\/04\/Kaeserei-Kleinstein-e1746094847628-1536x1185.jpg 1536w\" sizes=\"(max-width: 1840px) 100vw, 1840px\" \/><figcaption id=\"caption-attachment-140870\" class=\"wp-caption-text\">Frauenfeld, 29. April 2025, Delegiertenversammlung von Emmentaler Switzerland in der Kartause Ittingen, K\u00e4serei Kleinstein, Silvio Sch\u00f6pfer, Thomas Schacher \u00a9 sedrik nemeth<\/figcaption><\/figure>\n","protected":false},"excerpt":{"rendered":"<p>Ausgezeichnet f\u00fcr Leidenschaft und Spitzenqualit\u00e4t: Die Top 10 Emmentaler AOP K\u00e4sereien 2024 &nbsp; Traditionsgem\u00e4ss wurden die besten K\u00e4sereien des Jahres an der Delegiertenversammlung geehrt und ausgezeichnet. Bei der Taxation im Alter von 4 Monaten werden die Emmentaler AOP-Laibe der fast 100 Emmentaler AOP-Dorfk\u00e4sereien \u00fcberpr\u00fcft und bewertet. Im Jahr 2024 erreichten nicht weniger als 86,36 % [&hellip;]<\/p>\n","protected":false},"author":17,"featured_media":140889,"comment_status":"closed","ping_status":"closed","sticky":false,"template":"","format":"standard","meta":{"inline_featured_image":false,"footnotes":""},"categories":[1],"tags":[],"et_countries":[],"acf":{"additional_infos_teaser_title":"Herzliche Gratulation!","additional_infos_related_contents":"","veroffentlichungsdatum":""},"_links":{"self":[{"href":"https:\/\/www.emmentaler.ch\/de\/wp-json\/wp\/v2\/posts\/140503"}],"collection":[{"href":"https:\/\/www.emmentaler.ch\/de\/wp-json\/wp\/v2\/posts"}],"about":[{"href":"https:\/\/www.emmentaler.ch\/de\/wp-json\/wp\/v2\/types\/post"}],"author":[{"embeddable":true,"href":"https:\/\/www.emmentaler.ch\/de\/wp-json\/wp\/v2\/users\/17"}],"replies":[{"embeddable":true,"href":"https:\/\/www.emmentaler.ch\/de\/wp-json\/wp\/v2\/comments?post=140503"}],"version-history":[{"count":12,"href":"https:\/\/www.emmentaler.ch\/de\/wp-json\/wp\/v2\/posts\/140503\/revisions"}],"predecessor-version":[{"id":141026,"href":"https:\/\/www.emmentaler.ch\/de\/wp-json\/wp\/v2\/posts\/140503\/revisions\/141026"}],"wp:featuredmedia":[{"embeddable":true,"href":"https:\/\/www.emmentaler.ch\/de\/wp-json\/wp\/v2\/media\/140889"}],"wp:attachment":[{"href":"https:\/\/www.emmentaler.ch\/de\/wp-json\/wp\/v2\/media?parent=140503"}],"wp:term":[{"taxonomy":"category","embeddable":true,"href":"https:\/\/www.emmentaler.ch\/de\/wp-json\/wp\/v2\/categories?post=140503"},{"taxonomy":"post_tag","embeddable":true,"href":"https:\/\/www.emmentaler.ch\/de\/wp-json\/wp\/v2\/tags?post=140503"},{"taxonomy":"et_countries","embeddable":true,"href":"https:\/\/www.emmentaler.ch\/de\/wp-json\/wp\/v2\/et_countries?post=140503"}],"curies":[{"name":"wp","href":"https:\/\/api.w.org\/{rel}","templated":true}]}}