{"id":141762,"date":"2025-08-17T15:14:59","date_gmt":"2025-08-17T13:14:59","guid":{"rendered":"https:\/\/www.emmentaler.ch\/?p=141762"},"modified":"2025-08-18T08:09:20","modified_gmt":"2025-08-18T06:09:20","slug":"food-pairing-emmentaler-aop-kaese-x-brot","status":"publish","type":"post","link":"https:\/\/www.emmentaler.ch\/de\/food-pairing-emmentaler-aop-kaese-x-brot","title":{"rendered":"Food Pairing \u2013<br>CH\u00c4S x BROT"},"content":{"rendered":"<h2>CH\u00c4S x BROT<\/h2>\n<p>Gemeinsam mit Brotsommelier Peter Kasimow von Fredy\u2019s Backstube haben wir uns auf eine kulinarische Entdeckungsreise begeben.<br data-start=\"244\" data-end=\"247\" \/>Knusprige Brotvariationen trafen auf Emmentaler AOP in verschiedenen Reifegraden \u2013 jede Kombination ein neues Abenteuer f\u00fcr den Gaumen. Wer h\u00e4tte gedacht, dass K\u00e4se und Brot so viele Genussgeschichten erz\u00e4hlen k\u00f6nnen?<\/p>\n<h2><a href=\"https:\/\/fredys.ch\/de\/backschule\/brotsommelier\" rel=\"nofollow noopener\" target=\"_blank\"><img loading=\"lazy\" decoding=\"async\" class=\"aligncenter wp-image-141911\" style=\"font-size: 16px; font-weight: 400;\" src=\"https:\/\/www.emmentaler.ch\/wp-content\/uploads\/2025\/07\/Peter-Kasimow-2-225x300.jpg\" alt=\"\" width=\"249\" height=\"332\"><\/a><\/h2>\n<h2><\/h2>\n<p>Ob ein junger, milder Emmentaler AOP oder ein kr\u00e4ftig gereifter \u2013 mit dem passenden Brot und einem sorgf\u00e4ltig abgestimmten Getr\u00e4nk wird jeder Bissen zu einem besonderen Geschmackserlebnis.<\/p>\n<h2><a href=\"https:\/\/fredys.ch\/de\/home\" rel=\"nofollow noopener\" target=\"_blank\"><img loading=\"lazy\" decoding=\"async\" class=\"aligncenter wp-image-141916\" src=\"https:\/\/www.emmentaler.ch\/wp-content\/uploads\/2025\/07\/FredysLogoLead_SoSchmecktBrot_04.0_schwarz_400x200_rgb_72dpi-300x161.jpg\" alt=\"\" width=\"256\" height=\"138\" srcset=\"https:\/\/www.emmentaler.ch\/wp-content\/uploads\/2025\/07\/FredysLogoLead_SoSchmecktBrot_04.0_schwarz_400x200_rgb_72dpi-300x161.jpg 300w, https:\/\/www.emmentaler.ch\/wp-content\/uploads\/2025\/07\/FredysLogoLead_SoSchmecktBrot_04.0_schwarz_400x200_rgb_72dpi.jpg 372w\" sizes=\"(max-width: 256px) 100vw, 256px\" \/><\/a><\/h2>\n<p>&nbsp;<\/p>\n\t\t<div data-elementor-type=\"section\" data-elementor-id=\"141900\" class=\"elementor elementor-141900\" data-elementor-post-type=\"elementor_library\">\n\t\t\t\t\t<div class=\"elementor-section-wrap\">\n\t\t\t\t\t\t\t\t<section class=\"elementor-section elementor-top-section elementor-element elementor-element-06acefc elementor-section-boxed elementor-section-height-default elementor-section-height-default\" data-id=\"06acefc\" data-element_type=\"section\" data-settings=\"{&quot;jet_parallax_layout_list&quot;:[]}\">\n\t\t\t\t\t\t<div class=\"elementor-container elementor-column-gap-narrow\">\n\t\t\t\t\t\t\t<div class=\"elementor-row\">\n\t\t\t\t\t<div class=\"elementor-column elementor-col-50 elementor-top-column elementor-element elementor-element-f0eed4c\" data-id=\"f0eed4c\" data-element_type=\"column\">\n\t\t\t<div class=\"elementor-column-wrap elementor-element-populated\">\n\t\t\t\t\t\t\t<div class=\"elementor-widget-wrap\">\n\t\t\t\t\t\t<div class=\"elementor-element elementor-element-d04017d elementor-cta--skin-cover elementor-animated-content elementor-bg-transform elementor-bg-transform-zoom-in elementor-widget elementor-widget-call-to-action\" data-id=\"d04017d\" data-element_type=\"widget\" data-widget_type=\"call-to-action.default\">\n\t\t\t\t<div class=\"elementor-widget-container\">\n\t\t\t\t\t<a class=\"elementor-cta\" href=\"#link1\">\n\t\t\t\t\t<div class=\"elementor-cta__bg-wrapper\">\n\t\t\t\t<div class=\"elementor-cta__bg elementor-bg\" style=\"background-image: url(https:\/\/www.emmentaler.ch\/wp-content\/uploads\/2025\/07\/Design-ohne-Titel-5-1024x683.png);\" role=\"img\" aria-label=\"Design ohne Titel (5)\"><\/div>\n\t\t\t\t<div class=\"elementor-cta__bg-overlay\"><\/div>\n\t\t\t<\/div>\n\t\t\t\t\t\t\t<div class=\"elementor-cta__content\">\n\t\t\t\t\n\t\t\t\t\t\t\t\t\t<h2 class=\"elementor-cta__title elementor-cta__content-item elementor-content-item elementor-animated-item--grow\">\n\t\t\t\t\t\tMild x<br>Butterzopf\t\t\t\t\t<\/h2>\n\t\t\t\t\n\t\t\t\t\n\t\t\t\t\t\t\t<\/div>\n\t\t\t\t\t\t\t<div class=\"elementor-ribbon elementor-ribbon-left\">\n\t\t\t\t<div class=\"elementor-ribbon-inner\">PAIRING 01<\/div>\n\t\t\t<\/div>\n\t\t\t\t<\/a>\n\t\t\t\t<\/div>\n\t\t\t\t<\/div>\n\t\t\t\t\t\t<\/div>\n\t\t\t\t\t<\/div>\n\t\t<\/div>\n\t\t\t\t<div class=\"elementor-column elementor-col-50 elementor-top-column elementor-element elementor-element-115d6e0\" data-id=\"115d6e0\" data-element_type=\"column\">\n\t\t\t<div class=\"elementor-column-wrap elementor-element-populated\">\n\t\t\t\t\t\t\t<div class=\"elementor-widget-wrap\">\n\t\t\t\t\t\t<div class=\"elementor-element elementor-element-f501b6e elementor-cta--skin-cover elementor-animated-content elementor-bg-transform elementor-bg-transform-zoom-in elementor-widget elementor-widget-call-to-action\" data-id=\"f501b6e\" data-element_type=\"widget\" data-widget_type=\"call-to-action.default\">\n\t\t\t\t<div class=\"elementor-widget-container\">\n\t\t\t\t\t<a class=\"elementor-cta\" href=\"#link2\">\n\t\t\t\t\t<div class=\"elementor-cta__bg-wrapper\">\n\t\t\t\t<div class=\"elementor-cta__bg elementor-bg\" style=\"background-image: url(https:\/\/www.emmentaler.ch\/wp-content\/uploads\/2025\/07\/Emmentaler-AOP-Bio-Surchoix-x-Bio-Knospen-Pura-Brot-aus-dem-Holzofen-1024x683.png);\" role=\"img\" aria-label=\"Emmentaler AOP Bio Surchoix x Bio Knospen Pura-Brot aus dem Holzofen\"><\/div>\n\t\t\t\t<div class=\"elementor-cta__bg-overlay\"><\/div>\n\t\t\t<\/div>\n\t\t\t\t\t\t\t<div class=\"elementor-cta__content\">\n\t\t\t\t\n\t\t\t\t\t\t\t\t\t<h2 class=\"elementor-cta__title elementor-cta__content-item elementor-content-item elementor-animated-item--grow\">\n\t\t\t\t\t\tSurchoix x<br>Pura-Brot\t\t\t\t\t<\/h2>\n\t\t\t\t\n\t\t\t\t\n\t\t\t\t\t\t\t<\/div>\n\t\t\t\t\t\t\t<div class=\"elementor-ribbon elementor-ribbon-left\">\n\t\t\t\t<div class=\"elementor-ribbon-inner\">PAIRING 02<\/div>\n\t\t\t<\/div>\n\t\t\t\t<\/a>\n\t\t\t\t<\/div>\n\t\t\t\t<\/div>\n\t\t\t\t\t\t<\/div>\n\t\t\t\t\t<\/div>\n\t\t<\/div>\n\t\t\t\t\t\t\t\t<\/div>\n\t\t\t\t\t<\/div>\n\t\t<\/section>\n\t\t\t\t<section class=\"elementor-section elementor-top-section elementor-element elementor-element-f3ebaa4 elementor-section-boxed elementor-section-height-default elementor-section-height-default\" data-id=\"f3ebaa4\" data-element_type=\"section\" data-settings=\"{&quot;jet_parallax_layout_list&quot;:[]}\">\n\t\t\t\t\t\t<div class=\"elementor-container elementor-column-gap-narrow\">\n\t\t\t\t\t\t\t<div class=\"elementor-row\">\n\t\t\t\t\t<div class=\"elementor-column elementor-col-50 elementor-top-column elementor-element elementor-element-bb7f4be\" data-id=\"bb7f4be\" data-element_type=\"column\">\n\t\t\t<div class=\"elementor-column-wrap elementor-element-populated\">\n\t\t\t\t\t\t\t<div class=\"elementor-widget-wrap\">\n\t\t\t\t\t\t<div class=\"elementor-element elementor-element-fa66bd5 elementor-cta--skin-cover elementor-animated-content elementor-bg-transform elementor-bg-transform-zoom-in elementor-widget elementor-widget-call-to-action\" data-id=\"fa66bd5\" data-element_type=\"widget\" data-widget_type=\"call-to-action.default\">\n\t\t\t\t<div class=\"elementor-widget-container\">\n\t\t\t\t\t<a class=\"elementor-cta\" href=\"#link3\">\n\t\t\t\t\t<div class=\"elementor-cta__bg-wrapper\">\n\t\t\t\t<div class=\"elementor-cta__bg elementor-bg\" style=\"background-image: url(https:\/\/www.emmentaler.ch\/wp-content\/uploads\/2025\/07\/Design-ohne-Titel-6-1024x683.png);\" role=\"img\" aria-label=\"Emmentaler AOP-H\u00f6hlengereift (12 Monate Cave d\u2019Or) mit Mehrkornbrot\"><\/div>\n\t\t\t\t<div class=\"elementor-cta__bg-overlay\"><\/div>\n\t\t\t<\/div>\n\t\t\t\t\t\t\t<div class=\"elementor-cta__content\">\n\t\t\t\t\n\t\t\t\t\t\t\t\t\t<h2 class=\"elementor-cta__title elementor-cta__content-item elementor-content-item elementor-animated-item--grow\">\n\t\t\t\t\t\tH\u00f6hlengereift x<br>Mehrkornbrot\t\t\t\t\t<\/h2>\n\t\t\t\t\n\t\t\t\t\n\t\t\t\t\t\t\t<\/div>\n\t\t\t\t\t\t\t<div class=\"elementor-ribbon elementor-ribbon-left\">\n\t\t\t\t<div class=\"elementor-ribbon-inner\">PAIRING 03<\/div>\n\t\t\t<\/div>\n\t\t\t\t<\/a>\n\t\t\t\t<\/div>\n\t\t\t\t<\/div>\n\t\t\t\t\t\t<\/div>\n\t\t\t\t\t<\/div>\n\t\t<\/div>\n\t\t\t\t<div class=\"elementor-column elementor-col-50 elementor-top-column elementor-element elementor-element-7fe65a6\" data-id=\"7fe65a6\" data-element_type=\"column\">\n\t\t\t<div class=\"elementor-column-wrap elementor-element-populated\">\n\t\t\t\t\t\t\t<div class=\"elementor-widget-wrap\">\n\t\t\t\t\t\t<div class=\"elementor-element elementor-element-2cff6b2 elementor-cta--skin-cover elementor-animated-content elementor-bg-transform elementor-bg-transform-zoom-in elementor-widget elementor-widget-call-to-action\" data-id=\"2cff6b2\" data-element_type=\"widget\" data-widget_type=\"call-to-action.default\">\n\t\t\t\t<div class=\"elementor-widget-container\">\n\t\t\t\t\t<a class=\"elementor-cta\" href=\"#link4\">\n\t\t\t\t\t<div class=\"elementor-cta__bg-wrapper\">\n\t\t\t\t<div class=\"elementor-cta__bg elementor-bg\" style=\"background-image: url(https:\/\/www.emmentaler.ch\/wp-content\/uploads\/2025\/07\/Design-ohne-Titel-7-1024x683.png);\" role=\"img\" aria-label=\"Design ohne Titel (7)\"><\/div>\n\t\t\t\t<div class=\"elementor-cta__bg-overlay\"><\/div>\n\t\t\t<\/div>\n\t\t\t\t\t\t\t<div class=\"elementor-cta__content\">\n\t\t\t\t\n\t\t\t\t\t\t\t\t\t<h2 class=\"elementor-cta__title elementor-cta__content-item elementor-content-item elementor-animated-item--grow\">\n\t\t\t\t\t\tExtra x<br>Kartoffelbrot\t\t\t\t\t<\/h2>\n\t\t\t\t\n\t\t\t\t\n\t\t\t\t\t\t\t<\/div>\n\t\t\t\t\t\t\t<div class=\"elementor-ribbon elementor-ribbon-left\">\n\t\t\t\t<div class=\"elementor-ribbon-inner\">PAIRING 04<\/div>\n\t\t\t<\/div>\n\t\t\t\t<\/a>\n\t\t\t\t<\/div>\n\t\t\t\t<\/div>\n\t\t\t\t\t\t<\/div>\n\t\t\t\t\t<\/div>\n\t\t<\/div>\n\t\t\t\t\t\t\t\t<\/div>\n\t\t\t\t\t<\/div>\n\t\t<\/section>\n\t\t\t\t\t\t\t<\/div>\n\t\t\t\t<\/div>\n\t\t\n<p>&nbsp;<\/p>\n<p>&nbsp;<\/p>\n<p>Herzlichen Dank an alle Beteiligten f\u00fcr den inspirierenden Austausch und die genussvollen Entdeckungen!<\/p>\n<p>Viel Spass beim Kombinieren und Geniessen dieser kulinarischen Vielfalt.<\/p>\n<p>&nbsp;<\/p>\n<p>&nbsp;<\/p>\n<p><strong id=\"link1\">Emmentaler AOP mild x Butterzopf<\/strong><\/p>\n<p><img loading=\"lazy\" decoding=\"async\" class=\"alignnone wp-image-141769 size-large\" src=\"https:\/\/www.emmentaler.ch\/wp-content\/uploads\/2025\/07\/Design-ohne-Titel-5-1024x683.png\" alt=\"Emmentaler AOP mild x Butterzopf\" width=\"1024\" height=\"683\" srcset=\"https:\/\/www.emmentaler.ch\/wp-content\/uploads\/2025\/07\/Design-ohne-Titel-5-1024x683.png 1024w, https:\/\/www.emmentaler.ch\/wp-content\/uploads\/2025\/07\/Design-ohne-Titel-5-300x200.png 300w, https:\/\/www.emmentaler.ch\/wp-content\/uploads\/2025\/07\/Design-ohne-Titel-5-768x512.png 768w, https:\/\/www.emmentaler.ch\/wp-content\/uploads\/2025\/07\/Design-ohne-Titel-5-1536x1024.png 1536w, https:\/\/www.emmentaler.ch\/wp-content\/uploads\/2025\/07\/Design-ohne-Titel-5-2048x1365.png 2048w\" sizes=\"(max-width: 1024px) 100vw, 1024px\" \/><\/p>\n<p>Der <a href=\"https:\/\/www.emmentaler.ch\/de\/sorte\/mild-classic\">zart-milde Emmentaler AOP<\/a> mit einer Reifezeit von vier Monaten harmoniert hervorragend mit einem klassischen <a href=\"https:\/\/fredys.ch\/de\/bestellung\/sortiment\/produkt-detailseite\/tk-butterzopf-2-strang-sga\" rel=\"nofollow noopener\" target=\"_blank\">Butterzopf aus dem Hause Fredy\u2019s<\/a>. Die weiche, saftige Krume und die fein gebr\u00e4unte Kruste des Zopfs spiegeln die geschmeidige, elastische Konsistenz des jungen Emmentaler AOP wider und ergeben gemeinsam ein ausgewogenes Mundgef\u00fchl.<\/p>\n<p>Geschmacklich treffen zwei Produkte aufeinander, die sich in ihrer Zur\u00fcckhaltung und Eleganz wunderbar erg\u00e4nzen. Die rahmigen und milchigen Noten des K\u00e4ses verbinden sich mit der leichten S\u00fcsse und der feinen Butternote des Zopfs zu einem stimmigen Gesamterlebnis. Ein Hauch von Nussigkeit rundet die Kombination ab, ein Genuss, der weder \u00fcberfordert noch langweilt, sondern durch Balance und Harmonie \u00fcberzeugt.<\/p>\n<p>Als passende Begleitung zur Kombination aus Emmentaler AOP mild und Butterzopf empfiehlt sich der Tessiner Merlot DOC Carato 2020. Ein fruchtbetonter, ausgewogener Rotwein mit Charakter.<\/p>\n<p>Dieser Merlot \u00fcberzeugt mit seiner kr\u00e4ftigen Struktur und aromatischen Komplexit\u00e4t. In der Nase entfalten sich intensive Noten von Brombeeren, Heidelbeeren und einem Hauch von D\u00f6rrobst, die dem Wein Tiefe und W\u00e4rme verleihen.<\/p>\n<p>Die zarte Milde des Emmentaler AOP und die buttrige Note des Zopfs werden durch diesen Merlot perfekt erg\u00e4nzt. Seine Frucht und Struktur verleihen dem Ensemble eine edle Vollendung und heben das Genusserlebnis auf eine neue Ebene. Ein stimmiges Zusammenspiel von Wein, K\u00e4se und Brot. Harmonisch, rund und voller Genuss.<\/p>\n<p>&nbsp;<\/p>\n<hr style=\"border: none; height: 2px; background-color: #c8a078; padding: 0 20px;\" \/>\n<p>&nbsp;<\/p>\n<p><strong id=\"link2\">Emmentaler AOP Bio Surchoix <\/strong><strong>mit Bio Knospen Pura-Brot aus dem Holzofen<\/strong><\/p>\n<p><img loading=\"lazy\" decoding=\"async\" class=\"alignnone wp-image-141782 size-large\" src=\"https:\/\/www.emmentaler.ch\/wp-content\/uploads\/2025\/07\/Emmentaler-AOP-Bio-Surchoix-x-Bio-Knospen-Pura-Brot-aus-dem-Holzofen-1024x683.png\" alt=\"Emmentaler AOP Bio Surchoix mit Bio Knospe Pura-Brot aus dem Holzofen\" width=\"1024\" height=\"683\" srcset=\"https:\/\/www.emmentaler.ch\/wp-content\/uploads\/2025\/07\/Emmentaler-AOP-Bio-Surchoix-x-Bio-Knospen-Pura-Brot-aus-dem-Holzofen-1024x683.png 1024w, https:\/\/www.emmentaler.ch\/wp-content\/uploads\/2025\/07\/Emmentaler-AOP-Bio-Surchoix-x-Bio-Knospen-Pura-Brot-aus-dem-Holzofen-300x200.png 300w, https:\/\/www.emmentaler.ch\/wp-content\/uploads\/2025\/07\/Emmentaler-AOP-Bio-Surchoix-x-Bio-Knospen-Pura-Brot-aus-dem-Holzofen-768x512.png 768w, https:\/\/www.emmentaler.ch\/wp-content\/uploads\/2025\/07\/Emmentaler-AOP-Bio-Surchoix-x-Bio-Knospen-Pura-Brot-aus-dem-Holzofen-1536x1024.png 1536w, https:\/\/www.emmentaler.ch\/wp-content\/uploads\/2025\/07\/Emmentaler-AOP-Bio-Surchoix-x-Bio-Knospen-Pura-Brot-aus-dem-Holzofen-2048x1365.png 2048w\" sizes=\"(max-width: 1024px) 100vw, 1024px\" \/><\/p>\n<p>Wenn K\u00e4se Charakter zeigt, dann nach acht Monaten Reifezeit. Der <a href=\"https:\/\/www.emmentaler.ch\/de\/sorte\/bio-reserve-surchoix\">Emmentaler AOP Bio Surchoix<\/a> hebt sich klar vom milden Bruder ab: In der Nase entfalten sich kr\u00e4ftige, leicht hefige Aromen, w\u00fcrzig und vielversprechend. Am Gaumen \u00fcberzeugt er mit einer harmonischen Balance aus nussigen und pikanten Noten, die lange nachhallen. Seine feste, aber leicht elastische Struktur sorgt f\u00fcr ein angenehmes Mundgef\u00fchl. Ein K\u00e4se, der mit Tiefe und Textur begeistert.<\/p>\n<p>Dazu braucht es ein Brot, das auf Augenh\u00f6he mitspielen kann. Brotsommelier Peter Kasimow empfiehlt das Bio Knospe Pura-Brot \u2013 ein Ruchbrot mit Charakter und Tiefe. Der Teig reift \u00fcber 24 Stunden und entfaltet dabei ein komplexes Aromenspiel. Von Hand geformt und im gl\u00fchend heissen Holzofen gebacken, entsteht eine kr\u00e4ftige, dunkle Kruste mit feinen R\u00f6staromen. Innen \u00fcberrascht eine saftige, grobporige Krume mit fruchtig-milden S\u00e4uren und einem malzig-nussigen Geschmack. Das perfekte Fundament f\u00fcr einen Surchoix.<\/p>\n<p>F\u00fcr den perfekten Abschluss dieser kulinarischen Liaison empfiehlt sich ein Glas Bio Syrah Grand Cru Barrique AOC 2022. Im Glas tief rubinrot, entfaltet er in der Nase fruchtige Noten von Kirsche und Himbeere, begleitet von feinen Gew\u00fcrznuancen. Am Gaumen trifft dezente Holzreife auf lebendige Frucht. Elegant, ausgewogen, und im Zusammenspiel mit K\u00e4se und Brot schlicht unwiderstehlich. Eine genussvolle Trilogie, die ihresgleichen sucht.<\/p>\n<p>\u00dcbrigens: Das Pura-Brot gibt\u2019s in jeder Coop-Filiale. F\u00fcr alle, die dieses einzigartige Geschmackserlebnis nach Hause holen wollen.<\/p>\n<p>&nbsp;<\/p>\n<hr style=\"border: none; height: 2px; background-color: #c8a078; padding: 0 20px;\" \/>\n<p>&nbsp;<\/p>\n<p><strong id=\"link3\">Emmentaler AOP-H\u00f6hlengereift mit Mehrkornbrot<\/strong><\/p>\n<p><img loading=\"lazy\" decoding=\"async\" class=\"alignnone wp-image-141787 size-large\" src=\"https:\/\/www.emmentaler.ch\/wp-content\/uploads\/2025\/07\/Design-ohne-Titel-6-1024x683.png\" alt=\"Emmentaler AOP-H\u00f6hlengereift mit Mehrkornbrot\" width=\"1024\" height=\"683\" srcset=\"https:\/\/www.emmentaler.ch\/wp-content\/uploads\/2025\/07\/Design-ohne-Titel-6-1024x683.png 1024w, https:\/\/www.emmentaler.ch\/wp-content\/uploads\/2025\/07\/Design-ohne-Titel-6-300x200.png 300w, https:\/\/www.emmentaler.ch\/wp-content\/uploads\/2025\/07\/Design-ohne-Titel-6-768x512.png 768w, https:\/\/www.emmentaler.ch\/wp-content\/uploads\/2025\/07\/Design-ohne-Titel-6-1536x1024.png 1536w, https:\/\/www.emmentaler.ch\/wp-content\/uploads\/2025\/07\/Design-ohne-Titel-6-2048x1365.png 2048w\" sizes=\"(max-width: 1024px) 100vw, 1024px\" \/><\/p>\n<p>Der w\u00e4hrend 12 Monaten in der <a href=\"https:\/\/www.emmentaler.ch\/de\/sorte\/hoehlengereift\">H\u00f6hle gereifte Emmentaler AOP<\/a> Cave d\u2019Or ist ein K\u00e4se f\u00fcr wahre Feinschmecker. Er vereint intensives Aroma mit einer markanten Sch\u00e4rfe und W\u00fcrze. Charakterstark und voller Tiefe. Die dunkle Naturrinde setzt ihn optisch in Szene: Ein starker Kontrast zwischen tiefem Schwarz und elfenbeinfarbener K\u00e4semasse, der sofort ins Auge f\u00e4llt.<\/p>\n<p>Schon der erste Bissen offenbart vielschichtige Aromen. Nussige Noten, dezentes umami und eine kristalline Textur, die in cremiger Harmonie mit dem festen Bissen verschmilzt. Ein Mundgef\u00fchl, das elegant bleibt und ausgewogen kraftvoll ist.<\/p>\n<p>Hier braucht es ein Brot, das mithalten kann. Nicht als Statist, sondern als gleichwertiger Partner. Unser <a href=\"https:\/\/fredys.ch\/de\/bestellung\/sortiment\/produkt-detailseite\/hb-mehrkornbrot-ips\" rel=\"nofollow noopener\" target=\"_blank\">Mehrkornbrot<\/a> ist reich an Saaten. Sowohl innen, wie auch aussen. Die Kruste liefert R\u00f6staromen, die Krume \u00fcberrascht mit malzig-nussigen Nuancen und einer fruchtig-milden S\u00e4ure. Geschmack, Aroma und Textur greifen ineinander, als ob dieses Brot eigens f\u00fcr diesen K\u00e4se gebacken wurde.<\/p>\n<p>Das Ergebnis: Zwei Charakterk\u00f6pfe, die sich nicht \u00fcbert\u00f6nen, sondern gegenseitig st\u00e4rken. Ein Zusammenspiel auf Augenh\u00f6he. Ein kulinarisches Duo, das Genuss verspricht.<\/p>\n<p>Es muss nicht immer Bier oder Wein sein, um diese kulinarische Trilogie stilvoll zu vollenden. Ich empfehle einen naturtr\u00fcben, leicht gek\u00fchlten Apfelsaft. Seine feine Fruchts\u00e4ure und dezente S\u00fcsse erg\u00e4nzen das Aroma des K\u00e4ses ebenso wie die kr\u00e4ftige Note des Brotes. Erfrischend anders und \u00fcberraschend harmonisch.<\/p>\n<p>Das feine Mehrkornbrot finden Sie in den meisten Volg Filialen. F\u00fcr alle, die diesen Genussmoment erleben wollen.<\/p>\n<p>&nbsp;<\/p>\n<hr style=\"border: none; height: 2px; background-color: #c8a078; padding: 0 20px;\" \/>\n<p>&nbsp;<\/p>\n<p><strong id=\"link4\">Emmentaler AOP-Extra mit Kartoffel-Baumnussbrot<\/strong><\/p>\n<p><img loading=\"lazy\" decoding=\"async\" class=\"alignnone wp-image-141792 size-large\" src=\"https:\/\/www.emmentaler.ch\/wp-content\/uploads\/2025\/07\/Design-ohne-Titel-7-1024x683.png\" alt=\"Emmentaler AOP-Extra (15 Monate gereift) mit Kartoffel-Baumnussbrot\" width=\"1024\" height=\"683\" srcset=\"https:\/\/www.emmentaler.ch\/wp-content\/uploads\/2025\/07\/Design-ohne-Titel-7-1024x683.png 1024w, https:\/\/www.emmentaler.ch\/wp-content\/uploads\/2025\/07\/Design-ohne-Titel-7-300x200.png 300w, https:\/\/www.emmentaler.ch\/wp-content\/uploads\/2025\/07\/Design-ohne-Titel-7-768x512.png 768w, https:\/\/www.emmentaler.ch\/wp-content\/uploads\/2025\/07\/Design-ohne-Titel-7-1536x1024.png 1536w, https:\/\/www.emmentaler.ch\/wp-content\/uploads\/2025\/07\/Design-ohne-Titel-7-2048x1365.png 2048w\" sizes=\"(max-width: 1024px) 100vw, 1024px\" \/><\/p>\n<p>Extra lange gereift, extra viel Geschmack: Der <a href=\"https:\/\/www.emmentaler.ch\/de\/sorte\/extra\">Emmentaler AOP-Extra<\/a> zeigt Charakter. 15 Monate Reifezeit verleihen ihm eine unverkennbare Aromatiefe, die ihm eine treue Fangemeinde beschert. Seine w\u00fcrzige Sch\u00e4rfe, die feine Salznote und ein Hauch von karamellartiger S\u00fcsse machen ihn zu einem echten Geschmackserlebnis. Dieser K\u00e4se geh\u00f6rt auf jedes K\u00e4sebuffet und in jede gut sortierte K\u00fcche. Ob zum Verfeinern von Suppen, frisch geraffelt \u00fcber den Salat oder ganz einfach pur genossen mit einem guten St\u00fcck Brot.<\/p>\n<p>Besonders faszinierend ist der langanhaltende Umami-Nachgeschmack, begleitet von einer dezenten Heunote. Ein Zusammenspiel, das auf der Zunge nachklingt.<\/p>\n<p>Die perfekte Begleitung ist das <a href=\"https:\/\/fredys.ch\/de\/bestellung\/sortiment\/produkt-detailseite\/hb-nuss-kartoffelbrot-ips\" rel=\"nofollow noopener\" target=\"_blank\">Kartoffel-Baumnussbrot<\/a>. Das nussige Aroma der Waln\u00fcsse und die leicht erdige Note der Kartoffel mildern die kr\u00e4ftige W\u00fcrze des Emmentalers, ohne seinem Charakter die B\u00fchne zu nehmen. Die Kombination aus zwei unterschiedlichen Texturen wirkt wie ein kulinarisches Match. Die kristalline, leicht br\u00fcchige Struktur des K\u00e4ses trifft auf die saftige Krume mit knusprigen Nussst\u00fccken. Ein Mundgef\u00fchl der Extraklasse.<\/p>\n<p>Auch geschmacklich steht das Brot dem K\u00e4se in nichts nach: Eine ausgewogene Milch- und Essigs\u00e4ure, gepaart mit einer s\u00fcsslich-malzigen Note, sorgt f\u00fcr Harmonie und Tiefe. Zusammen ergeben K\u00e4se und Brot ein Genussduo, das Tradition und Raffinesse meisterhaft verbindet. Ein guter Tropfen darf bei diesem Dreiklang aus K\u00e4se, Brot und Genuss nat\u00fcrlich nicht fehlen. Ein Chasselas aus der Region rund um den Neuenburgersee ist wie geschaffen f\u00fcr diese Kombination. Mit seiner dezenten Fruchtigkeit und der milden S\u00e4ure begleitet er den Emmentaler AOP Extra auf elegante Weise, ohne dessen feine Aromen zu \u00fcberlagern. Stattdessen hebt er die geschmackliche Tiefe hervor und rundet das Zusammenspiel mit dem Kartoffel-Baumnussbrot harmonisch ab.<\/p>\n","protected":false},"excerpt":{"rendered":"<p>CH\u00c4S x BROT Gemeinsam mit Brotsommelier Peter Kasimow von Fredy\u2019s Backstube haben wir uns auf eine kulinarische Entdeckungsreise begeben.Knusprige Brotvariationen trafen auf Emmentaler AOP in verschiedenen Reifegraden \u2013 jede Kombination ein neues Abenteuer f\u00fcr den Gaumen. Wer h\u00e4tte gedacht, dass K\u00e4se und Brot so viele Genussgeschichten erz\u00e4hlen k\u00f6nnen? Ob ein junger, milder Emmentaler AOP oder [&hellip;]<\/p>\n","protected":false},"author":17,"featured_media":141769,"comment_status":"closed","ping_status":"closed","sticky":false,"template":"","format":"standard","meta":{"inline_featured_image":false,"footnotes":""},"categories":[1],"tags":[],"et_countries":[],"acf":{"additional_infos_teaser_title":"","additional_infos_related_contents":"","veroffentlichungsdatum":""},"_links":{"self":[{"href":"https:\/\/www.emmentaler.ch\/de\/wp-json\/wp\/v2\/posts\/141762"}],"collection":[{"href":"https:\/\/www.emmentaler.ch\/de\/wp-json\/wp\/v2\/posts"}],"about":[{"href":"https:\/\/www.emmentaler.ch\/de\/wp-json\/wp\/v2\/types\/post"}],"author":[{"embeddable":true,"href":"https:\/\/www.emmentaler.ch\/de\/wp-json\/wp\/v2\/users\/17"}],"replies":[{"embeddable":true,"href":"https:\/\/www.emmentaler.ch\/de\/wp-json\/wp\/v2\/comments?post=141762"}],"version-history":[{"count":57,"href":"https:\/\/www.emmentaler.ch\/de\/wp-json\/wp\/v2\/posts\/141762\/revisions"}],"predecessor-version":[{"id":142004,"href":"https:\/\/www.emmentaler.ch\/de\/wp-json\/wp\/v2\/posts\/141762\/revisions\/142004"}],"wp:featuredmedia":[{"embeddable":true,"href":"https:\/\/www.emmentaler.ch\/de\/wp-json\/wp\/v2\/media\/141769"}],"wp:attachment":[{"href":"https:\/\/www.emmentaler.ch\/de\/wp-json\/wp\/v2\/media?parent=141762"}],"wp:term":[{"taxonomy":"category","embeddable":true,"href":"https:\/\/www.emmentaler.ch\/de\/wp-json\/wp\/v2\/categories?post=141762"},{"taxonomy":"post_tag","embeddable":true,"href":"https:\/\/www.emmentaler.ch\/de\/wp-json\/wp\/v2\/tags?post=141762"},{"taxonomy":"et_countries","embeddable":true,"href":"https:\/\/www.emmentaler.ch\/de\/wp-json\/wp\/v2\/et_countries?post=141762"}],"curies":[{"name":"wp","href":"https:\/\/api.w.org\/{rel}","templated":true}]}}