{"id":142070,"date":"2025-09-14T13:25:24","date_gmt":"2025-09-14T11:25:24","guid":{"rendered":"https:\/\/www.emmentaler.ch\/?p=142070"},"modified":"2025-09-15T12:02:40","modified_gmt":"2025-09-15T10:02:40","slug":"3-emmentaler-aop-tag-2025","status":"publish","type":"post","link":"https:\/\/www.emmentaler.ch\/de\/3-emmentaler-aop-tag-2025","title":{"rendered":"3. Emmentaler AOP Tag 2025"},"content":{"rendered":"<p><strong>Am 13. September 2025 war es wieder so weit: Der Emmentaler AOP Tag ging in die dritte Runde \u2013 und verwandelte das Gel\u00e4nde der Emmentaler Schauk\u00e4serei in Affoltern i. E. in einen lebendigen Treffpunkt f\u00fcr K\u00e4seliebhaber:innen, Familien und Musikfans.<\/strong><\/p>\n<p>Besonders gross war die Neugier auf die neu er\u00f6ffnete Emmentaler AOP Erlebniswelt: Erstmals konnten die G\u00e4ste die voll ausger\u00fcstete K\u00e4serei begehen und das Handwerk des ber\u00fchmten Emmentaler AOP hautnah kennenlernen.<\/p>\n<p>F\u00fcr Spannung und Unterhaltung sorgte einmal mehr das Emmentaler AOP Rollen. Zweierteams traten im Duell gegeneinander an, um einen 100-Kilo-Laib geschickt durch den von Jumi \u2013 der wilden K\u00e4se-Truppe aus dem Emmental \u2013 kreierten Parcours zu man\u00f6vrieren. Das Team \u00abHumpleheroes\u00bb gewann das packende Finale in 26 Sekunden und wurde von Emmentaler AOP Ambassadorin, Rezept-Autorin und Moderatorin Zoe Torinesi zum Sieger gek\u00fchrt. Eine \u00dcberraschung erwartete die Zuschauer:innen beim \u00abDuell der Giganten\u00bb: Statt T\u00eate de Moine Botschafter und Schwinger Lukas Renfer \u2013 der beim Eidgen\u00f6ssischen Schwing- und \u00c4lplerfest (ESAF) 2025 die beiden letzten G\u00e4nge verletzungsbedingt nicht bestreiten konnte und deshalb leider auch auf das \u00abDuell der Giganten\u00bb verzichten musste \u2013 trat Fritz Ramseier gegen Emmentaler AOP Ambassador, Schwingerk\u00f6nig und Milchbauer Matthias Sempach an.Ramseier setzte sich gegen Sempach durch und gewann im Anschluss an seinen grossen Erfolg am ESAF 2025 das Emmentaler AOP \u00abDuell der Giganten\u00bb.<\/p>\n<p>Den ganzen Tag \u00fcber erfreuten sich Besucher:innen an Klassikern wie dem Ch\u00e4serzmorge, der Emmentaler AOP Degustation sowie an modernen Interpretationen wie dem beliebten Cheese-Dog. Ein besonderes Highlight war zudem die gemeinsame Pr\u00e4sentation von Emmentaler AOP und T\u00eate de Moine, die nicht nur beim Ch\u00e4serzmorge f\u00fcr Gaumenfreude sorgte, sondern auch mit einer spektakul\u00e4ren Fahrt im T\u00eate de Moine Heissluftballon, bei der Gross und Klein am Vormittag zehn Meter in die H\u00f6he steigen konnten. Als musikalischer H\u00f6hepunkt sorgte Nickless, Swiss Music Award Gewinner und Emmentaler AOP Ambassador, mit einem energiegeladenen Konzert f\u00fcr G\u00e4nsehautmomente.<\/p>\n<p><strong>Herzlichen Dank an alle Besucher:innen, die den Emmentaler AOP Tag mit uns verbracht und diesen so unvergesslich gemacht haben.<\/strong><\/p>\n<p>Fotos: Sedrik Nemeth<\/p>\n<p><img loading=\"lazy\" decoding=\"async\" class=\"size-large wp-image-142105\" src=\"https:\/\/www.emmentaler.ch\/wp-content\/uploads\/2025\/09\/S1500086-1024x679.jpg\" alt=\"\" width=\"800\" height=\"530\" srcset=\"https:\/\/www.emmentaler.ch\/wp-content\/uploads\/2025\/09\/S1500086-1024x679.jpg 1024w, https:\/\/www.emmentaler.ch\/wp-content\/uploads\/2025\/09\/S1500086-300x199.jpg 300w, https:\/\/www.emmentaler.ch\/wp-content\/uploads\/2025\/09\/S1500086-768x509.jpg 768w, https:\/\/www.emmentaler.ch\/wp-content\/uploads\/2025\/09\/S1500086.jpg 1200w\" sizes=\"(max-width: 800px) 100vw, 800px\" \/><\/p>\n<p><img loading=\"lazy\" decoding=\"async\" class=\"size-large wp-image-142110\" src=\"https:\/\/www.emmentaler.ch\/wp-content\/uploads\/2025\/09\/S1500224-1024x679.jpg\" alt=\"\" width=\"800\" height=\"530\" srcset=\"https:\/\/www.emmentaler.ch\/wp-content\/uploads\/2025\/09\/S1500224-1024x679.jpg 1024w, https:\/\/www.emmentaler.ch\/wp-content\/uploads\/2025\/09\/S1500224-300x199.jpg 300w, https:\/\/www.emmentaler.ch\/wp-content\/uploads\/2025\/09\/S1500224-768x509.jpg 768w, https:\/\/www.emmentaler.ch\/wp-content\/uploads\/2025\/09\/S1500224.jpg 1200w\" sizes=\"(max-width: 800px) 100vw, 800px\" \/><\/p>\n<p><img loading=\"lazy\" decoding=\"async\" class=\"size-large wp-image-142140\" src=\"https:\/\/www.emmentaler.ch\/wp-content\/uploads\/2025\/09\/S1490653-1024x684.jpg\" alt=\"\" width=\"800\" height=\"534\" srcset=\"https:\/\/www.emmentaler.ch\/wp-content\/uploads\/2025\/09\/S1490653-1024x684.jpg 1024w, https:\/\/www.emmentaler.ch\/wp-content\/uploads\/2025\/09\/S1490653-300x200.jpg 300w, https:\/\/www.emmentaler.ch\/wp-content\/uploads\/2025\/09\/S1490653-768x513.jpg 768w, https:\/\/www.emmentaler.ch\/wp-content\/uploads\/2025\/09\/S1490653.jpg 1200w\" sizes=\"(max-width: 800px) 100vw, 800px\" \/><\/p>\n<p><img loading=\"lazy\" decoding=\"async\" class=\"size-large wp-image-142130\" src=\"https:\/\/www.emmentaler.ch\/wp-content\/uploads\/2025\/09\/S1490837-1024x679.jpg\" alt=\"\" width=\"800\" height=\"530\" srcset=\"https:\/\/www.emmentaler.ch\/wp-content\/uploads\/2025\/09\/S1490837-1024x679.jpg 1024w, https:\/\/www.emmentaler.ch\/wp-content\/uploads\/2025\/09\/S1490837-300x199.jpg 300w, https:\/\/www.emmentaler.ch\/wp-content\/uploads\/2025\/09\/S1490837-768x509.jpg 768w, https:\/\/www.emmentaler.ch\/wp-content\/uploads\/2025\/09\/S1490837.jpg 1200w\" sizes=\"(max-width: 800px) 100vw, 800px\" \/><\/p>\n<p><img loading=\"lazy\" decoding=\"async\" class=\"size-large wp-image-142100\" src=\"https:\/\/www.emmentaler.ch\/wp-content\/uploads\/2025\/09\/S1490802-1024x679.jpg\" alt=\"\" width=\"800\" height=\"530\" srcset=\"https:\/\/www.emmentaler.ch\/wp-content\/uploads\/2025\/09\/S1490802-1024x679.jpg 1024w, https:\/\/www.emmentaler.ch\/wp-content\/uploads\/2025\/09\/S1490802-300x199.jpg 300w, https:\/\/www.emmentaler.ch\/wp-content\/uploads\/2025\/09\/S1490802-768x509.jpg 768w, https:\/\/www.emmentaler.ch\/wp-content\/uploads\/2025\/09\/S1490802.jpg 1200w\" sizes=\"(max-width: 800px) 100vw, 800px\" \/><\/p>\n<p><img loading=\"lazy\" decoding=\"async\" class=\"size-large wp-image-142120\" src=\"https:\/\/www.emmentaler.ch\/wp-content\/uploads\/2025\/09\/S1490715-684x1024.jpg\" alt=\"\" width=\"684\" height=\"1024\" srcset=\"https:\/\/www.emmentaler.ch\/wp-content\/uploads\/2025\/09\/S1490715-684x1024.jpg 684w, https:\/\/www.emmentaler.ch\/wp-content\/uploads\/2025\/09\/S1490715-200x300.jpg 200w, https:\/\/www.emmentaler.ch\/wp-content\/uploads\/2025\/09\/S1490715-768x1151.jpg 768w, https:\/\/www.emmentaler.ch\/wp-content\/uploads\/2025\/09\/S1490715.jpg 801w\" sizes=\"(max-width: 684px) 100vw, 684px\" \/><\/p>\n<p><img loading=\"lazy\" decoding=\"async\" class=\"size-large wp-image-142115\" src=\"https:\/\/www.emmentaler.ch\/wp-content\/uploads\/2025\/09\/S1490825-684x1024.jpg\" alt=\"\" width=\"684\" height=\"1024\" srcset=\"https:\/\/www.emmentaler.ch\/wp-content\/uploads\/2025\/09\/S1490825-684x1024.jpg 684w, https:\/\/www.emmentaler.ch\/wp-content\/uploads\/2025\/09\/S1490825-200x300.jpg 200w, https:\/\/www.emmentaler.ch\/wp-content\/uploads\/2025\/09\/S1490825-768x1151.jpg 768w, https:\/\/www.emmentaler.ch\/wp-content\/uploads\/2025\/09\/S1490825.jpg 801w\" sizes=\"(max-width: 684px) 100vw, 684px\" \/><\/p>\n<p><img loading=\"lazy\" decoding=\"async\" class=\"size-large wp-image-142135\" src=\"https:\/\/www.emmentaler.ch\/wp-content\/uploads\/2025\/09\/S1490742-684x1024.jpg\" alt=\"\" width=\"684\" height=\"1024\" srcset=\"https:\/\/www.emmentaler.ch\/wp-content\/uploads\/2025\/09\/S1490742-684x1024.jpg 684w, https:\/\/www.emmentaler.ch\/wp-content\/uploads\/2025\/09\/S1490742-200x300.jpg 200w, https:\/\/www.emmentaler.ch\/wp-content\/uploads\/2025\/09\/S1490742-768x1151.jpg 768w, https:\/\/www.emmentaler.ch\/wp-content\/uploads\/2025\/09\/S1490742.jpg 801w\" sizes=\"(max-width: 684px) 100vw, 684px\" \/><\/p>\n<p><img loading=\"lazy\" decoding=\"async\" class=\"size-large wp-image-142125\" src=\"https:\/\/www.emmentaler.ch\/wp-content\/uploads\/2025\/09\/S1490622-1-684x1024.jpg\" alt=\"\" width=\"684\" height=\"1024\" srcset=\"https:\/\/www.emmentaler.ch\/wp-content\/uploads\/2025\/09\/S1490622-1-684x1024.jpg 684w, https:\/\/www.emmentaler.ch\/wp-content\/uploads\/2025\/09\/S1490622-1-200x300.jpg 200w, https:\/\/www.emmentaler.ch\/wp-content\/uploads\/2025\/09\/S1490622-1-768x1151.jpg 768w, https:\/\/www.emmentaler.ch\/wp-content\/uploads\/2025\/09\/S1490622-1.jpg 801w\" sizes=\"(max-width: 684px) 100vw, 684px\" \/><\/p>\n<div class=\"mceTemp\"><\/div>\n<div class=\"mceTemp\"><\/div>\n<div class=\"mceTemp\"><\/div>\n","protected":false},"excerpt":{"rendered":"<p>Am 13. September 2025 war es wieder so weit: Der Emmentaler AOP Tag ging in die dritte Runde \u2013 und verwandelte das Gel\u00e4nde der Emmentaler Schauk\u00e4serei in Affoltern i. E. in einen lebendigen Treffpunkt f\u00fcr K\u00e4seliebhaber:innen, Familien und Musikfans. Besonders gross war die Neugier auf die neu er\u00f6ffnete Emmentaler AOP Erlebniswelt: Erstmals konnten die G\u00e4ste [&hellip;]<\/p>\n","protected":false},"author":22,"featured_media":142130,"comment_status":"closed","ping_status":"closed","sticky":false,"template":"","format":"standard","meta":{"inline_featured_image":false,"footnotes":""},"categories":[1],"tags":[],"et_countries":[],"acf":{"additional_infos_teaser_title":"","additional_infos_related_contents":"","veroffentlichungsdatum":""},"_links":{"self":[{"href":"https:\/\/www.emmentaler.ch\/de\/wp-json\/wp\/v2\/posts\/142070"}],"collection":[{"href":"https:\/\/www.emmentaler.ch\/de\/wp-json\/wp\/v2\/posts"}],"about":[{"href":"https:\/\/www.emmentaler.ch\/de\/wp-json\/wp\/v2\/types\/post"}],"author":[{"embeddable":true,"href":"https:\/\/www.emmentaler.ch\/de\/wp-json\/wp\/v2\/users\/22"}],"replies":[{"embeddable":true,"href":"https:\/\/www.emmentaler.ch\/de\/wp-json\/wp\/v2\/comments?post=142070"}],"version-history":[{"count":6,"href":"https:\/\/www.emmentaler.ch\/de\/wp-json\/wp\/v2\/posts\/142070\/revisions"}],"predecessor-version":[{"id":142165,"href":"https:\/\/www.emmentaler.ch\/de\/wp-json\/wp\/v2\/posts\/142070\/revisions\/142165"}],"wp:featuredmedia":[{"embeddable":true,"href":"https:\/\/www.emmentaler.ch\/de\/wp-json\/wp\/v2\/media\/142130"}],"wp:attachment":[{"href":"https:\/\/www.emmentaler.ch\/de\/wp-json\/wp\/v2\/media?parent=142070"}],"wp:term":[{"taxonomy":"category","embeddable":true,"href":"https:\/\/www.emmentaler.ch\/de\/wp-json\/wp\/v2\/categories?post=142070"},{"taxonomy":"post_tag","embeddable":true,"href":"https:\/\/www.emmentaler.ch\/de\/wp-json\/wp\/v2\/tags?post=142070"},{"taxonomy":"et_countries","embeddable":true,"href":"https:\/\/www.emmentaler.ch\/de\/wp-json\/wp\/v2\/et_countries?post=142070"}],"curies":[{"name":"wp","href":"https:\/\/api.w.org\/{rel}","templated":true}]}}