{"id":142308,"date":"2025-10-22T14:21:50","date_gmt":"2025-10-22T12:21:50","guid":{"rendered":"https:\/\/www.emmentaler.ch\/?p=142308"},"modified":"2025-10-29T12:03:08","modified_gmt":"2025-10-29T11:03:08","slug":"cheesy-inspiration-world-cheese-awards-2025","status":"publish","type":"post","link":"https:\/\/www.emmentaler.ch\/de\/cheesy-inspiration-world-cheese-awards-2025","title":{"rendered":"World Cheese Awards 2025"},"content":{"rendered":"<p>Die \u00ab<strong>World Cheese Awards<\/strong>\u00bb sind ein internationales K\u00e4seereignis und finden 2025 zum ersten Mal in der Schweiz statt \u2013 in der Bundeshauptstadt Bern. Zu Ehren der weltbesten K\u00e4se kreieren wir einen Augenschmaus mit dem ber\u00fchmtesten K\u00e4se der Welt: B\u00fchne frei f\u00fcr das Emmentaler AOP Globus Cheese Board aus der \u00abCapital of Cheese\u00bb!<\/p>\n<p>Schnappt euch eine Weltkarte und ein paar Scheiben Emmentaler AOP Extra. Wie fr\u00fcher in der Geografiestunde schneidet ihr nun die Kontinente aus \u2013 nicht aus Papier, sondern aus Emmentaler AOP K\u00e4se. Legt Nord- und S\u00fcdamerika, Europa und Asien in die obere H\u00e4lfte eures Globus. Darunter kommen Afrika sowie Australien und Ozeanien.<\/p>\n<p>Nun markiert ihr den Nordpol und die Antarktis (also oben und unten) mit je einem runden Cracker. Legt je zwei halbierte Cherrytomaten links und rechts neben die Cracker und garniert die Seiten eures Cheese Boards mit Thymian und Peterli.<\/p>\n<p>Jetzt kommt das Wichtigste: die Schweizer Flagge! Sie markiert die K\u00e4sehauptstadt der Welt und das Herkunftsland von Emmentaler AOP K\u00e4se. So ist es unverkennbar: Das Gute liegt in der Schweiz!<\/p>\n<p><img loading=\"lazy\" decoding=\"async\" class=\"alignnone size-large wp-image-142433\" src=\"https:\/\/www.emmentaler.ch\/wp-content\/uploads\/2025\/10\/World_Cheese_Awards_Cheesy-Inspiration_Quer-1024x682.jpg\" alt=\"\" width=\"800\" height=\"533\" srcset=\"https:\/\/www.emmentaler.ch\/wp-content\/uploads\/2025\/10\/World_Cheese_Awards_Cheesy-Inspiration_Quer-1024x682.jpg 1024w, https:\/\/www.emmentaler.ch\/wp-content\/uploads\/2025\/10\/World_Cheese_Awards_Cheesy-Inspiration_Quer-300x200.jpg 300w, https:\/\/www.emmentaler.ch\/wp-content\/uploads\/2025\/10\/World_Cheese_Awards_Cheesy-Inspiration_Quer-768x512.jpg 768w, https:\/\/www.emmentaler.ch\/wp-content\/uploads\/2025\/10\/World_Cheese_Awards_Cheesy-Inspiration_Quer-1536x1023.jpg 1536w, https:\/\/www.emmentaler.ch\/wp-content\/uploads\/2025\/10\/World_Cheese_Awards_Cheesy-Inspiration_Quer.jpg 1635w\" sizes=\"(max-width: 800px) 100vw, 800px\" \/><\/p>\n<p>&nbsp;<\/p>\n","protected":false},"excerpt":{"rendered":"<p>Die \u00abWorld Cheese Awards\u00bb sind ein internationales K\u00e4seereignis und finden 2025 zum ersten Mal in der Schweiz statt \u2013 in der Bundeshauptstadt Bern. Zu Ehren der weltbesten K\u00e4se kreieren wir einen Augenschmaus mit dem ber\u00fchmtesten K\u00e4se der Welt: B\u00fchne frei f\u00fcr das Emmentaler AOP Globus Cheese Board aus der \u00abCapital of Cheese\u00bb! Schnappt euch eine [&hellip;]<\/p>\n","protected":false},"author":22,"featured_media":142433,"comment_status":"closed","ping_status":"closed","sticky":false,"template":"","format":"standard","meta":{"inline_featured_image":false,"footnotes":""},"categories":[777,812],"tags":[],"et_countries":[],"acf":[],"_links":{"self":[{"href":"https:\/\/www.emmentaler.ch\/de\/wp-json\/wp\/v2\/posts\/142308"}],"collection":[{"href":"https:\/\/www.emmentaler.ch\/de\/wp-json\/wp\/v2\/posts"}],"about":[{"href":"https:\/\/www.emmentaler.ch\/de\/wp-json\/wp\/v2\/types\/post"}],"author":[{"embeddable":true,"href":"https:\/\/www.emmentaler.ch\/de\/wp-json\/wp\/v2\/users\/22"}],"replies":[{"embeddable":true,"href":"https:\/\/www.emmentaler.ch\/de\/wp-json\/wp\/v2\/comments?post=142308"}],"version-history":[{"count":4,"href":"https:\/\/www.emmentaler.ch\/de\/wp-json\/wp\/v2\/posts\/142308\/revisions"}],"predecessor-version":[{"id":142438,"href":"https:\/\/www.emmentaler.ch\/de\/wp-json\/wp\/v2\/posts\/142308\/revisions\/142438"}],"wp:featuredmedia":[{"embeddable":true,"href":"https:\/\/www.emmentaler.ch\/de\/wp-json\/wp\/v2\/media\/142433"}],"wp:attachment":[{"href":"https:\/\/www.emmentaler.ch\/de\/wp-json\/wp\/v2\/media?parent=142308"}],"wp:term":[{"taxonomy":"category","embeddable":true,"href":"https:\/\/www.emmentaler.ch\/de\/wp-json\/wp\/v2\/categories?post=142308"},{"taxonomy":"post_tag","embeddable":true,"href":"https:\/\/www.emmentaler.ch\/de\/wp-json\/wp\/v2\/tags?post=142308"},{"taxonomy":"et_countries","embeddable":true,"href":"https:\/\/www.emmentaler.ch\/de\/wp-json\/wp\/v2\/et_countries?post=142308"}],"curies":[{"name":"wp","href":"https:\/\/api.w.org\/{rel}","templated":true}]}}