{"id":142504,"date":"2025-11-15T17:46:40","date_gmt":"2025-11-15T16:46:40","guid":{"rendered":"https:\/\/www.emmentaler.ch\/?p=142504"},"modified":"2025-11-25T13:40:15","modified_gmt":"2025-11-25T12:40:15","slug":"world-cheese-awards-2025","status":"publish","type":"post","link":"https:\/\/www.emmentaler.ch\/de\/world-cheese-awards-2025","title":{"rendered":"World Cheese Awards 2025"},"content":{"rendered":"<h3><strong>World Cheese Awards 2025 \u2013 Die B\u00fchne f\u00fcr die besten K\u00e4se der Welt<\/strong><\/h3>\n<p data-start=\"0\" data-end=\"233\">Vom 13. bis 15. November 2025 wurde Bern zur K\u00e4sehauptstadt: Die World Cheese Awards fanden erstmals in der Schweiz statt \u2013 Austragungsort war die neue Festhalle der BernExpo.<\/p>\n<p data-start=\"235\" data-end=\"654\" data-is-last-node=\"\" data-is-only-node=\"\">Mehr als 5\u2019000 K\u00e4sesorten aus \u00fcber 40 L\u00e4ndern wurden von einer internationalen Fachjury bewertet. Der Event z\u00e4hlte zu den wichtigsten Wettbewerben der weltweiten K\u00e4sebranche und war ein voller Erfolg: Die Veranstaltung lockte zahlreiche Besucher aus dem In- und Ausland an. F\u00fcr die Schweiz, die Stadt Bern und den Emmentaler AOP war es eine einmalige Gelegenheit, ihre K\u00e4sekompetenz auf internationaler B\u00fchne zu zeigen.<\/p>\n<p data-start=\"78\" data-end=\"500\">Wir gratulieren den Emmentaler AOP K\u00e4sereien herzlich zu ihren hervorragenden Auszeichnungen bei den World Cheese Awards 2025. Ihre herausragende Handwerkskunst, die hohe Qualit\u00e4t und das kontinuierliche Engagement f\u00fcr Tradition und Authentizit\u00e4t haben sich eindrucksvoll ausgezahlt. Die pr\u00e4mierten K\u00e4sespezialit\u00e4ten zeigten einmal mehr, warum der Emmentaler AOP weltweit einen so hervorragenden Ruf geniesst.<\/p>\n<p data-start=\"502\" data-end=\"805\" data-is-last-node=\"\" data-is-only-node=\"\">Es war eine Freude zu sehen, wie sich die K\u00e4sereien erfolgreich gegen starke internationale Konkurrenz durchsetzten und damit nicht nur ihre eigene Leistung, sondern auch die Schweizer K\u00e4sekultur eindrucksvoll auf der grossen B\u00fchne repr\u00e4sentierten. Herzliche Gratulation zu diesem wohlverdienten Erfolg!<\/p>\n<h2 data-start=\"502\" data-end=\"805\">SUPER GOLD<\/h2>\n<p><img decoding=\"async\" src=\"https:\/\/www.gffalan.co.uk\/storage\/uploads\/images\/awards\/logos\/WCA%2025-26%20super%20gold_1747849055.png\" alt=\"\"> <a href=\"https:\/\/vomchaeser.ch\/kaeserei\/kaeserei-roethenbach\/\" rel=\"nofollow noopener\" target=\"_blank\"><img loading=\"lazy\" decoding=\"async\" class=\"alignnone size-medium wp-image-142505\" src=\"https:\/\/www.emmentaler.ch\/wp-content\/uploads\/2025\/11\/DSC06145-300x200.jpg\" alt=\"\" width=\"300\" height=\"200\" srcset=\"https:\/\/www.emmentaler.ch\/wp-content\/uploads\/2025\/11\/DSC06145-300x200.jpg 300w, https:\/\/www.emmentaler.ch\/wp-content\/uploads\/2025\/11\/DSC06145-1024x683.jpg 1024w, https:\/\/www.emmentaler.ch\/wp-content\/uploads\/2025\/11\/DSC06145-768x512.jpg 768w, https:\/\/www.emmentaler.ch\/wp-content\/uploads\/2025\/11\/DSC06145-1536x1024.jpg 1536w, https:\/\/www.emmentaler.ch\/wp-content\/uploads\/2025\/11\/DSC06145-2048x1365.jpg 2048w\" sizes=\"(max-width: 300px) 100vw, 300px\" \/><\/a><\/p>\n<p><strong>Emmentaler AOP 18M Gabelspitz<\/strong><\/p>\n<p><a href=\"https:\/\/www.emmentaler.ch\/de\/kaeserei\/kaeserei-roethenbach-i-e\" target=\"_blank\" rel=\"noopener\"><strong>K\u00e4serei R\u00f6thenbach i.E.<\/strong><\/a><strong> \/ Jakob Leuenberger<\/strong><\/p>\n<ul>\n<li><a href=\"https:\/\/vomchaeser.ch\/\" target=\"_blank\" rel=\"noopener nofollow\">Spirit Market GmbH, Vom Ch\u00e4ser<\/a><\/li>\n<\/ul>\n<p>&nbsp;<\/p>\n<h2>GOLD<\/h2>\n<p><img decoding=\"async\" src=\"https:\/\/www.gffalan.co.uk\/storage\/uploads\/images\/awards\/logos\/WCA%2025-26%20gold_1747849055.png\" alt=\"\"> \u00a0<img loading=\"lazy\" decoding=\"async\" class=\"wp-image-13647 size-medium\" src=\"https:\/\/www.emmentaler.ch\/wp-content\/uploads\/2022\/04\/DSC07527-300x200.jpg\" alt=\"Emmentaler AOP K\u00e4serei Oberei\" width=\"300\" height=\"200\" srcset=\"https:\/\/www.emmentaler.ch\/wp-content\/uploads\/2022\/04\/DSC07527-300x200.jpg 300w, https:\/\/www.emmentaler.ch\/wp-content\/uploads\/2022\/04\/DSC07527-1024x683.jpg 1024w, https:\/\/www.emmentaler.ch\/wp-content\/uploads\/2022\/04\/DSC07527-768x512.jpg 768w, https:\/\/www.emmentaler.ch\/wp-content\/uploads\/2022\/04\/DSC07527-1536x1024.jpg 1536w, https:\/\/www.emmentaler.ch\/wp-content\/uploads\/2022\/04\/DSC07527-2048x1365.jpg 2048w, https:\/\/www.emmentaler.ch\/wp-content\/uploads\/2022\/04\/DSC07527-600x400.jpg 600w\" sizes=\"(max-width: 300px) 100vw, 300px\" \/><\/p>\n<p><strong>Gourmino Emmentaler AOP r\u00e9serve<\/strong><\/p>\n<p><strong><a href=\"https:\/\/www.emmentaler.ch\/de\/kaeserei\/bergkaeserei-oberei-ag\" target=\"_blank\" rel=\"noopener\">Bergk\u00e4serei Oberei<\/a> \/ Hansruedi Gasser<\/strong><\/p>\n<ul>\n<li><a href=\"https:\/\/www.gourmino.ch\/\" target=\"_blank\" rel=\"noopener nofollow\">Gourmino AG<\/a><\/li>\n<\/ul>\n<p>&nbsp;<\/p>\n<h2>SILBER<\/h2>\n<p>&nbsp;<\/p>\n<p><img decoding=\"async\" src=\"https:\/\/www.gffalan.co.uk\/storage\/uploads\/images\/awards\/logos\/WCA%2025-26%20silver_1747849055.png\" alt=\"\"> \u00a0<img loading=\"lazy\" decoding=\"async\" class=\"wp-image-12505 size-medium\" src=\"https:\/\/www.emmentaler.ch\/wp-content\/uploads\/2022\/04\/IMG_8116-300x200.jpg\" alt=\"Emmentaler AOP Bergk\u00e4serei Oberberg\" width=\"300\" height=\"200\" srcset=\"https:\/\/www.emmentaler.ch\/wp-content\/uploads\/2022\/04\/IMG_8116-300x200.jpg 300w, https:\/\/www.emmentaler.ch\/wp-content\/uploads\/2022\/04\/IMG_8116-1024x683.jpg 1024w, https:\/\/www.emmentaler.ch\/wp-content\/uploads\/2022\/04\/IMG_8116-768x512.jpg 768w, https:\/\/www.emmentaler.ch\/wp-content\/uploads\/2022\/04\/IMG_8116-1536x1024.jpg 1536w, https:\/\/www.emmentaler.ch\/wp-content\/uploads\/2022\/04\/IMG_8116-2048x1365.jpg 2048w, https:\/\/www.emmentaler.ch\/wp-content\/uploads\/2022\/04\/IMG_8116-600x400.jpg 600w\" sizes=\"(max-width: 300px) 100vw, 300px\" \/><\/p>\n<p><strong>Emmentaler AOP<\/strong><\/p>\n<p><strong><a href=\"https:\/\/www.emmentaler.ch\/de\/kaeserei\/bergkaeserei-oberberg\" target=\"_blank\" rel=\"noopener\">Bergk\u00e4serei Oberberg<\/a> \/ Franz Renggli<\/strong><\/p>\n<ul>\n<li><a href=\"https:\/\/oberbergkaeserei.ch\/\" target=\"_blank\" rel=\"noopener nofollow\">Bergk\u00e4serei Oberberg AG<\/a><\/li>\n<\/ul>\n<p>&nbsp;<\/p>\n<p>&nbsp;<\/p>\n<p><img decoding=\"async\" src=\"https:\/\/www.gffalan.co.uk\/storage\/uploads\/images\/awards\/logos\/WCA%2025-26%20silver_1747849055.png\" alt=\"\"> <img loading=\"lazy\" decoding=\"async\" class=\"alignnone wp-image-139631 size-medium\" src=\"https:\/\/www.emmentaler.ch\/wp-content\/uploads\/2022\/04\/Emmentaler-AOP-Kaeserei-Schmid-AG-300x200.jpg\" alt=\"\" width=\"300\" height=\"200\" srcset=\"https:\/\/www.emmentaler.ch\/wp-content\/uploads\/2022\/04\/Emmentaler-AOP-Kaeserei-Schmid-AG-300x200.jpg 300w, https:\/\/www.emmentaler.ch\/wp-content\/uploads\/2022\/04\/Emmentaler-AOP-Kaeserei-Schmid-AG-1024x683.jpg 1024w, https:\/\/www.emmentaler.ch\/wp-content\/uploads\/2022\/04\/Emmentaler-AOP-Kaeserei-Schmid-AG-768x512.jpg 768w, https:\/\/www.emmentaler.ch\/wp-content\/uploads\/2022\/04\/Emmentaler-AOP-Kaeserei-Schmid-AG-1536x1024.jpg 1536w, https:\/\/www.emmentaler.ch\/wp-content\/uploads\/2022\/04\/Emmentaler-AOP-Kaeserei-Schmid-AG-2048x1366.jpg 2048w\" sizes=\"(max-width: 300px) 100vw, 300px\" \/><\/p>\n<p><strong>Emmentaler AOP<\/strong><\/p>\n<p><strong><a href=\"https:\/\/www.emmentaler.ch\/de\/kaeserei\/kaeserei-schmid-ag\" target=\"_blank\" rel=\"noopener\">K\u00e4serei Schmid AG<\/a> \/ Erwin Schmid<\/strong><\/p>\n<ul>\n<li><a href=\"https:\/\/kaesereischmid.ch\/\" target=\"_blank\" rel=\"noopener nofollow\">K\u00e4serei Schmid AG<\/a><\/li>\n<\/ul>\n<p>&nbsp;<\/p>\n<p>&nbsp;<\/p>\n<p><img decoding=\"async\" src=\"https:\/\/www.gffalan.co.uk\/storage\/uploads\/images\/awards\/logos\/WCA%2025-26%20silver_1747849055.png\" alt=\"\"> <img loading=\"lazy\" decoding=\"async\" class=\"wp-image-102711 size-medium\" src=\"https:\/\/www.emmentaler.ch\/wp-content\/uploads\/2022\/04\/Eric_Staub-300x217.jpg\" alt=\"Emmentaler AOP K\u00e4serei Meikirch\" width=\"300\" height=\"217\" srcset=\"https:\/\/www.emmentaler.ch\/wp-content\/uploads\/2022\/04\/Eric_Staub-300x217.jpg 300w, https:\/\/www.emmentaler.ch\/wp-content\/uploads\/2022\/04\/Eric_Staub-1024x740.jpg 1024w, https:\/\/www.emmentaler.ch\/wp-content\/uploads\/2022\/04\/Eric_Staub-768x555.jpg 768w, https:\/\/www.emmentaler.ch\/wp-content\/uploads\/2022\/04\/Eric_Staub-1536x1109.jpg 1536w, https:\/\/www.emmentaler.ch\/wp-content\/uploads\/2022\/04\/Eric_Staub.jpg 1800w\" sizes=\"(max-width: 300px) 100vw, 300px\" \/><\/p>\n<p><strong>Emmentaler AOP<\/strong><\/p>\n<p><strong><a href=\"https:\/\/www.emmentaler.ch\/de\/kaeserei\/kaeserei-meikirch\" target=\"_blank\" rel=\"noopener\">K\u00e4serei Meikirch<\/a> \/ Eric Staub<\/strong><\/p>\n<ul>\n<li><a href=\"https:\/\/kaeserei-meikirch.ch\/\" target=\"_blank\" rel=\"noopener nofollow\">K\u00e4serei Meikirch<\/a><\/li>\n<\/ul>\n<p>&nbsp;<\/p>\n<p>&nbsp;<\/p>\n<p><img decoding=\"async\" src=\"https:\/\/www.gffalan.co.uk\/storage\/uploads\/images\/awards\/logos\/WCA%2025-26%20silver_1747849055.png\" alt=\"\"> <img loading=\"lazy\" decoding=\"async\" class=\"wp-image-13699 size-medium\" src=\"https:\/\/www.emmentaler.ch\/wp-content\/uploads\/2022\/04\/DSC07118-300x200.jpg\" alt=\"Emmentaler AOP K\u00e4serei Trub\" width=\"300\" height=\"200\" srcset=\"https:\/\/www.emmentaler.ch\/wp-content\/uploads\/2022\/04\/DSC07118-300x200.jpg 300w, https:\/\/www.emmentaler.ch\/wp-content\/uploads\/2022\/04\/DSC07118-1024x683.jpg 1024w, https:\/\/www.emmentaler.ch\/wp-content\/uploads\/2022\/04\/DSC07118-768x512.jpg 768w, https:\/\/www.emmentaler.ch\/wp-content\/uploads\/2022\/04\/DSC07118-1536x1024.jpg 1536w, https:\/\/www.emmentaler.ch\/wp-content\/uploads\/2022\/04\/DSC07118-2048x1365.jpg 2048w, https:\/\/www.emmentaler.ch\/wp-content\/uploads\/2022\/04\/DSC07118-600x400.jpg 600w\" sizes=\"(max-width: 300px) 100vw, 300px\" \/><\/p>\n<p><strong>Emmentaler AOP bio r\u00e9serve<\/strong><\/p>\n<p><strong><a href=\"https:\/\/www.emmentaler.ch\/de\/kaeserei\/bergkaeserei-trub-ag\" target=\"_blank\" rel=\"noopener\">Bergk\u00e4serei Trub AG<\/a> \/ Fritz Baumgartner<\/strong><\/p>\n<ul>\n<li><a href=\"https:\/\/www.gourmino.ch\/\" target=\"_blank\" rel=\"noopener nofollow\">Gourmino AG<\/a><\/li>\n<\/ul>\n<p>&nbsp;<\/p>\n<p>&nbsp;<\/p>\n<p><img decoding=\"async\" src=\"https:\/\/www.gffalan.co.uk\/storage\/uploads\/images\/awards\/logos\/WCA%2025-26%20silver_1747849055.png\" alt=\"\"> <img loading=\"lazy\" decoding=\"async\" class=\"alignnone wp-image-9139 size-medium\" src=\"https:\/\/www.emmentaler.ch\/wp-content\/uploads\/2022\/04\/IMG_7225-scaled-1-300x200.jpg\" alt=\"\" width=\"300\" height=\"200\" srcset=\"https:\/\/www.emmentaler.ch\/wp-content\/uploads\/2022\/04\/IMG_7225-scaled-1-300x200.jpg 300w, https:\/\/www.emmentaler.ch\/wp-content\/uploads\/2022\/04\/IMG_7225-scaled-1-1024x683.jpg 1024w, https:\/\/www.emmentaler.ch\/wp-content\/uploads\/2022\/04\/IMG_7225-scaled-1-768x512.jpg 768w, https:\/\/www.emmentaler.ch\/wp-content\/uploads\/2022\/04\/IMG_7225-scaled-1-1536x1024.jpg 1536w, https:\/\/www.emmentaler.ch\/wp-content\/uploads\/2022\/04\/IMG_7225-scaled-1-2048x1366.jpg 2048w, https:\/\/www.emmentaler.ch\/wp-content\/uploads\/2022\/04\/IMG_7225-scaled-1-600x400.jpg 600w\" sizes=\"(max-width: 300px) 100vw, 300px\" \/><\/p>\n<p><strong>Emmentaler AOP 14 Monate<\/strong><\/p>\n<p><strong><a href=\"https:\/\/www.emmentaler.ch\/de\/kaeserei\/kaeserei-gondiswil\" target=\"_blank\" rel=\"noopener\">K\u00e4serei Gondiswil<\/a> \/ Esther und Thomas Thierstein<\/strong><\/p>\n<ul>\n<li>K\u00e4serei Gondiswil<\/li>\n<\/ul>\n<p>&nbsp;<\/p>\n<p>&nbsp;<\/p>\n<p><img decoding=\"async\" src=\"https:\/\/www.gffalan.co.uk\/storage\/uploads\/images\/awards\/logos\/WCA%2025-26%20silver_1747849055.png\" alt=\"\"> <img loading=\"lazy\" decoding=\"async\" class=\"wp-image-12767 size-medium\" src=\"https:\/\/www.emmentaler.ch\/wp-content\/uploads\/2022\/04\/IMG_1702-300x200.jpg\" alt=\"Emmentaler AOP K\u00e4serei G\u00fcttingen\" width=\"300\" height=\"200\" srcset=\"https:\/\/www.emmentaler.ch\/wp-content\/uploads\/2022\/04\/IMG_1702-300x200.jpg 300w, https:\/\/www.emmentaler.ch\/wp-content\/uploads\/2022\/04\/IMG_1702-1024x683.jpg 1024w, https:\/\/www.emmentaler.ch\/wp-content\/uploads\/2022\/04\/IMG_1702-768x512.jpg 768w, https:\/\/www.emmentaler.ch\/wp-content\/uploads\/2022\/04\/IMG_1702-1536x1024.jpg 1536w, https:\/\/www.emmentaler.ch\/wp-content\/uploads\/2022\/04\/IMG_1702-2048x1365.jpg 2048w, https:\/\/www.emmentaler.ch\/wp-content\/uploads\/2022\/04\/IMG_1702-600x400.jpg 600w\" sizes=\"(max-width: 300px) 100vw, 300px\" \/><\/p>\n<p><strong>Emmentaler Switzerland AOP<\/strong><\/p>\n<p><strong><a href=\"https:\/\/www.emmentaler.ch\/de\/kaeserei\/kaeserei-guettingen\" target=\"_blank\" rel=\"noopener\">K\u00e4serei G\u00fcttingen<\/a> \/ Thomas Neuenschwander<\/strong><\/p>\n<ul>\n<li><a href=\"https:\/\/kaeserei-neuenschwander.ch\/\" target=\"_blank\" rel=\"noopener nofollow\">K\u00e4serei Neuenschwander AG<\/a><\/li>\n<\/ul>\n<p>&nbsp;<\/p>\n<p>&nbsp;<\/p>\n<p><img decoding=\"async\" src=\"https:\/\/www.gffalan.co.uk\/storage\/uploads\/images\/awards\/logos\/WCA%2025-26%20silver_1747849055.png\" alt=\"\"> <img loading=\"lazy\" decoding=\"async\" class=\"alignnone wp-image-142689 size-medium\" src=\"https:\/\/www.emmentaler.ch\/wp-content\/uploads\/2025\/11\/IMG_9792-scaled-e1763476058876-300x184.jpg\" alt=\"\" width=\"300\" height=\"184\" srcset=\"https:\/\/www.emmentaler.ch\/wp-content\/uploads\/2025\/11\/IMG_9792-scaled-e1763476058876-300x184.jpg 300w, https:\/\/www.emmentaler.ch\/wp-content\/uploads\/2025\/11\/IMG_9792-scaled-e1763476058876-1024x628.jpg 1024w, https:\/\/www.emmentaler.ch\/wp-content\/uploads\/2025\/11\/IMG_9792-scaled-e1763476058876-768x471.jpg 768w, https:\/\/www.emmentaler.ch\/wp-content\/uploads\/2025\/11\/IMG_9792-scaled-e1763476058876.jpg 1268w\" sizes=\"(max-width: 300px) 100vw, 300px\" \/><\/p>\n<p><strong>Gourmino Emmentaler AOP r\u00e9serve\u00a0<\/strong><\/p>\n<p><strong><a href=\"https:\/\/www.emmentaler.ch\/de\/kaeserei\/kaeserei-kleinstein\" target=\"_blank\" rel=\"noopener\">K\u00e4serei Kleinstein<\/a> \/ Silvio Sch\u00f6pfer<\/strong><\/p>\n<ul>\n<li><a href=\"https:\/\/www.gourmino.ch\/\" target=\"_blank\" rel=\"noopener nofollow\">Gourmino AG<\/a><\/li>\n<\/ul>\n<p>&nbsp;<\/p>\n<p>&nbsp;<\/p>\n<p><img decoding=\"async\" src=\"https:\/\/www.gffalan.co.uk\/storage\/uploads\/images\/awards\/logos\/WCA%2025-26%20silver_1747849055.png\" alt=\"\"> <img loading=\"lazy\" decoding=\"async\" class=\"alignnone wp-image-142629 size-medium\" src=\"https:\/\/www.emmentaler.ch\/wp-content\/uploads\/2025\/11\/20250307_110047380_iOS-768x1024-1-e1763382000805-300x200.jpg\" alt=\"\" width=\"300\" height=\"200\" srcset=\"https:\/\/www.emmentaler.ch\/wp-content\/uploads\/2025\/11\/20250307_110047380_iOS-768x1024-1-e1763382000805-300x200.jpg 300w, https:\/\/www.emmentaler.ch\/wp-content\/uploads\/2025\/11\/20250307_110047380_iOS-768x1024-1-e1763382000805.jpg 768w\" sizes=\"(max-width: 300px) 100vw, 300px\" \/><\/p>\n<p><strong>LeSuperbe Emmentaler AOP Antique Langruti 1862<\/strong><\/p>\n<p><strong><a href=\"https:\/\/www.emmentaler.ch\/de\/kaeserei\/kaeserei-melchnau\">K\u00e4serei Melchnau<\/a><\/strong> <strong>\/ Lukas Albisser<\/strong><\/p>\n<ul>\n<li><a href=\"https:\/\/gff.co.uk\/directory\/producer?id=93\" rel=\"nofollow noopener\" target=\"_blank\">Lustenberger + D\u00fcrst SA<\/a><\/li>\n<\/ul>\n<p>&nbsp;<\/p>\n<p><img decoding=\"async\" class=\"alignleft\" src=\"https:\/\/www.gffalan.co.uk\/storage\/uploads\/images\/awards\/logos\/WCA%2025-26%20silver_1747849055.png\" alt=\"\"><\/p>\n<p><img loading=\"lazy\" decoding=\"async\" class=\"size-medium wp-image-13427\" src=\"https:\/\/www.emmentaler.ch\/wp-content\/uploads\/2022\/04\/DSC03503-300x200.jpg\" alt=\"Emmentaler AOP K\u00e4serei Uebeschi\" width=\"300\" height=\"200\" srcset=\"https:\/\/www.emmentaler.ch\/wp-content\/uploads\/2022\/04\/DSC03503-300x200.jpg 300w, https:\/\/www.emmentaler.ch\/wp-content\/uploads\/2022\/04\/DSC03503-1024x683.jpg 1024w, https:\/\/www.emmentaler.ch\/wp-content\/uploads\/2022\/04\/DSC03503-768x512.jpg 768w, https:\/\/www.emmentaler.ch\/wp-content\/uploads\/2022\/04\/DSC03503-1536x1024.jpg 1536w, https:\/\/www.emmentaler.ch\/wp-content\/uploads\/2022\/04\/DSC03503-2048x1365.jpg 2048w, https:\/\/www.emmentaler.ch\/wp-content\/uploads\/2022\/04\/DSC03503-600x400.jpg 600w\" sizes=\"(max-width: 300px) 100vw, 300px\" \/><\/p>\n<h2><\/h2>\n<h2><\/h2>\n<h2><\/h2>\n<p><strong>Emmentaler AOP Extra 16<\/strong><\/p>\n<p class=\"elementor-heading-title elementor-size-default\"><strong><a href=\"https:\/\/www.emmentaler.ch\/de\/kaeserei\/kaeserei-uebeschi\">K\u00e4serei Uebeschi<\/a> \/ Stefan Keusen<\/strong><\/p>\n<ul>\n<li><a href=\"https:\/\/gff.co.uk\/directory\/producer?id=9634\" rel=\"nofollow noopener\" target=\"_blank\">Walo von M\u00fchlenen Ltd<\/a><\/li>\n<\/ul>\n<p>&nbsp;<\/p>\n<h2>BRONZE<\/h2>\n<p><img decoding=\"async\" src=\"https:\/\/www.gffalan.co.uk\/storage\/uploads\/images\/awards\/logos\/WCA%2025-26%20bronze_1747849055.png\" alt=\"\"> <img loading=\"lazy\" decoding=\"async\" class=\"wp-image-13248 size-medium\" src=\"https:\/\/www.emmentaler.ch\/wp-content\/uploads\/2022\/04\/DSC04363-300x200.jpg\" alt=\"Emmentaler AOP K\u00e4serei Th\u00f6rigen\" width=\"300\" height=\"200\" srcset=\"https:\/\/www.emmentaler.ch\/wp-content\/uploads\/2022\/04\/DSC04363-300x200.jpg 300w, https:\/\/www.emmentaler.ch\/wp-content\/uploads\/2022\/04\/DSC04363-1024x683.jpg 1024w, https:\/\/www.emmentaler.ch\/wp-content\/uploads\/2022\/04\/DSC04363-768x512.jpg 768w, https:\/\/www.emmentaler.ch\/wp-content\/uploads\/2022\/04\/DSC04363-1536x1024.jpg 1536w, https:\/\/www.emmentaler.ch\/wp-content\/uploads\/2022\/04\/DSC04363-2048x1365.jpg 2048w, https:\/\/www.emmentaler.ch\/wp-content\/uploads\/2022\/04\/DSC04363-600x400.jpg 600w\" sizes=\"(max-width: 300px) 100vw, 300px\" \/><\/p>\n<p><strong>Emmentaler AOP<\/strong><\/p>\n<p><strong><a href=\"https:\/\/www.emmentaler.ch\/de\/kaeserei\/kaeserei-thoerigen\" target=\"_blank\" rel=\"noopener\">K\u00e4serei Th\u00f6rigen<\/a> \/ Lukas K\u00e4nel<\/strong><\/p>\n<ul>\n<li><a href=\"https:\/\/www.kaeserei-thoerigen.ch\/\" target=\"_blank\" rel=\"noopener nofollow\">K\u00e4serei Th\u00f6rigen<\/a><\/li>\n<\/ul>\n<p>&nbsp;<\/p>\n<p>&nbsp;<\/p>\n<p><img decoding=\"async\" src=\"https:\/\/www.gffalan.co.uk\/storage\/uploads\/images\/awards\/logos\/WCA%2025-26%20bronze_1747849055.png\" alt=\"\"> <img loading=\"lazy\" decoding=\"async\" class=\"alignnone wp-image-12422 size-medium\" src=\"https:\/\/www.emmentaler.ch\/wp-content\/uploads\/2022\/04\/IMG_2066-300x200.jpg\" alt=\"Emmentaler AOP K\u00e4serei Seetal AG\" width=\"300\" height=\"200\" srcset=\"https:\/\/www.emmentaler.ch\/wp-content\/uploads\/2022\/04\/IMG_2066-300x200.jpg 300w, https:\/\/www.emmentaler.ch\/wp-content\/uploads\/2022\/04\/IMG_2066-1024x683.jpg 1024w, https:\/\/www.emmentaler.ch\/wp-content\/uploads\/2022\/04\/IMG_2066-768x512.jpg 768w, https:\/\/www.emmentaler.ch\/wp-content\/uploads\/2022\/04\/IMG_2066-1536x1024.jpg 1536w, https:\/\/www.emmentaler.ch\/wp-content\/uploads\/2022\/04\/IMG_2066-2048x1365.jpg 2048w, https:\/\/www.emmentaler.ch\/wp-content\/uploads\/2022\/04\/IMG_2066-600x400.jpg 600w\" sizes=\"(max-width: 300px) 100vw, 300px\" \/><\/p>\n<p><strong>Emmentaler AOP<\/strong><\/p>\n<p><strong><a href=\"https:\/\/www.emmentaler.ch\/de\/kaeserei\/kaeserei-seetal-ag\" target=\"_blank\" rel=\"noopener\">K\u00e4serei Seetal AG<\/a> \/ Walter Lang<\/strong><\/p>\n<ul>\n<li>K\u00e4serei Seetal AG<\/li>\n<\/ul>\n<p>&nbsp;<\/p>\n<p>&nbsp;<\/p>\n<p><img decoding=\"async\" src=\"https:\/\/www.gffalan.co.uk\/storage\/uploads\/images\/awards\/logos\/WCA%2025-26%20bronze_1747849055.png\" alt=\"\"> <img loading=\"lazy\" decoding=\"async\" class=\"wp-image-12829 size-medium\" src=\"https:\/\/www.emmentaler.ch\/wp-content\/uploads\/2022\/04\/IMG_1076-300x200.jpg\" alt=\"Emmentaler AOP K\u00e4serei Thundorf\" width=\"300\" height=\"200\" srcset=\"https:\/\/www.emmentaler.ch\/wp-content\/uploads\/2022\/04\/IMG_1076-300x200.jpg 300w, https:\/\/www.emmentaler.ch\/wp-content\/uploads\/2022\/04\/IMG_1076-1024x683.jpg 1024w, https:\/\/www.emmentaler.ch\/wp-content\/uploads\/2022\/04\/IMG_1076-768x512.jpg 768w, https:\/\/www.emmentaler.ch\/wp-content\/uploads\/2022\/04\/IMG_1076-1536x1024.jpg 1536w, https:\/\/www.emmentaler.ch\/wp-content\/uploads\/2022\/04\/IMG_1076-2048x1365.jpg 2048w, https:\/\/www.emmentaler.ch\/wp-content\/uploads\/2022\/04\/IMG_1076-600x400.jpg 600w\" sizes=\"(max-width: 300px) 100vw, 300px\" \/><\/p>\n<p><strong>Emmentaler AOP<\/strong><\/p>\n<p><strong><a href=\"https:\/\/www.emmentaler.ch\/de\/kaeserei\/kaeserei-thundorf\" target=\"_blank\" rel=\"noopener\">K\u00e4serei Thundorf<\/a>, Ruedi Studerus<\/strong><\/p>\n<ul>\n<li>Dorfk\u00e4serei Thundorf<\/li>\n<\/ul>\n<p>&nbsp;<\/p>\n<p>&nbsp;<\/p>\n<p><img decoding=\"async\" src=\"https:\/\/www.gffalan.co.uk\/storage\/uploads\/images\/awards\/logos\/WCA%2025-26%20bronze_1747849055.png\" alt=\"\"> <img loading=\"lazy\" decoding=\"async\" class=\"wp-image-12285 size-medium\" src=\"https:\/\/www.emmentaler.ch\/wp-content\/uploads\/2022\/04\/IMG_8404-300x200.jpg\" alt=\"Emmentaler AOP K\u00e4serei Gritzenmoos-Trutigen\" width=\"300\" height=\"200\" srcset=\"https:\/\/www.emmentaler.ch\/wp-content\/uploads\/2022\/04\/IMG_8404-300x200.jpg 300w, https:\/\/www.emmentaler.ch\/wp-content\/uploads\/2022\/04\/IMG_8404-1024x683.jpg 1024w, https:\/\/www.emmentaler.ch\/wp-content\/uploads\/2022\/04\/IMG_8404-768x512.jpg 768w, https:\/\/www.emmentaler.ch\/wp-content\/uploads\/2022\/04\/IMG_8404-1536x1024.jpg 1536w, https:\/\/www.emmentaler.ch\/wp-content\/uploads\/2022\/04\/IMG_8404-2048x1365.jpg 2048w, https:\/\/www.emmentaler.ch\/wp-content\/uploads\/2022\/04\/IMG_8404-600x400.jpg 600w\" sizes=\"(max-width: 300px) 100vw, 300px\" \/><\/p>\n<p><strong style=\"font-size: 16px;\">Emmentaler AOP &#8222;Bio VK&#8220; rezent<\/strong><\/p>\n<p><strong><a href=\"https:\/\/www.emmentaler.ch\/de\/kaeserei\/kaeserei-gritzenmoos-trutigen\" target=\"_blank\" rel=\"noopener\">K\u00e4serei Gritzenmoos-Trutigen \/<\/a> Bruno Dubach<\/strong><\/p>\n<ul>\n<li><a href=\"https:\/\/www.intercheese.ch\/de\/home\" target=\"_blank\" rel=\"noopener nofollow\">InterCheese AG<\/a><\/li>\n<\/ul>\n<p>&nbsp;<\/p>\n<p>&nbsp;<\/p>\n<p><img decoding=\"async\" src=\"https:\/\/www.gffalan.co.uk\/storage\/uploads\/images\/awards\/logos\/WCA%2025-26%20bronze_1747849055.png\" alt=\"\"> \u00a0<img loading=\"lazy\" decoding=\"async\" class=\"alignnone wp-image-142624 size-medium\" src=\"https:\/\/www.emmentaler.ch\/wp-content\/uploads\/2025\/11\/IMG_0851-300x200.jpg\" alt=\"\" width=\"300\" height=\"200\" srcset=\"https:\/\/www.emmentaler.ch\/wp-content\/uploads\/2025\/11\/IMG_0851-300x200.jpg 300w, https:\/\/www.emmentaler.ch\/wp-content\/uploads\/2025\/11\/IMG_0851-1024x683.jpg 1024w, https:\/\/www.emmentaler.ch\/wp-content\/uploads\/2025\/11\/IMG_0851-768x512.jpg 768w, https:\/\/www.emmentaler.ch\/wp-content\/uploads\/2025\/11\/IMG_0851-1536x1024.jpg 1536w, https:\/\/www.emmentaler.ch\/wp-content\/uploads\/2025\/11\/IMG_0851-2048x1365.jpg 2048w\" sizes=\"(max-width: 300px) 100vw, 300px\" \/><\/p>\n<p><strong>Emmentaler AOP 12 Monate<\/strong><\/p>\n<p><strong><a href=\"https:\/\/www.emmentaler.ch\/de\/kaeserei\/wildberg-kaese-ag\">K\u00e4serei Wildberg<\/a> \/ Simon Lehmann<\/strong><\/p>\n<ul>\n<li><a href=\"https:\/\/www.mifroma.com\/\" target=\"_blank\" rel=\"noopener nofollow\">Elsa Group (Mifroma)<\/a><\/li>\n<\/ul>\n<p>&nbsp;<\/p>\n<p>&nbsp;<\/p>\n<p><img decoding=\"async\" src=\"https:\/\/www.gffalan.co.uk\/storage\/uploads\/images\/awards\/logos\/WCA%2025-26%20bronze_1747849055.png\" alt=\"\"> \u00a0<img loading=\"lazy\" decoding=\"async\" class=\"alignnone wp-image-142634 size-medium\" src=\"https:\/\/www.emmentaler.ch\/wp-content\/uploads\/2025\/11\/DSC03010-300x200.jpg\" alt=\"\" width=\"300\" height=\"200\" srcset=\"https:\/\/www.emmentaler.ch\/wp-content\/uploads\/2025\/11\/DSC03010-300x200.jpg 300w, https:\/\/www.emmentaler.ch\/wp-content\/uploads\/2025\/11\/DSC03010-1024x683.jpg 1024w, https:\/\/www.emmentaler.ch\/wp-content\/uploads\/2025\/11\/DSC03010-768x512.jpg 768w, https:\/\/www.emmentaler.ch\/wp-content\/uploads\/2025\/11\/DSC03010-1536x1024.jpg 1536w, https:\/\/www.emmentaler.ch\/wp-content\/uploads\/2025\/11\/DSC03010-2048x1365.jpg 2048w\" sizes=\"(max-width: 300px) 100vw, 300px\" \/><\/p>\n<p><strong>Emmentaler AOP 6 Monate<\/strong><\/p>\n<p><strong><a href=\"https:\/\/www.emmentaler.ch\/de\/kaeserei\/kaeserei-lanterswil\">K\u00e4serei Lanterswil<\/a> \/ Godi Th\u00f6nen<\/strong><\/p>\n<ul>\n<li><a href=\"https:\/\/www.mifroma.com\/\" target=\"_blank\" rel=\"noopener nofollow\">Elsa Group (Mifroma)<\/a><\/li>\n<\/ul>\n<p>&nbsp;<\/p>\n<p>&nbsp;<\/p>\n<p><img decoding=\"async\" src=\"https:\/\/www.gffalan.co.uk\/storage\/uploads\/images\/awards\/logos\/WCA%2025-26%20bronze_1747849055.png\" alt=\"\"> <img loading=\"lazy\" decoding=\"async\" class=\"wp-image-9305 size-medium\" src=\"https:\/\/www.emmentaler.ch\/wp-content\/uploads\/2022\/04\/DSC07812-scaled-1-300x200.jpg\" alt=\"Emmentaler AOP K\u00e4serei Oberwil\" width=\"300\" height=\"200\" srcset=\"https:\/\/www.emmentaler.ch\/wp-content\/uploads\/2022\/04\/DSC07812-scaled-1-300x200.jpg 300w, https:\/\/www.emmentaler.ch\/wp-content\/uploads\/2022\/04\/DSC07812-scaled-1-1024x683.jpg 1024w, https:\/\/www.emmentaler.ch\/wp-content\/uploads\/2022\/04\/DSC07812-scaled-1-768x512.jpg 768w, https:\/\/www.emmentaler.ch\/wp-content\/uploads\/2022\/04\/DSC07812-scaled-1-1536x1024.jpg 1536w, https:\/\/www.emmentaler.ch\/wp-content\/uploads\/2022\/04\/DSC07812-scaled-1-2048x1366.jpg 2048w, https:\/\/www.emmentaler.ch\/wp-content\/uploads\/2022\/04\/DSC07812-scaled-1-600x400.jpg 600w\" sizes=\"(max-width: 300px) 100vw, 300px\" \/><\/p>\n<p><strong style=\"font-size: 16px;\">Emmentaler AOP rezent<\/strong><\/p>\n<p><strong><a href=\"https:\/\/www.emmentaler.ch\/de\/kaeserei\/kaeserei-oberwil\" target=\"_blank\" rel=\"noopener\">K\u00e4serei Oberwil<\/a> \/ Oskar H\u00e4ni<\/strong><\/p>\n<ul>\n<li><a href=\"https:\/\/kooh.ch\/\" target=\"_blank\" rel=\"noopener nofollow\">K\u00e4serei Oberwil<\/a><\/li>\n<\/ul>\n<p>&nbsp;<\/p>\n<p>&nbsp;<\/p>\n<p><img decoding=\"async\" src=\"https:\/\/www.gffalan.co.uk\/storage\/uploads\/images\/awards\/logos\/WCA%2025-26%20bronze_1747849055.png\" alt=\"\"> \u00a0<img loading=\"lazy\" decoding=\"async\" class=\"alignnone wp-image-142689 size-medium\" src=\"https:\/\/www.emmentaler.ch\/wp-content\/uploads\/2025\/11\/IMG_9792-scaled-e1763476058876-300x184.jpg\" alt=\"\" width=\"300\" height=\"184\" srcset=\"https:\/\/www.emmentaler.ch\/wp-content\/uploads\/2025\/11\/IMG_9792-scaled-e1763476058876-300x184.jpg 300w, https:\/\/www.emmentaler.ch\/wp-content\/uploads\/2025\/11\/IMG_9792-scaled-e1763476058876-1024x628.jpg 1024w, https:\/\/www.emmentaler.ch\/wp-content\/uploads\/2025\/11\/IMG_9792-scaled-e1763476058876-768x471.jpg 768w, https:\/\/www.emmentaler.ch\/wp-content\/uploads\/2025\/11\/IMG_9792-scaled-e1763476058876.jpg 1268w\" sizes=\"(max-width: 300px) 100vw, 300px\" \/><\/p>\n<p><strong>Gourmino Emmentaler AOP mild\u00a0<\/strong><\/p>\n<p><strong><a href=\"https:\/\/www.emmentaler.ch\/de\/kaeserei\/kaeserei-kleinstein\" target=\"_blank\" rel=\"noopener\">K\u00e4serei Kleinstein<\/a> \/ Silvio Sch\u00f6pfer<\/strong><\/p>\n<ul>\n<li><a href=\"https:\/\/www.gourmino.ch\/\" target=\"_blank\" rel=\"noopener nofollow\">Gourmino AG<\/a><\/li>\n<\/ul>\n<p>&nbsp;<\/p>\n<p>&nbsp;<\/p>\n<p><img decoding=\"async\" src=\"https:\/\/www.gffalan.co.uk\/storage\/uploads\/images\/awards\/logos\/WCA%2025-26%20bronze_1747849055.png\" alt=\"\"> <img loading=\"lazy\" decoding=\"async\" class=\"alignnone wp-image-60405 size-medium\" src=\"https:\/\/www.emmentaler.ch\/wp-content\/uploads\/2022\/04\/Web_300-KB_DSC0067_V5-4-300x180.jpg\" alt=\"K\u00e4serei_Rohrenmoos_3452_Hengartner_Straub_AG\" width=\"300\" height=\"180\" srcset=\"https:\/\/www.emmentaler.ch\/wp-content\/uploads\/2022\/04\/Web_300-KB_DSC0067_V5-4-300x180.jpg 300w, https:\/\/www.emmentaler.ch\/wp-content\/uploads\/2022\/04\/Web_300-KB_DSC0067_V5-4-1024x614.jpg 1024w, https:\/\/www.emmentaler.ch\/wp-content\/uploads\/2022\/04\/Web_300-KB_DSC0067_V5-4-768x461.jpg 768w, https:\/\/www.emmentaler.ch\/wp-content\/uploads\/2022\/04\/Web_300-KB_DSC0067_V5-4-1536x922.jpg 1536w, https:\/\/www.emmentaler.ch\/wp-content\/uploads\/2022\/04\/Web_300-KB_DSC0067_V5-4.jpg 1800w\" sizes=\"(max-width: 300px) 100vw, 300px\" \/><\/p>\n<p><strong>Gourmino Emmentaler AOP mild\u00a0<\/strong><\/p>\n<p><a href=\"https:\/\/www.emmentaler.ch\/de\/kaeserei\/kaeserei-rohrenmoos\" target=\"_blank\" rel=\"noopener\"><strong>K\u00e4serei Rohrenmoos \/ Hengartner Straub AG<\/strong><\/a><\/p>\n<p><strong>Markus Hengartner \/ Robin Straub<\/strong><\/p>\n<ul>\n<li><a href=\"https:\/\/www.gourmino.ch\/\" target=\"_blank\" rel=\"noopener nofollow\">Gourmino AG<\/a><\/li>\n<\/ul>\n<p>&nbsp;<\/p>\n<p>Bildquelle: <a href=\"https:\/\/gff.co.uk\/\" rel=\"nofollow noopener\" target=\"_blank\">gff.co.uk<\/a><\/p>\n<p>&nbsp;<\/p>\n<h2>IMPRESSIONEN<\/h2>\n<p>Bildquelle: Sedrik Nemeth<\/p>\n<p><img loading=\"lazy\" decoding=\"async\" class=\"alignnone size-medium wp-image-142544\" src=\"https:\/\/www.emmentaler.ch\/wp-content\/uploads\/2025\/11\/S1630114-1-300x200.jpg\" alt=\"\" width=\"300\" height=\"200\" srcset=\"https:\/\/www.emmentaler.ch\/wp-content\/uploads\/2025\/11\/S1630114-1-300x200.jpg 300w, https:\/\/www.emmentaler.ch\/wp-content\/uploads\/2025\/11\/S1630114-1.jpg 600w\" sizes=\"(max-width: 300px) 100vw, 300px\" \/> <img loading=\"lazy\" decoding=\"async\" class=\"alignnone size-medium wp-image-142516\" src=\"https:\/\/www.emmentaler.ch\/wp-content\/uploads\/2025\/11\/S1630124-300x200.jpg\" alt=\"\" width=\"300\" height=\"200\" srcset=\"https:\/\/www.emmentaler.ch\/wp-content\/uploads\/2025\/11\/S1630124-300x200.jpg 300w, https:\/\/www.emmentaler.ch\/wp-content\/uploads\/2025\/11\/S1630124.jpg 600w\" sizes=\"(max-width: 300px) 100vw, 300px\" \/><\/p>\n<p><img loading=\"lazy\" decoding=\"async\" class=\"wp-image-142559 alignnone\" src=\"https:\/\/www.emmentaler.ch\/wp-content\/uploads\/2025\/11\/S1630019-300x200.jpg\" alt=\"\" width=\"317\" height=\"211\"><\/p>\n<p><img loading=\"lazy\" decoding=\"async\" class=\"wp-image-142539 alignleft\" src=\"https:\/\/www.emmentaler.ch\/wp-content\/uploads\/2025\/11\/S1630156-200x300.jpg\" alt=\"\" width=\"177\" height=\"266\" srcset=\"https:\/\/www.emmentaler.ch\/wp-content\/uploads\/2025\/11\/S1630156-200x300.jpg 200w, https:\/\/www.emmentaler.ch\/wp-content\/uploads\/2025\/11\/S1630156.jpg 400w\" sizes=\"(max-width: 177px) 100vw, 177px\" \/><\/p>\n<p><img loading=\"lazy\" decoding=\"async\" class=\"wp-image-142577 alignleft\" style=\"float: left; margin: 0.5em 1em 0.5em 0px;\" src=\"https:\/\/www.emmentaler.ch\/wp-content\/uploads\/2025\/11\/L1080187-1024x684.jpg\" alt=\"\" width=\"400\" height=\"267\" srcset=\"https:\/\/www.emmentaler.ch\/wp-content\/uploads\/2025\/11\/L1080187-1024x684.jpg 1024w, https:\/\/www.emmentaler.ch\/wp-content\/uploads\/2025\/11\/L1080187-300x200.jpg 300w, https:\/\/www.emmentaler.ch\/wp-content\/uploads\/2025\/11\/L1080187-768x513.jpg 768w, https:\/\/www.emmentaler.ch\/wp-content\/uploads\/2025\/11\/L1080187-1536x1025.jpg 1536w, https:\/\/www.emmentaler.ch\/wp-content\/uploads\/2025\/11\/L1080187-2048x1367.jpg 2048w\" sizes=\"(max-width: 400px) 100vw, 400px\" \/><\/p>\n<p><img loading=\"lazy\" decoding=\"async\" class=\"wp-image-142572 alignleft\" src=\"https:\/\/www.emmentaler.ch\/wp-content\/uploads\/2025\/11\/S1630213-e1763235377705-249x300.jpg\" alt=\"\" width=\"223\" height=\"269\" srcset=\"https:\/\/www.emmentaler.ch\/wp-content\/uploads\/2025\/11\/S1630213-e1763235377705-249x300.jpg 249w, https:\/\/www.emmentaler.ch\/wp-content\/uploads\/2025\/11\/S1630213-e1763235377705.jpg 332w\" sizes=\"(max-width: 223px) 100vw, 223px\" \/><\/p>\n<p><img loading=\"lazy\" decoding=\"async\" class=\"wp-image-142594 alignleft\" src=\"https:\/\/www.emmentaler.ch\/wp-content\/uploads\/2025\/11\/S1630045-e1763302405130-205x300.jpg\" alt=\"\" width=\"185\" height=\"271\" srcset=\"https:\/\/www.emmentaler.ch\/wp-content\/uploads\/2025\/11\/S1630045-e1763302405130-205x300.jpg 205w, https:\/\/www.emmentaler.ch\/wp-content\/uploads\/2025\/11\/S1630045-e1763302405130-700x1024.jpg 700w, https:\/\/www.emmentaler.ch\/wp-content\/uploads\/2025\/11\/S1630045-e1763302405130-768x1123.jpg 768w, https:\/\/www.emmentaler.ch\/wp-content\/uploads\/2025\/11\/S1630045-e1763302405130.jpg 796w\" sizes=\"(max-width: 185px) 100vw, 185px\" \/><\/p>\n<p>&nbsp;<\/p>\n","protected":false},"excerpt":{"rendered":"<p>World Cheese Awards 2025 \u2013 Die B\u00fchne f\u00fcr die besten K\u00e4se der Welt Vom 13. bis 15. November 2025 wurde Bern zur K\u00e4sehauptstadt: Die World Cheese Awards fanden erstmals in der Schweiz statt \u2013 Austragungsort war die neue Festhalle der BernExpo. Mehr als 5\u2019000 K\u00e4sesorten aus \u00fcber 40 L\u00e4ndern wurden von einer internationalen Fachjury bewertet. [&hellip;]<\/p>\n","protected":false},"author":17,"featured_media":142530,"comment_status":"closed","ping_status":"closed","sticky":false,"template":"","format":"standard","meta":{"inline_featured_image":false,"footnotes":""},"categories":[1],"tags":[],"et_countries":[],"acf":{"additional_infos_teaser_title":"Emmentaler AOP ","additional_infos_related_contents":"","veroffentlichungsdatum":""},"_links":{"self":[{"href":"https:\/\/www.emmentaler.ch\/de\/wp-json\/wp\/v2\/posts\/142504"}],"collection":[{"href":"https:\/\/www.emmentaler.ch\/de\/wp-json\/wp\/v2\/posts"}],"about":[{"href":"https:\/\/www.emmentaler.ch\/de\/wp-json\/wp\/v2\/types\/post"}],"author":[{"embeddable":true,"href":"https:\/\/www.emmentaler.ch\/de\/wp-json\/wp\/v2\/users\/17"}],"replies":[{"embeddable":true,"href":"https:\/\/www.emmentaler.ch\/de\/wp-json\/wp\/v2\/comments?post=142504"}],"version-history":[{"count":36,"href":"https:\/\/www.emmentaler.ch\/de\/wp-json\/wp\/v2\/posts\/142504\/revisions"}],"predecessor-version":[{"id":142772,"href":"https:\/\/www.emmentaler.ch\/de\/wp-json\/wp\/v2\/posts\/142504\/revisions\/142772"}],"wp:featuredmedia":[{"embeddable":true,"href":"https:\/\/www.emmentaler.ch\/de\/wp-json\/wp\/v2\/media\/142530"}],"wp:attachment":[{"href":"https:\/\/www.emmentaler.ch\/de\/wp-json\/wp\/v2\/media?parent=142504"}],"wp:term":[{"taxonomy":"category","embeddable":true,"href":"https:\/\/www.emmentaler.ch\/de\/wp-json\/wp\/v2\/categories?post=142504"},{"taxonomy":"post_tag","embeddable":true,"href":"https:\/\/www.emmentaler.ch\/de\/wp-json\/wp\/v2\/tags?post=142504"},{"taxonomy":"et_countries","embeddable":true,"href":"https:\/\/www.emmentaler.ch\/de\/wp-json\/wp\/v2\/et_countries?post=142504"}],"curies":[{"name":"wp","href":"https:\/\/api.w.org\/{rel}","templated":true}]}}