{"id":142645,"date":"2025-11-18T09:53:07","date_gmt":"2025-11-18T08:53:07","guid":{"rendered":"https:\/\/www.emmentaler.ch\/?p=142645"},"modified":"2025-11-18T09:53:07","modified_gmt":"2025-11-18T08:53:07","slug":"cheesy-inspiration-samichlaus","status":"publish","type":"post","link":"https:\/\/www.emmentaler.ch\/de\/cheesy-inspiration-samichlaus","title":{"rendered":"Cheesy Inspiration: Samichlaus"},"content":{"rendered":"<p>Habt ihr gewusst, dass der Samichlaus ein echter K\u00e4sefan ist? Auf seinem festlichen Cheese Board bringt er nicht nur N\u00fcsse und Mandarinen mit, sondern auch Emmentaler AOP, w\u00fcrzige Salami und einen Rauschebart aus Radieschen. Und das Beste: Hier darf genascht werden, ohne vorher ein Versli aufzusagen.<\/p>\n<p>Nehmt ein rundes Holzbrett und ein flaches St\u00fcck Emmentaler AOP. Schneidet den K\u00e4se in kleine Quadrate und legt sie mosaikartig in der Mitte des Brettes aus \u2013 das wird das Gesicht des Samichlaus. F\u00fcr den Schnauz eignen sich zwei l\u00e4ngliche K\u00e4sest\u00fccke, als Nase eine halbierte Cherrytomate und als Augen zwei Tupfer Mayonnaise, jeweils mit einem Pfefferkorn darauf. Mit Radieschen lassen sich Augenbrauen und Haaransatz formen \u2013 und schon schaut euch der Chlaus freundlich entgegen.<\/p>\n<p>F\u00fcr die rote Zipfelm\u00fctze legt ihr ein Dreieck aus d\u00fcnnen Salamischeiben \u00fcber den Kopf des Samichlaus. Der weisse Rauschebart entsteht aus fein geschnittenen Radieschen, und weil es draussen kalt ist, bekommt der Chlaus rote B\u00e4ckchen \u2013 zwei getrocknete Cranberries machen\u2019s m\u00f6glich.<\/p>\n<p>Zum Schluss legt ihr Cracker, N\u00fcsse, Mandarinenschnitze, D\u00f6rraprikosen und Cherrytomaten rund um das Gesicht und dekoriert das Ganze mit frischer Brunnenkresse. Fertig ist der Chlaus zum Anbeissen \u2013 was f\u00fcr ein gelungener Adventsauftakt!<\/p>\n<p>&nbsp;<\/p>\n<p><img loading=\"lazy\" decoding=\"async\" class=\"alignnone wp-image-142646 size-large\" src=\"https:\/\/www.emmentaler.ch\/wp-content\/uploads\/2025\/11\/EMMENTALER_SANTA-3_small-1024x682.jpg\" alt=\"\" width=\"1024\" height=\"682\" srcset=\"https:\/\/www.emmentaler.ch\/wp-content\/uploads\/2025\/11\/EMMENTALER_SANTA-3_small-1024x682.jpg 1024w, https:\/\/www.emmentaler.ch\/wp-content\/uploads\/2025\/11\/EMMENTALER_SANTA-3_small-300x200.jpg 300w, https:\/\/www.emmentaler.ch\/wp-content\/uploads\/2025\/11\/EMMENTALER_SANTA-3_small-768x512.jpg 768w, https:\/\/www.emmentaler.ch\/wp-content\/uploads\/2025\/11\/EMMENTALER_SANTA-3_small-1536x1023.jpg 1536w, https:\/\/www.emmentaler.ch\/wp-content\/uploads\/2025\/11\/EMMENTALER_SANTA-3_small.jpg 1651w\" sizes=\"(max-width: 1024px) 100vw, 1024px\" \/><\/p>\n","protected":false},"excerpt":{"rendered":"<p>Habt ihr gewusst, dass der Samichlaus ein echter K\u00e4sefan ist? Auf seinem festlichen Cheese Board bringt er nicht nur N\u00fcsse und Mandarinen mit, sondern auch Emmentaler AOP, w\u00fcrzige Salami und einen Rauschebart aus Radieschen. Und das Beste: Hier darf genascht werden, ohne vorher ein Versli aufzusagen. Nehmt ein rundes Holzbrett und ein flaches St\u00fcck Emmentaler [&hellip;]<\/p>\n","protected":false},"author":22,"featured_media":142646,"comment_status":"closed","ping_status":"closed","sticky":false,"template":"","format":"standard","meta":{"inline_featured_image":false,"footnotes":""},"categories":[777,779],"tags":[],"et_countries":[],"acf":[],"_links":{"self":[{"href":"https:\/\/www.emmentaler.ch\/de\/wp-json\/wp\/v2\/posts\/142645"}],"collection":[{"href":"https:\/\/www.emmentaler.ch\/de\/wp-json\/wp\/v2\/posts"}],"about":[{"href":"https:\/\/www.emmentaler.ch\/de\/wp-json\/wp\/v2\/types\/post"}],"author":[{"embeddable":true,"href":"https:\/\/www.emmentaler.ch\/de\/wp-json\/wp\/v2\/users\/22"}],"replies":[{"embeddable":true,"href":"https:\/\/www.emmentaler.ch\/de\/wp-json\/wp\/v2\/comments?post=142645"}],"version-history":[{"count":2,"href":"https:\/\/www.emmentaler.ch\/de\/wp-json\/wp\/v2\/posts\/142645\/revisions"}],"predecessor-version":[{"id":142652,"href":"https:\/\/www.emmentaler.ch\/de\/wp-json\/wp\/v2\/posts\/142645\/revisions\/142652"}],"wp:featuredmedia":[{"embeddable":true,"href":"https:\/\/www.emmentaler.ch\/de\/wp-json\/wp\/v2\/media\/142646"}],"wp:attachment":[{"href":"https:\/\/www.emmentaler.ch\/de\/wp-json\/wp\/v2\/media?parent=142645"}],"wp:term":[{"taxonomy":"category","embeddable":true,"href":"https:\/\/www.emmentaler.ch\/de\/wp-json\/wp\/v2\/categories?post=142645"},{"taxonomy":"post_tag","embeddable":true,"href":"https:\/\/www.emmentaler.ch\/de\/wp-json\/wp\/v2\/tags?post=142645"},{"taxonomy":"et_countries","embeddable":true,"href":"https:\/\/www.emmentaler.ch\/de\/wp-json\/wp\/v2\/et_countries?post=142645"}],"curies":[{"name":"wp","href":"https:\/\/api.w.org\/{rel}","templated":true}]}}