{"id":55915,"date":"2020-08-31T08:08:38","date_gmt":"2020-08-31T06:08:38","guid":{"rendered":"https:\/\/www.emmentaler.ch\/emmentaler-aop-garantiert-nachhaltig-produziert"},"modified":"2022-07-18T14:34:20","modified_gmt":"2022-07-18T12:34:20","slug":"emmentaler-aop-garantiert-nachhaltig-produziert","status":"publish","type":"post","link":"https:\/\/www.emmentaler.ch\/de\/emmentaler-aop-garantiert-nachhaltig-produziert","title":{"rendered":"Garantiert nachhaltig produziert"},"content":{"rendered":"<p>Hast du gewusst, dass die Schweizer Milchproduzenten ein strenges, umfassendes und vorbildliches Tierschutzgesetz anwenden? Die K\u00fche unserer Milchbauern haben stets viel Auslauf im Freien und erhalten eine nat\u00fcrliche F\u00fctterung mit frischem Gras und Heu. K\u00fcnstliche Zusatzstoffe, Gentech- sowie Silofutter sind verboten.<\/p>\n<p>Wir sind klar gegen Massentierhaltung. Die ca. 2&#8217;300 b\u00e4uerlichen Familienbetriebe, die f\u00fcr den Emmentaler AOP produzieren, halten durchschnittlich 26 K\u00fche, die mit viel Liebe und Leidenschaft gepflegt werden. Die Distanz vom Milchbauer zur K\u00e4serei betr\u00e4gt h\u00f6chstens 20 Kilometer. Kurze Transportwege garantieren Frische, schonen die Natur, das Klima und die Umwelt. Darum Emmentaler AOP, darum das Original.<\/p>\n<p><img loading=\"lazy\" decoding=\"async\" class=\"alignnone size-large wp-image-55921\" src=\"https:\/\/www.emmentaler.ch\/wp-content\/uploads\/2022\/04\/200707_Bild_Lowsection_Nachhaltigkeit-1024x559.jpg\" alt=\"\" width=\"800\" height=\"437\" srcset=\"https:\/\/www.emmentaler.ch\/wp-content\/uploads\/2022\/04\/200707_Bild_Lowsection_Nachhaltigkeit-1024x559.jpg 1024w, https:\/\/www.emmentaler.ch\/wp-content\/uploads\/2022\/04\/200707_Bild_Lowsection_Nachhaltigkeit-300x164.jpg 300w, https:\/\/www.emmentaler.ch\/wp-content\/uploads\/2022\/04\/200707_Bild_Lowsection_Nachhaltigkeit-768x419.jpg 768w, https:\/\/www.emmentaler.ch\/wp-content\/uploads\/2022\/04\/200707_Bild_Lowsection_Nachhaltigkeit-1536x838.jpg 1536w, https:\/\/www.emmentaler.ch\/wp-content\/uploads\/2022\/04\/200707_Bild_Lowsection_Nachhaltigkeit.jpg 1980w\" sizes=\"(max-width: 800px) 100vw, 800px\" \/><\/p>\n","protected":false},"excerpt":{"rendered":"<p>Hast du gewusst, dass die Schweizer Milchproduzenten ein strenges, umfassendes und vorbildliches Tierschutzgesetz anwenden? Die K\u00fche unserer Milchbauern haben stets viel Auslauf im Freien und erhalten eine nat\u00fcrliche F\u00fctterung mit frischem Gras und Heu. K\u00fcnstliche Zusatzstoffe, Gentech- sowie Silofutter sind verboten. Wir sind klar gegen Massentierhaltung. Die ca. 2&#8217;300 b\u00e4uerlichen Familienbetriebe, die f\u00fcr den Emmentaler [&hellip;]<\/p>\n","protected":false},"author":2,"featured_media":55921,"comment_status":"open","ping_status":"open","sticky":false,"template":"","format":"standard","meta":{"inline_featured_image":false,"footnotes":""},"categories":[1],"tags":[],"et_countries":[],"acf":{"additional_infos_teaser_title":"Emmentaler AOP","additional_infos_related_contents":"","veroffentlichungsdatum":""},"_links":{"self":[{"href":"https:\/\/www.emmentaler.ch\/de\/wp-json\/wp\/v2\/posts\/55915"}],"collection":[{"href":"https:\/\/www.emmentaler.ch\/de\/wp-json\/wp\/v2\/posts"}],"about":[{"href":"https:\/\/www.emmentaler.ch\/de\/wp-json\/wp\/v2\/types\/post"}],"author":[{"embeddable":true,"href":"https:\/\/www.emmentaler.ch\/de\/wp-json\/wp\/v2\/users\/2"}],"replies":[{"embeddable":true,"href":"https:\/\/www.emmentaler.ch\/de\/wp-json\/wp\/v2\/comments?post=55915"}],"version-history":[{"count":0,"href":"https:\/\/www.emmentaler.ch\/de\/wp-json\/wp\/v2\/posts\/55915\/revisions"}],"wp:featuredmedia":[{"embeddable":true,"href":"https:\/\/www.emmentaler.ch\/de\/wp-json\/wp\/v2\/media\/55921"}],"wp:attachment":[{"href":"https:\/\/www.emmentaler.ch\/de\/wp-json\/wp\/v2\/media?parent=55915"}],"wp:term":[{"taxonomy":"category","embeddable":true,"href":"https:\/\/www.emmentaler.ch\/de\/wp-json\/wp\/v2\/categories?post=55915"},{"taxonomy":"post_tag","embeddable":true,"href":"https:\/\/www.emmentaler.ch\/de\/wp-json\/wp\/v2\/tags?post=55915"},{"taxonomy":"et_countries","embeddable":true,"href":"https:\/\/www.emmentaler.ch\/de\/wp-json\/wp\/v2\/et_countries?post=55915"}],"curies":[{"name":"wp","href":"https:\/\/api.w.org\/{rel}","templated":true}]}}