{"id":55937,"date":"2021-01-12T08:02:38","date_gmt":"2021-01-12T07:02:38","guid":{"rendered":"https:\/\/www.emmentaler.ch\/10-jahre-maettu"},"modified":"2022-07-18T10:57:27","modified_gmt":"2022-07-18T08:57:27","slug":"10-jahre-maettu","status":"publish","type":"post","link":"https:\/\/www.emmentaler.ch\/de\/10-jahre-maettu","title":{"rendered":"10 Jahre M\u00e4ttu"},"content":{"rendered":"<p>Ein kleines Ereignis f\u00fcr die Menschheit aber ein riesiges f\u00fcr uns! Seit 10 Jahren d\u00fcrfen wir Matthias Sempach an unserer Seite als Markenbotschafter, Freund und nun auch als Milchproduzent f\u00fcr den Emmentaler AOP sch\u00e4tzen.<\/p>\n<p>Auf seinem Hof produziert er mit viel Hingabe und Sorgfalt beste Rohmilch f\u00fcr die Herstellung unseres Originals. M\u00e4ttu repr\u00e4sentiert alles, was auch den Emmentaler AOP charakterisiert: Kraft, Originalit\u00e4t, Authentizit\u00e4t, Bodenst\u00e4ndigkeit und Tradition.<\/p>\n<p>Was f\u00fcr eine tolle Zeit! Vielen Dank f\u00fcr die Treue, die Unterst\u00fctzung und den Einsatz f\u00fcr unser Produkt, unsere Marke und unsere Heimat, das Emmental.<\/p>\n<p>Hier ein paar Eindr\u00fccke aus den 10 Jahren mit M\u00e4ttu.<\/p>\n<p><img loading=\"lazy\" decoding=\"async\" class=\"alignnone size-large wp-image-55938\" src=\"https:\/\/www.emmentaler.ch\/wp-content\/uploads\/2022\/04\/Maettu_Pola-1024x1024.jpg\" alt=\"\" width=\"800\" height=\"800\" srcset=\"https:\/\/www.emmentaler.ch\/wp-content\/uploads\/2022\/04\/Maettu_Pola-1024x1024.jpg 1024w, https:\/\/www.emmentaler.ch\/wp-content\/uploads\/2022\/04\/Maettu_Pola-300x300.jpg 300w, https:\/\/www.emmentaler.ch\/wp-content\/uploads\/2022\/04\/Maettu_Pola-150x150.jpg 150w, https:\/\/www.emmentaler.ch\/wp-content\/uploads\/2022\/04\/Maettu_Pola-768x768.jpg 768w, https:\/\/www.emmentaler.ch\/wp-content\/uploads\/2022\/04\/Maettu_Pola.jpg 1118w\" sizes=\"(max-width: 800px) 100vw, 800px\" \/><\/p>\n<p><img loading=\"lazy\" decoding=\"async\" class=\"alignnone size-large wp-image-55958\" src=\"https:\/\/www.emmentaler.ch\/wp-content\/uploads\/2022\/04\/Maettu2-1-1024x740.jpg\" alt=\"\" width=\"800\" height=\"578\" srcset=\"https:\/\/www.emmentaler.ch\/wp-content\/uploads\/2022\/04\/Maettu2-1-1024x740.jpg 1024w, https:\/\/www.emmentaler.ch\/wp-content\/uploads\/2022\/04\/Maettu2-1-300x217.jpg 300w, https:\/\/www.emmentaler.ch\/wp-content\/uploads\/2022\/04\/Maettu2-1-768x555.jpg 768w, https:\/\/www.emmentaler.ch\/wp-content\/uploads\/2022\/04\/Maettu2-1-1536x1109.jpg 1536w, https:\/\/www.emmentaler.ch\/wp-content\/uploads\/2022\/04\/Maettu2-1.jpg 1800w\" sizes=\"(max-width: 800px) 100vw, 800px\" \/><\/p>\n<p><img loading=\"lazy\" decoding=\"async\" class=\"alignnone size-large wp-image-55948\" src=\"https:\/\/www.emmentaler.ch\/wp-content\/uploads\/2022\/04\/Maettu_1-1024x740.png\" alt=\"\" width=\"800\" height=\"578\" srcset=\"https:\/\/www.emmentaler.ch\/wp-content\/uploads\/2022\/04\/Maettu_1-1024x740.png 1024w, https:\/\/www.emmentaler.ch\/wp-content\/uploads\/2022\/04\/Maettu_1-300x217.png 300w, https:\/\/www.emmentaler.ch\/wp-content\/uploads\/2022\/04\/Maettu_1-768x555.png 768w, https:\/\/www.emmentaler.ch\/wp-content\/uploads\/2022\/04\/Maettu_1-1536x1109.png 1536w, https:\/\/www.emmentaler.ch\/wp-content\/uploads\/2022\/04\/Maettu_1.png 1800w\" sizes=\"(max-width: 800px) 100vw, 800px\" \/><\/p>\n<p><img loading=\"lazy\" decoding=\"async\" class=\"alignnone size-large wp-image-55963\" src=\"https:\/\/www.emmentaler.ch\/wp-content\/uploads\/2022\/04\/Maettu3-1024x740.jpg\" alt=\"\" width=\"800\" height=\"578\" srcset=\"https:\/\/www.emmentaler.ch\/wp-content\/uploads\/2022\/04\/Maettu3-1024x740.jpg 1024w, https:\/\/www.emmentaler.ch\/wp-content\/uploads\/2022\/04\/Maettu3-300x217.jpg 300w, https:\/\/www.emmentaler.ch\/wp-content\/uploads\/2022\/04\/Maettu3-768x555.jpg 768w, https:\/\/www.emmentaler.ch\/wp-content\/uploads\/2022\/04\/Maettu3-1536x1109.jpg 1536w, https:\/\/www.emmentaler.ch\/wp-content\/uploads\/2022\/04\/Maettu3.jpg 1800w\" sizes=\"(max-width: 800px) 100vw, 800px\" \/><\/p>\n<p><img loading=\"lazy\" decoding=\"async\" class=\"alignnone size-large wp-image-55968\" src=\"https:\/\/www.emmentaler.ch\/wp-content\/uploads\/2022\/04\/sempach_klein_emmentaler-1024x973.jpg\" alt=\"\" width=\"800\" height=\"760\" srcset=\"https:\/\/www.emmentaler.ch\/wp-content\/uploads\/2022\/04\/sempach_klein_emmentaler-1024x973.jpg 1024w, https:\/\/www.emmentaler.ch\/wp-content\/uploads\/2022\/04\/sempach_klein_emmentaler-300x285.jpg 300w, https:\/\/www.emmentaler.ch\/wp-content\/uploads\/2022\/04\/sempach_klein_emmentaler-768x729.jpg 768w, https:\/\/www.emmentaler.ch\/wp-content\/uploads\/2022\/04\/sempach_klein_emmentaler.jpg 1137w\" sizes=\"(max-width: 800px) 100vw, 800px\" \/><\/p>\n<p><img loading=\"lazy\" decoding=\"async\" class=\"alignnone size-large wp-image-55973\" src=\"https:\/\/www.emmentaler.ch\/wp-content\/uploads\/2022\/04\/Maettu1-1024x740.jpg\" alt=\"\" width=\"800\" height=\"578\" srcset=\"https:\/\/www.emmentaler.ch\/wp-content\/uploads\/2022\/04\/Maettu1-1024x740.jpg 1024w, https:\/\/www.emmentaler.ch\/wp-content\/uploads\/2022\/04\/Maettu1-300x217.jpg 300w, https:\/\/www.emmentaler.ch\/wp-content\/uploads\/2022\/04\/Maettu1-768x555.jpg 768w, https:\/\/www.emmentaler.ch\/wp-content\/uploads\/2022\/04\/Maettu1-1536x1109.jpg 1536w, https:\/\/www.emmentaler.ch\/wp-content\/uploads\/2022\/04\/Maettu1.jpg 1800w\" sizes=\"(max-width: 800px) 100vw, 800px\" \/><\/p>\n<p><img loading=\"lazy\" decoding=\"async\" class=\"alignnone size-large wp-image-55988\" src=\"https:\/\/www.emmentaler.ch\/wp-content\/uploads\/2022\/04\/ES_Maettus_gesunde_Rezepte_Pola_klein-1024x682.jpg\" alt=\"\" width=\"800\" height=\"533\" srcset=\"https:\/\/www.emmentaler.ch\/wp-content\/uploads\/2022\/04\/ES_Maettus_gesunde_Rezepte_Pola_klein-1024x682.jpg 1024w, https:\/\/www.emmentaler.ch\/wp-content\/uploads\/2022\/04\/ES_Maettus_gesunde_Rezepte_Pola_klein-300x200.jpg 300w, https:\/\/www.emmentaler.ch\/wp-content\/uploads\/2022\/04\/ES_Maettus_gesunde_Rezepte_Pola_klein-768x512.jpg 768w, https:\/\/www.emmentaler.ch\/wp-content\/uploads\/2022\/04\/ES_Maettus_gesunde_Rezepte_Pola_klein-1536x1024.jpg 1536w, https:\/\/www.emmentaler.ch\/wp-content\/uploads\/2022\/04\/ES_Maettus_gesunde_Rezepte_Pola_klein.jpg 2000w\" sizes=\"(max-width: 800px) 100vw, 800px\" \/><\/p>\n<p><img loading=\"lazy\" decoding=\"async\" class=\"alignnone size-large wp-image-55993\" src=\"https:\/\/www.emmentaler.ch\/wp-content\/uploads\/2022\/04\/kasen_029-1024x682.jpg\" alt=\"\" width=\"800\" height=\"533\" srcset=\"https:\/\/www.emmentaler.ch\/wp-content\/uploads\/2022\/04\/kasen_029-1024x682.jpg 1024w, https:\/\/www.emmentaler.ch\/wp-content\/uploads\/2022\/04\/kasen_029-300x200.jpg 300w, https:\/\/www.emmentaler.ch\/wp-content\/uploads\/2022\/04\/kasen_029-768x512.jpg 768w, https:\/\/www.emmentaler.ch\/wp-content\/uploads\/2022\/04\/kasen_029-1536x1024.jpg 1536w, https:\/\/www.emmentaler.ch\/wp-content\/uploads\/2022\/04\/kasen_029.jpg 2000w\" sizes=\"(max-width: 800px) 100vw, 800px\" \/><\/p>\n","protected":false},"excerpt":{"rendered":"<p>Ein kleines Ereignis f\u00fcr die Menschheit aber ein riesiges f\u00fcr uns! Seit 10 Jahren d\u00fcrfen wir Matthias Sempach an unserer Seite als Markenbotschafter, Freund und nun auch als Milchproduzent f\u00fcr den Emmentaler AOP sch\u00e4tzen. Auf seinem Hof produziert er mit viel Hingabe und Sorgfalt beste Rohmilch f\u00fcr die Herstellung unseres Originals. M\u00e4ttu repr\u00e4sentiert alles, was [&hellip;]<\/p>\n","protected":false},"author":2,"featured_media":55958,"comment_status":"open","ping_status":"open","sticky":false,"template":"","format":"standard","meta":{"inline_featured_image":false,"footnotes":""},"categories":[1],"tags":[],"et_countries":[],"acf":{"additional_infos_teaser_title":"Unser Markenbotschafter Matthias Sempach","additional_infos_related_contents":"","veroffentlichungsdatum":""},"_links":{"self":[{"href":"https:\/\/www.emmentaler.ch\/de\/wp-json\/wp\/v2\/posts\/55937"}],"collection":[{"href":"https:\/\/www.emmentaler.ch\/de\/wp-json\/wp\/v2\/posts"}],"about":[{"href":"https:\/\/www.emmentaler.ch\/de\/wp-json\/wp\/v2\/types\/post"}],"author":[{"embeddable":true,"href":"https:\/\/www.emmentaler.ch\/de\/wp-json\/wp\/v2\/users\/2"}],"replies":[{"embeddable":true,"href":"https:\/\/www.emmentaler.ch\/de\/wp-json\/wp\/v2\/comments?post=55937"}],"version-history":[{"count":0,"href":"https:\/\/www.emmentaler.ch\/de\/wp-json\/wp\/v2\/posts\/55937\/revisions"}],"wp:featuredmedia":[{"embeddable":true,"href":"https:\/\/www.emmentaler.ch\/de\/wp-json\/wp\/v2\/media\/55958"}],"wp:attachment":[{"href":"https:\/\/www.emmentaler.ch\/de\/wp-json\/wp\/v2\/media?parent=55937"}],"wp:term":[{"taxonomy":"category","embeddable":true,"href":"https:\/\/www.emmentaler.ch\/de\/wp-json\/wp\/v2\/categories?post=55937"},{"taxonomy":"post_tag","embeddable":true,"href":"https:\/\/www.emmentaler.ch\/de\/wp-json\/wp\/v2\/tags?post=55937"},{"taxonomy":"et_countries","embeddable":true,"href":"https:\/\/www.emmentaler.ch\/de\/wp-json\/wp\/v2\/et_countries?post=55937"}],"curies":[{"name":"wp","href":"https:\/\/api.w.org\/{rel}","templated":true}]}}