{"id":56015,"date":"2021-04-26T09:25:21","date_gmt":"2021-04-26T07:25:21","guid":{"rendered":"https:\/\/www.emmentaler.ch\/die-kuh-gibt-uns-mehr-als-nur-milch"},"modified":"2022-07-18T10:49:45","modified_gmt":"2022-07-18T08:49:45","slug":"die-kuh-gibt-uns-mehr-als-nur-milch","status":"publish","type":"post","link":"https:\/\/www.emmentaler.ch\/de\/die-kuh-gibt-uns-mehr-als-nur-milch","title":{"rendered":"\u00abDie Kuh gibt uns mehr als nur Milch\u00bb"},"content":{"rendered":"<p>16 Milchk\u00fche, 10 Rinder, 7 K\u00e4lbchen, 3 Ziegen, fast 100 Mastschweine sowie Kaninchen, H\u00fchner, Enten, ein Hund und drei Katzen \u2013 auf dem Hof von Matthias Sempach geht es tierisch zu und her. Wir waren bei M\u00e4ttu im Entlebuch zu Besuch und wollten alles \u00fcber die Arbeit des Milchbauers und das Tierwohl auf seinem Hof erfahren: Was macht f\u00fcr ihn eine gl\u00fcckliche Kuh aus und welchen besonderen Bezug hat er zu seinen Tieren? Widerspiegelt sich das Gl\u00fcck der K\u00fche in unserem Emmentaler AOP? Jetzt in unsere digitale Emmentaler AOP Welt eintauchen und <a href=\"https:\/\/www.emmentaler.ch\/de\/die-kuh-gibt-uns-mehr-als-nur-milch-2\">hier<\/a> das vollst\u00e4ndige Interview mit M\u00e4ttu lesen.<\/p>\n<p><img loading=\"lazy\" decoding=\"async\" class=\"alignnone size-large wp-image-56021\" src=\"https:\/\/www.emmentaler.ch\/wp-content\/uploads\/2022\/04\/Headerbild_Maettu_USP-1024x740.jpg\" alt=\"\" width=\"800\" height=\"578\" srcset=\"https:\/\/www.emmentaler.ch\/wp-content\/uploads\/2022\/04\/Headerbild_Maettu_USP-1024x740.jpg 1024w, https:\/\/www.emmentaler.ch\/wp-content\/uploads\/2022\/04\/Headerbild_Maettu_USP-300x217.jpg 300w, https:\/\/www.emmentaler.ch\/wp-content\/uploads\/2022\/04\/Headerbild_Maettu_USP-768x555.jpg 768w, https:\/\/www.emmentaler.ch\/wp-content\/uploads\/2022\/04\/Headerbild_Maettu_USP-1536x1109.jpg 1536w, https:\/\/www.emmentaler.ch\/wp-content\/uploads\/2022\/04\/Headerbild_Maettu_USP.jpg 1800w\" sizes=\"(max-width: 800px) 100vw, 800px\" \/><\/p>\n","protected":false},"excerpt":{"rendered":"<p>16 Milchk\u00fche, 10 Rinder, 7 K\u00e4lbchen, 3 Ziegen, fast 100 Mastschweine sowie Kaninchen, H\u00fchner, Enten, ein Hund und drei Katzen \u2013 auf dem Hof von Matthias Sempach geht es tierisch zu und her. Wir waren bei M\u00e4ttu im Entlebuch zu Besuch und wollten alles \u00fcber die Arbeit des Milchbauers und das Tierwohl auf seinem Hof [&hellip;]<\/p>\n","protected":false},"author":2,"featured_media":56016,"comment_status":"open","ping_status":"open","sticky":false,"template":"","format":"standard","meta":{"inline_featured_image":false,"footnotes":""},"categories":[1],"tags":[],"et_countries":[],"acf":{"additional_infos_teaser_title":"Vom Schwingerk\u00f6nig zum Milchbauer","additional_infos_related_contents":"","veroffentlichungsdatum":""},"_links":{"self":[{"href":"https:\/\/www.emmentaler.ch\/de\/wp-json\/wp\/v2\/posts\/56015"}],"collection":[{"href":"https:\/\/www.emmentaler.ch\/de\/wp-json\/wp\/v2\/posts"}],"about":[{"href":"https:\/\/www.emmentaler.ch\/de\/wp-json\/wp\/v2\/types\/post"}],"author":[{"embeddable":true,"href":"https:\/\/www.emmentaler.ch\/de\/wp-json\/wp\/v2\/users\/2"}],"replies":[{"embeddable":true,"href":"https:\/\/www.emmentaler.ch\/de\/wp-json\/wp\/v2\/comments?post=56015"}],"version-history":[{"count":0,"href":"https:\/\/www.emmentaler.ch\/de\/wp-json\/wp\/v2\/posts\/56015\/revisions"}],"wp:featuredmedia":[{"embeddable":true,"href":"https:\/\/www.emmentaler.ch\/de\/wp-json\/wp\/v2\/media\/56016"}],"wp:attachment":[{"href":"https:\/\/www.emmentaler.ch\/de\/wp-json\/wp\/v2\/media?parent=56015"}],"wp:term":[{"taxonomy":"category","embeddable":true,"href":"https:\/\/www.emmentaler.ch\/de\/wp-json\/wp\/v2\/categories?post=56015"},{"taxonomy":"post_tag","embeddable":true,"href":"https:\/\/www.emmentaler.ch\/de\/wp-json\/wp\/v2\/tags?post=56015"},{"taxonomy":"et_countries","embeddable":true,"href":"https:\/\/www.emmentaler.ch\/de\/wp-json\/wp\/v2\/et_countries?post=56015"}],"curies":[{"name":"wp","href":"https:\/\/api.w.org\/{rel}","templated":true}]}}