{"id":56026,"date":"2021-06-13T10:01:21","date_gmt":"2021-06-13T08:01:21","guid":{"rendered":"https:\/\/www.emmentaler.ch\/natuerlich-gesund-und-ein-purer-genuss"},"modified":"2022-07-07T17:54:17","modified_gmt":"2022-07-07T15:54:17","slug":"natuerlich-gesund-und-ein-purer-genuss","status":"publish","type":"post","link":"https:\/\/www.emmentaler.ch\/de\/natuerlich-gesund-und-ein-purer-genuss","title":{"rendered":"Nat\u00fcrlich, gesund und ein purer Genuss!"},"content":{"rendered":"<p>Du bist im Homeoffice, sitzt viel bei der Arbeit oder dir fehlt allgemein die Bewegung? Eine umso wichtigere Rolle spielt da die bewusste Ern\u00e4hrung mit nat\u00fcrlichen, gesunden Lebensmitteln. Good News f\u00fcr alle K\u00e4seliebhaber, wir haben den perfekten Tipp f\u00fcr eine ausgewogene Verpflegung: K\u00e4se ist gesund! Welche wertvollen Inhaltsstoffe findest du im Emmentaler AOP? <a href=\"https:\/\/www.emmentaler.ch\/de\/ist-kaese-gesund\">Jetzt mehr erfahren<\/a> und mit gutem Gewissen den n\u00e4chsten Emmentaler AOP verzehren.<\/p>\n<p><img loading=\"lazy\" decoding=\"async\" class=\"alignnone size-large wp-image-56027\" src=\"https:\/\/www.emmentaler.ch\/wp-content\/uploads\/2022\/04\/Pola_Juni_gesund_natuerlich-1024x1024.png\" alt=\"\" width=\"800\" height=\"800\" srcset=\"https:\/\/www.emmentaler.ch\/wp-content\/uploads\/2022\/04\/Pola_Juni_gesund_natuerlich-1024x1024.png 1024w, https:\/\/www.emmentaler.ch\/wp-content\/uploads\/2022\/04\/Pola_Juni_gesund_natuerlich-300x300.png 300w, https:\/\/www.emmentaler.ch\/wp-content\/uploads\/2022\/04\/Pola_Juni_gesund_natuerlich-150x150.png 150w, https:\/\/www.emmentaler.ch\/wp-content\/uploads\/2022\/04\/Pola_Juni_gesund_natuerlich-768x768.png 768w, https:\/\/www.emmentaler.ch\/wp-content\/uploads\/2022\/04\/Pola_Juni_gesund_natuerlich.png 1080w\" sizes=\"(max-width: 800px) 100vw, 800px\" \/><br \/>\n<img loading=\"lazy\" decoding=\"async\" class=\"alignnone size-large wp-image-56034\" src=\"https:\/\/www.emmentaler.ch\/wp-content\/uploads\/2022\/04\/LowSection_Gesund_Natuerlich-1024x683.jpg\" alt=\"\" width=\"800\" height=\"534\" srcset=\"https:\/\/www.emmentaler.ch\/wp-content\/uploads\/2022\/04\/LowSection_Gesund_Natuerlich-1024x683.jpg 1024w, https:\/\/www.emmentaler.ch\/wp-content\/uploads\/2022\/04\/LowSection_Gesund_Natuerlich-300x200.jpg 300w, https:\/\/www.emmentaler.ch\/wp-content\/uploads\/2022\/04\/LowSection_Gesund_Natuerlich-768x512.jpg 768w, https:\/\/www.emmentaler.ch\/wp-content\/uploads\/2022\/04\/LowSection_Gesund_Natuerlich-1536x1024.jpg 1536w, https:\/\/www.emmentaler.ch\/wp-content\/uploads\/2022\/04\/LowSection_Gesund_Natuerlich.jpg 1920w\" sizes=\"(max-width: 800px) 100vw, 800px\" \/><\/p>\n","protected":false},"excerpt":{"rendered":"<p>Du bist im Homeoffice, sitzt viel bei der Arbeit oder dir fehlt allgemein die Bewegung? Eine umso wichtigere Rolle spielt da die bewusste Ern\u00e4hrung mit nat\u00fcrlichen, gesunden Lebensmitteln. Good News f\u00fcr alle K\u00e4seliebhaber, wir haben den perfekten Tipp f\u00fcr eine ausgewogene Verpflegung: K\u00e4se ist gesund! Welche wertvollen Inhaltsstoffe findest du im Emmentaler AOP? Jetzt mehr [&hellip;]<\/p>\n","protected":false},"author":2,"featured_media":56027,"comment_status":"open","ping_status":"open","sticky":false,"template":"","format":"standard","meta":{"inline_featured_image":false,"footnotes":""},"categories":[1],"tags":[],"et_countries":[],"acf":{"additional_infos_teaser_title":"Ausgewogene Ern\u00e4hrung mit Emmentaler AOP","additional_infos_related_contents":"","veroffentlichungsdatum":""},"_links":{"self":[{"href":"https:\/\/www.emmentaler.ch\/de\/wp-json\/wp\/v2\/posts\/56026"}],"collection":[{"href":"https:\/\/www.emmentaler.ch\/de\/wp-json\/wp\/v2\/posts"}],"about":[{"href":"https:\/\/www.emmentaler.ch\/de\/wp-json\/wp\/v2\/types\/post"}],"author":[{"embeddable":true,"href":"https:\/\/www.emmentaler.ch\/de\/wp-json\/wp\/v2\/users\/2"}],"replies":[{"embeddable":true,"href":"https:\/\/www.emmentaler.ch\/de\/wp-json\/wp\/v2\/comments?post=56026"}],"version-history":[{"count":0,"href":"https:\/\/www.emmentaler.ch\/de\/wp-json\/wp\/v2\/posts\/56026\/revisions"}],"wp:featuredmedia":[{"embeddable":true,"href":"https:\/\/www.emmentaler.ch\/de\/wp-json\/wp\/v2\/media\/56027"}],"wp:attachment":[{"href":"https:\/\/www.emmentaler.ch\/de\/wp-json\/wp\/v2\/media?parent=56026"}],"wp:term":[{"taxonomy":"category","embeddable":true,"href":"https:\/\/www.emmentaler.ch\/de\/wp-json\/wp\/v2\/categories?post=56026"},{"taxonomy":"post_tag","embeddable":true,"href":"https:\/\/www.emmentaler.ch\/de\/wp-json\/wp\/v2\/tags?post=56026"},{"taxonomy":"et_countries","embeddable":true,"href":"https:\/\/www.emmentaler.ch\/de\/wp-json\/wp\/v2\/et_countries?post=56026"}],"curies":[{"name":"wp","href":"https:\/\/api.w.org\/{rel}","templated":true}]}}