{"id":56164,"date":"2022-02-22T08:32:53","date_gmt":"2022-02-22T07:32:53","guid":{"rendered":"https:\/\/www.emmentaler.ch\/gesund-durch-den-winter"},"modified":"2022-07-07T17:07:18","modified_gmt":"2022-07-07T15:07:18","slug":"gesund-durch-den-winter","status":"publish","type":"post","link":"https:\/\/www.emmentaler.ch\/de\/gesund-durch-den-winter","title":{"rendered":"Gesund durch den Winter"},"content":{"rendered":"<p>Aufgepasst liebe K\u00e4seliebhaber*innen \u2013 Emmentaler AOP ist tats\u00e4chlich gesund! Inhaltsstoffe wie Proteine, Kalzium und Vitamine machen den K\u00e4se zum Spitzenlieferanten wertvoller N\u00e4hrstoffe. Und das ist noch nicht alles: Schon gewusst, dass der K\u00e4se 100 % laktosefrei ist?<\/p>\n<p>Erfahren Sie <a href=\"https:\/\/www.emmentaler.ch\/de\/ist-kaese-gesund\">hier<\/a> mehr \u00fcber die Besonderheiten des gesunden Emmentaler AOP.<br \/>\n<img loading=\"lazy\" decoding=\"async\" class=\"alignnone wp-image-56165 size-large\" src=\"https:\/\/www.emmentaler.ch\/wp-content\/uploads\/2022\/04\/Pola_Februar_Superfood-1024x1024.jpg\" alt=\"\" width=\"1024\" height=\"1024\" srcset=\"https:\/\/www.emmentaler.ch\/wp-content\/uploads\/2022\/04\/Pola_Februar_Superfood-1024x1024.jpg 1024w, https:\/\/www.emmentaler.ch\/wp-content\/uploads\/2022\/04\/Pola_Februar_Superfood-300x300.jpg 300w, https:\/\/www.emmentaler.ch\/wp-content\/uploads\/2022\/04\/Pola_Februar_Superfood-150x150.jpg 150w, https:\/\/www.emmentaler.ch\/wp-content\/uploads\/2022\/04\/Pola_Februar_Superfood-768x768.jpg 768w, https:\/\/www.emmentaler.ch\/wp-content\/uploads\/2022\/04\/Pola_Februar_Superfood.jpg 1440w\" sizes=\"(max-width: 1024px) 100vw, 1024px\" \/><img loading=\"lazy\" decoding=\"async\" class=\"alignnone wp-image-56170 size-large\" src=\"https:\/\/www.emmentaler.ch\/wp-content\/uploads\/2022\/04\/Pola_Februar_LowerSection_Superfood-1024x768.jpg\" alt=\"\" width=\"1024\" height=\"768\" srcset=\"https:\/\/www.emmentaler.ch\/wp-content\/uploads\/2022\/04\/Pola_Februar_LowerSection_Superfood-1024x768.jpg 1024w, https:\/\/www.emmentaler.ch\/wp-content\/uploads\/2022\/04\/Pola_Februar_LowerSection_Superfood-300x225.jpg 300w, https:\/\/www.emmentaler.ch\/wp-content\/uploads\/2022\/04\/Pola_Februar_LowerSection_Superfood-768x576.jpg 768w, https:\/\/www.emmentaler.ch\/wp-content\/uploads\/2022\/04\/Pola_Februar_LowerSection_Superfood-1536x1152.jpg 1536w, https:\/\/www.emmentaler.ch\/wp-content\/uploads\/2022\/04\/Pola_Februar_LowerSection_Superfood.jpg 1920w\" sizes=\"(max-width: 1024px) 100vw, 1024px\" \/><\/p>\n","protected":false},"excerpt":{"rendered":"<p>Aufgepasst liebe K\u00e4seliebhaber*innen \u2013 Emmentaler AOP ist tats\u00e4chlich gesund! Inhaltsstoffe wie Proteine, Kalzium und Vitamine machen den K\u00e4se zum Spitzenlieferanten wertvoller N\u00e4hrstoffe. Und das ist noch nicht alles: Schon gewusst, dass der K\u00e4se 100 % laktosefrei ist? Erfahren Sie hier mehr \u00fcber die Besonderheiten des gesunden Emmentaler AOP.<\/p>\n","protected":false},"author":2,"featured_media":56165,"comment_status":"open","ping_status":"open","sticky":false,"template":"","format":"standard","meta":{"inline_featured_image":false,"footnotes":""},"categories":[1],"tags":[],"et_countries":[],"acf":{"additional_infos_teaser_title":"Emmentaler AOP ist auch ein Superfood!","additional_infos_related_contents":"","veroffentlichungsdatum":""},"_links":{"self":[{"href":"https:\/\/www.emmentaler.ch\/de\/wp-json\/wp\/v2\/posts\/56164"}],"collection":[{"href":"https:\/\/www.emmentaler.ch\/de\/wp-json\/wp\/v2\/posts"}],"about":[{"href":"https:\/\/www.emmentaler.ch\/de\/wp-json\/wp\/v2\/types\/post"}],"author":[{"embeddable":true,"href":"https:\/\/www.emmentaler.ch\/de\/wp-json\/wp\/v2\/users\/2"}],"replies":[{"embeddable":true,"href":"https:\/\/www.emmentaler.ch\/de\/wp-json\/wp\/v2\/comments?post=56164"}],"version-history":[{"count":0,"href":"https:\/\/www.emmentaler.ch\/de\/wp-json\/wp\/v2\/posts\/56164\/revisions"}],"wp:featuredmedia":[{"embeddable":true,"href":"https:\/\/www.emmentaler.ch\/de\/wp-json\/wp\/v2\/media\/56165"}],"wp:attachment":[{"href":"https:\/\/www.emmentaler.ch\/de\/wp-json\/wp\/v2\/media?parent=56164"}],"wp:term":[{"taxonomy":"category","embeddable":true,"href":"https:\/\/www.emmentaler.ch\/de\/wp-json\/wp\/v2\/categories?post=56164"},{"taxonomy":"post_tag","embeddable":true,"href":"https:\/\/www.emmentaler.ch\/de\/wp-json\/wp\/v2\/tags?post=56164"},{"taxonomy":"et_countries","embeddable":true,"href":"https:\/\/www.emmentaler.ch\/de\/wp-json\/wp\/v2\/et_countries?post=56164"}],"curies":[{"name":"wp","href":"https:\/\/api.w.org\/{rel}","templated":true}]}}