{"id":65531,"date":"2022-05-13T13:13:23","date_gmt":"2022-05-13T11:13:23","guid":{"rendered":"https:\/\/www.emmentaler.ch\/was-bedeutet-aop"},"modified":"2022-07-18T15:33:15","modified_gmt":"2022-07-18T13:33:15","slug":"was-bedeutet-aop","status":"publish","type":"post","link":"https:\/\/www.emmentaler.ch\/de\/was-bedeutet-aop","title":{"rendered":"Was bedeutet AOP?"},"content":{"rendered":"<p>Die Abk\u00fcrzung AOP steht f\u00fcr den franz\u00f6sischen Begriff <strong>\u00abAppellation d\u2019Origine Prot\u00e9g\u00e9e\u00bb<\/strong>, was auf Deutsch so viel wie \u00abgesch\u00fctzte Ursprungsbezeichnung\u00bb heisst. Nur Produkte, die ausschliesslich in ihrem Ursprungsgebiet erzeugt, verarbeitet und veredelt werden, k\u00f6nnen mit dem Pr\u00e4dikat AOP ausgezeichnet werden. Das Qualit\u00e4tssiegel ist sogar gesetzlich gesch\u00fctzt und garantiert, dass die gekennzeichneten Produkte im Ursprungsgebiet bereits seit Jahrhunderten verwurzelt sind.<\/p>\n<p><img loading=\"lazy\" decoding=\"async\" class=\"alignnone size-full wp-image-864\" src=\"https:\/\/www.emmentaler.ch\/wp-content\/uploads\/2022\/05\/DSC09925-scaled-1.jpg\" alt=\"\" width=\"2560\" height=\"1707\"><\/p>\n<h3>Was bedeutet AOP bei K\u00e4se?<\/h3>\n<p>Tr\u00e4gt der Name von Ihrem Lieblingsk\u00e4se die Bezeichnung AOP, dann wurde auch dieser garantiert im Ursprungsgebiet erzeugt, verarbeitet und veredelt.<\/p>\n<h3>Wo liegt das Emmentaler AOP Ursprungsgebiet?<\/h3>\n<p>Woher die Rohmilch f\u00fcr Emmentaler AOP stammt und wo der K\u00e4se hergestellt werden darf, ist geografisch genau definiert: Das Original kommt garantiert nur aus den Kantonen Bern (ohne Amtsbezirk Moutier), Aargau, Glarus, Luzern, Schwyz, Solothurn, St.\u00a0Gallen, Thurgau, Zug, Z\u00fcrich oder aus Teilen des Kantons Freiburg.<\/p>\n<h3>Warum hat Emmentaler das AOP-Qualit\u00e4tssiegel?<\/h3>\n<p>Das Emmentaler AOP-Sortiment darf sich zu den wenigen Schweizer Qualit\u00e4tsprodukten z\u00e4hlen, die die Bezeichnung AOP tragen, denn: F\u00fcr einen Laib Emmentaler AOP wird ausschliesslich frische Rohmilch aus der Region verarbeitet. Die Milch stammt von K\u00fchen, die gen\u00fcgend Auslauf haben und frisches Gras oder Heu fressen \u2013 von Silofutter keine Spur. Nachdem die Milch in einer von rund 110 K\u00e4sereien verarbeitet wurde, reift der \u00abK\u00f6nig der K\u00e4se\u00bb mindestens vier Monate auf ganz nat\u00fcrliche Weise in einem unserer K\u00e4sekeller. Nur so wird er in Form und Geschmack einzigartig.<\/p>\n<h3>Welche weiteren Schweizer Produkte tragen das AOP-Qualit\u00e4tssiegel?<\/h3>\n<p>Bis heute stehen 23 Schweizer AOP-Qualit\u00e4tsprodukte im Bundesregister:<\/p>\n<h3>AOP-K\u00e4se<\/h3>\n<ul>\n<li>Emmentaler AOP<\/li>\n<li>Berner Alpk\u00e4se AOP und Berner Hobelk\u00e4se AOP<\/li>\n<li>Bloder-Sauerk\u00e4se AOP<\/li>\n<li>L\u2019Etivaz AOP<\/li>\n<li>Formaggio d\u2019Alpe Ticinese AOP<\/li>\n<li>Glarner Alpk\u00e4se AOP<\/li>\n<li>Le Gruy\u00e8re AOP<\/li>\n<li>Sbrinz AOP<\/li>\n<li>T\u00eate de Moine AOP<\/li>\n<li>Vacherin fribourgeois AOP<\/li>\n<li>Vacherin Mont-d\u2019Or AOP<\/li>\n<li>Walliser Raclette AOP<\/li>\n<\/ul>\n<h3>AOP-Edelbr\u00e4nde<\/h3>\n<ul>\n<li>Abricotine AOP<\/li>\n<li>Damassine AOP<\/li>\n<li>Eau-de-vie de poire du Valais AOP<\/li>\n<li>Zuger Kirsch und Rigi Kirsch AOP<\/li>\n<\/ul>\n<h3>Weitere AOP-Produkte<\/h3>\n<ul>\n<li>Cardon \u00e9pineux genevois AOP<\/li>\n<li>Huile de noix vaudoise AOP<\/li>\n<li>Poire \u00e0 Botzi AOP<\/li>\n<li>Rheintaler Ribelmais AOP<\/li>\n<li>Munder Safran AOP<\/li>\n<li>Walliser Roggenbrot AOP<\/li>\n<li>Cuchaule AOP<\/li>\n<\/ul>\n","protected":false},"excerpt":{"rendered":"<p>Die Abk\u00fcrzung AOP steht f\u00fcr den franz\u00f6sischen Begriff \u00abAppellation d\u2019Origine Prot\u00e9g\u00e9e\u00bb, was auf Deutsch so viel wie \u00abgesch\u00fctzte Ursprungsbezeichnung\u00bb heisst. Nur Produkte, die ausschliesslich in ihrem Ursprungsgebiet erzeugt, verarbeitet und veredelt werden, k\u00f6nnen mit dem Pr\u00e4dikat AOP ausgezeichnet werden. Das Qualit\u00e4tssiegel ist sogar gesetzlich gesch\u00fctzt und garantiert, dass die gekennzeichneten Produkte im Ursprungsgebiet bereits seit [&hellip;]<\/p>\n","protected":false},"author":2,"featured_media":60551,"comment_status":"open","ping_status":"open","sticky":false,"template":"","format":"standard","meta":{"inline_featured_image":false,"footnotes":""},"categories":[198],"tags":[],"et_countries":[],"acf":{"additional_infos_teaser_title":"Das steckt hinter der Abk\u00fcrzung","additional_infos_related_contents":"","veroffentlichungsdatum":""},"_links":{"self":[{"href":"https:\/\/www.emmentaler.ch\/de\/wp-json\/wp\/v2\/posts\/65531"}],"collection":[{"href":"https:\/\/www.emmentaler.ch\/de\/wp-json\/wp\/v2\/posts"}],"about":[{"href":"https:\/\/www.emmentaler.ch\/de\/wp-json\/wp\/v2\/types\/post"}],"author":[{"embeddable":true,"href":"https:\/\/www.emmentaler.ch\/de\/wp-json\/wp\/v2\/users\/2"}],"replies":[{"embeddable":true,"href":"https:\/\/www.emmentaler.ch\/de\/wp-json\/wp\/v2\/comments?post=65531"}],"version-history":[{"count":0,"href":"https:\/\/www.emmentaler.ch\/de\/wp-json\/wp\/v2\/posts\/65531\/revisions"}],"wp:featuredmedia":[{"embeddable":true,"href":"https:\/\/www.emmentaler.ch\/de\/wp-json\/wp\/v2\/media\/60551"}],"wp:attachment":[{"href":"https:\/\/www.emmentaler.ch\/de\/wp-json\/wp\/v2\/media?parent=65531"}],"wp:term":[{"taxonomy":"category","embeddable":true,"href":"https:\/\/www.emmentaler.ch\/de\/wp-json\/wp\/v2\/categories?post=65531"},{"taxonomy":"post_tag","embeddable":true,"href":"https:\/\/www.emmentaler.ch\/de\/wp-json\/wp\/v2\/tags?post=65531"},{"taxonomy":"et_countries","embeddable":true,"href":"https:\/\/www.emmentaler.ch\/de\/wp-json\/wp\/v2\/et_countries?post=65531"}],"curies":[{"name":"wp","href":"https:\/\/api.w.org\/{rel}","templated":true}]}}