{"id":65558,"date":"2022-05-13T13:13:23","date_gmt":"2022-05-13T11:13:23","guid":{"rendered":"https:\/\/www.emmentaler.ch\/artgerechte-kuhhaltung-ueber-das-leben-gluecklicher-kuehe"},"modified":"2022-05-24T13:32:50","modified_gmt":"2022-05-24T11:32:50","slug":"artgerechte-kuhhaltung-ueber-das-leben-gluecklicher-kuehe","status":"publish","type":"post","link":"https:\/\/www.emmentaler.ch\/de\/artgerechte-kuhhaltung-ueber-das-leben-gluecklicher-kuehe","title":{"rendered":"Artgerechte Kuhaltung"},"content":{"rendered":"<p><strong>Wann ist eine Kuh eine gl\u00fcckliche Kuh? Sicher nur dann, wenn sie in artgerechter Kuhhaltung lebt. Doch wie definiert sich diese? Und warum spricht sich Emmentaler Switzerland ganz besonders daf\u00fcr aus?<\/strong><\/p>\n<p>Die Schweizer Milchbauernbetriebe, von denen die Milch f\u00fcr Emmentaler AOP stammt, halten im Schnitt nur 26 K\u00fche. Die Tiere haben ausreichend Platz und bekommen liebevolle Aufmerksamkeit von ihrem Milchbauer. Sie leben in Familienbetrieben, die sich bereits seit Generationen der Milchproduktion widmen und dank ihrer langj\u00e4hrigen Erfahrung f\u00fcr qualitativ hochstehende Milch von wohlgehaltenen K\u00fchen stehen. Die Milchproduzenten f\u00fcr Emmentaler AOP tragen mit ihrer traditionellen Arbeit Sorge f\u00fcr die Umwelt und befolgen die strengen \u00f6kologischen Richtlinien.<br \/>\n<a href=\"http:\/\/www.swissmilk.ch\/de\/schweizer-milch\/unsere-kuehe\/tierfreundliche-milchkuhhaltung\/\" target=\"_blank\" rel=\"noopener nofollow\">Mehr \u00fcber die Haltung<\/a><\/p>\n<p><img loading=\"lazy\" decoding=\"async\" class=\"alignnone size-full wp-image-601\" src=\"https:\/\/www.emmentaler.ch\/wp-content\/uploads\/2022\/05\/IMG_3616-17-scaled-1.jpg\" alt=\"\" width=\"2560\" height=\"1707\"><\/p>\n<p>Eine gute Nachricht vorweg: Schweizer Milchproduzenten befolgen generell schon ein strenges, umfassendes und vorbildliches Tierschutzgesetz. Das ist die rechtliche Basis f\u00fcr das gl\u00fcckliche Leben einer Kuh in der Schweiz. Doch wie viele K\u00fche sind das \u00fcberhaupt?<\/p>\n<h3>Wie viele K\u00fche gibt es in der Schweiz?<\/h3>\n<p>Die Anzahl der Milchk\u00fche in der Schweiz wird laufend erhoben und zeigt derzeit \u00dcberraschendes: Aktuell liegt der Tierbestand bei einem historischen Tiefstand. Im September 2020 lag der gesamte Schweizer Milchviehbestand bei rund 534\u2019000 K\u00fchen. Zum Vergleich: 2012 gab es noch rund 589\u2019000.<br \/>\n(Quelle: <a href=\"https:\/\/de.statista.com\/statistik\/daten\/studie\/305337\/umfrage\/kuhbestand-in-der-schweiz\/\" target=\"_blank\" rel=\"noopener nofollow\">Statista<\/a>)<\/p>\n<h3>Wieso geht der Kuhbestand zur\u00fcck?<\/h3>\n<p>Einerseits widmen sich Jahr f\u00fcr Jahr weniger Landwirte der Milchproduktion.<br \/>\nAndererseits hat sich die Milchleistung der typischen Milchviehrassen erh\u00f6ht. Gr\u00fcnde daf\u00fcr sind zum Beispiel Fortschritte in der Zucht oder der F\u00fctterung. Das heisst, die gleiche gemolkene Milchmenge wird durch immer weniger K\u00fche produziert. W\u00e4hrend eine durchschnittliche Schweizer Milchkuh vor 20 Jahren noch rund 5\u2019500\u00a0l Milch gegeben hat, gibt sie heute knapp 7\u2019000\u00a0l.<br \/>\n(Quelle: <a href=\"https:\/\/de.statista.com\/statistik\/daten\/studie\/305337\/umfrage\/kuhbestand-in-der-schweiz\/\" target=\"_blank\" rel=\"noopener nofollow\">Statista<\/a>)<\/p>\n<p>Was uns bei Emmentaler Switzerland besonders freut, ist die Tatsache, <span lang=\"DE\">dass heute noch mehr Wert auf das Wohlbefinden und die Gesundheit der Kuh gelegt wird. Frische Luft, F\u00fctterung von Gr\u00fcn- statt Kraftfutter und weniger Stress f\u00fcr die Tiere haben letztlich auch einen positiven Einfluss auf die Qualit\u00e4t und Quantit\u00e4t der Milch.<\/span><\/p>\n<h3>Rinder halten: Das Tierschutzgesetz in der Schweiz<\/h3>\n<p>Wer K\u00fche h\u00e4lt, ist verantwortlich f\u00fcr die Gesundheit der Tiere und muss die Bed\u00fcrfnisse und das Verhalten der K\u00fche kennen. Somit nimmt das Thema der artgerechten Tierhaltung in der Aus- und Weiterbildung der Landwirte einen hohen Stellenwert ein.<\/p>\n<p>Die genauen Tierschutzvorschriften sind f\u00fcr jeden beim <a href=\"https:\/\/www.blv.admin.ch\/blv\/de\/home\/tiere\/tierschutz\/nutztierhaltung\/rinder.html\" target=\"_blank\" rel=\"noopener nofollow\">Bundesamt f\u00fcr Lebensmittelsicherheit und Veterin\u00e4rwesen <\/a>\u00f6ffentlich einsehbar.<\/p>\n<h3>Wie sieht die artgerechte Kuhhaltung bei Emmentaler Switzerland aus?<\/h3>\n<p>Emmentaler Switzerland spricht sich f\u00fcr eine artgerechte Kuhhaltung und ganz klar gegen Massentierhaltung aus. Wir achten auf:<\/p>\n<ul>\n<li>Viel Auslauf<\/li>\n<li>Nat\u00fcrliche <a href=\"https:\/\/emmentaler.swiss\/kuhfutter-was-fressen-kuehe\/\" target=\"_blank\" rel=\"noopener nofollow\">F\u00fctterung<\/a> mit frischem Gras und Heu<\/li>\n<li>Verbot von k\u00fcnstlichen Zusatzstoffen, Gentech- sowie Silofutter<\/li>\n<\/ul>\n<p>Unsere rund 2\u2019200 b\u00e4uerlichen Familienbetriebe, die seit Generationen bestehen, halten im Durchschnitt nur 26 K\u00fche. Die Erfahrung der Betriebe garantiert das Wohlergehen der tiergerecht gehaltenen K\u00fche und qualitativ hochstehende Milch. Die Milchbauern pflegen ihre Milchk\u00fche mit viel Liebe und Leidenschaft unter Einhaltung des <a href=\"https:\/\/www.blv.admin.ch\/blv\/de\/home\/tiere\/tierschutz\/nutztierhaltung\/rinder.html\" target=\"_blank\" rel=\"noopener nofollow\">Tierschutzgesetzes.<\/a>\u00a0Sie produzieren nachhaltig mit der n\u00f6tigen Weitsicht, damit die wertvollen Ressourcen der Erde auch kommenden Generationen zur Verf\u00fcgung stehen.<\/p>\n","protected":false},"excerpt":{"rendered":"<p>Wann ist eine Kuh eine gl\u00fcckliche Kuh? Sicher nur dann, wenn sie in artgerechter Kuhhaltung lebt. Doch wie definiert sich diese? Und warum spricht sich Emmentaler Switzerland ganz besonders daf\u00fcr aus? Die Schweizer Milchbauernbetriebe, von denen die Milch f\u00fcr Emmentaler AOP stammt, halten im Schnitt nur 26 K\u00fche. Die Tiere haben ausreichend Platz und bekommen [&hellip;]<\/p>\n","protected":false},"author":2,"featured_media":72522,"comment_status":"open","ping_status":"open","sticky":false,"template":"","format":"standard","meta":{"inline_featured_image":false,"footnotes":""},"categories":[197],"tags":[],"et_countries":[],"acf":{"additional_infos_teaser_title":"\u00dcber das Leben gl\u00fccklicher K\u00fche","additional_infos_related_contents":"","veroffentlichungsdatum":""},"_links":{"self":[{"href":"https:\/\/www.emmentaler.ch\/de\/wp-json\/wp\/v2\/posts\/65558"}],"collection":[{"href":"https:\/\/www.emmentaler.ch\/de\/wp-json\/wp\/v2\/posts"}],"about":[{"href":"https:\/\/www.emmentaler.ch\/de\/wp-json\/wp\/v2\/types\/post"}],"author":[{"embeddable":true,"href":"https:\/\/www.emmentaler.ch\/de\/wp-json\/wp\/v2\/users\/2"}],"replies":[{"embeddable":true,"href":"https:\/\/www.emmentaler.ch\/de\/wp-json\/wp\/v2\/comments?post=65558"}],"version-history":[{"count":0,"href":"https:\/\/www.emmentaler.ch\/de\/wp-json\/wp\/v2\/posts\/65558\/revisions"}],"wp:featuredmedia":[{"embeddable":true,"href":"https:\/\/www.emmentaler.ch\/de\/wp-json\/wp\/v2\/media\/72522"}],"wp:attachment":[{"href":"https:\/\/www.emmentaler.ch\/de\/wp-json\/wp\/v2\/media?parent=65558"}],"wp:term":[{"taxonomy":"category","embeddable":true,"href":"https:\/\/www.emmentaler.ch\/de\/wp-json\/wp\/v2\/categories?post=65558"},{"taxonomy":"post_tag","embeddable":true,"href":"https:\/\/www.emmentaler.ch\/de\/wp-json\/wp\/v2\/tags?post=65558"},{"taxonomy":"et_countries","embeddable":true,"href":"https:\/\/www.emmentaler.ch\/de\/wp-json\/wp\/v2\/et_countries?post=65558"}],"curies":[{"name":"wp","href":"https:\/\/api.w.org\/{rel}","templated":true}]}}