{"id":65575,"date":"2022-05-13T13:13:23","date_gmt":"2022-05-13T11:13:23","guid":{"rendered":"https:\/\/www.emmentaler.ch\/die-kuh-gibt-uns-mehr-als-nur-milch-2"},"modified":"2022-07-22T14:01:17","modified_gmt":"2022-07-22T12:01:17","slug":"die-kuh-gibt-uns-mehr-als-nur-milch-2","status":"publish","type":"post","link":"https:\/\/www.emmentaler.ch\/de\/die-kuh-gibt-uns-mehr-als-nur-milch-2","title":{"rendered":"Die Kuh gibt uns mehr als nur Milch"},"content":{"rendered":"<p>Wenn man die K\u00fche, deren Milch zu feinstem Emmentaler AOP verarbeitet wird, auf der Weide beobachtet, sieht man direkt, wie entspannt sie sind. Sie strahlen eine friedliche Ruhe aus. Die Milchk\u00fche werden mindestens zweimal am Tag gemolken und mehrmals t\u00e4glich pers\u00f6nlich vom Milchbauer betreut. Und tats\u00e4chlich kennt der alle seine K\u00fche und den Bullen beim Namen, ob Bella, Fiona oder Ruedi. Emmentaler AOP wird hergestellt aus frischer Milch von gl\u00fccklichen K\u00fchen, die artgerecht leben und liebevoll gepflegt werden.<\/p>\n<p><img loading=\"lazy\" decoding=\"async\" class=\"alignnone size-full wp-image-899\" src=\"https:\/\/www.emmentaler.ch\/wp-content\/uploads\/2022\/05\/WhatsApp-Image-2020-04-16-at-08.23.58.jpeg\" alt=\"\" width=\"1824\" height=\"1368\"><\/p>\n<h3>Zu Besuch bei Milchbauer Matthias \u00abM\u00e4ttu\u00bb Sempach auf seinem Hof im Entlebuch.<\/h3>\n<h3>Lieber M\u00e4ttu, wieso bist du Milchbauer geworden?<\/h3>\n<p>Bis zum sechsten Lebensjahr bin ich im Emmental auf einem Bauernbetrieb aufgewachsen und so seit jeher und mit Herz und Kopf \u00fcberzeugt vom Naturprodukt Emmentaler AOP. Es ist nun umso sch\u00f6ner, dass ich nach meiner Schwingkarriere jetzt auf unserem Hof Milch produzieren darf f\u00fcr die Produktion von diesem einzigartigen Original. Das Handwerk gef\u00e4llt mir enorm und die Tiere liegen mir sehr am Herzen.<\/p>\n<h3>Was macht deiner Meinung nach eine gl\u00fcckliche Kuh aus?<\/h3>\n<p>Eine ruhige, artgerechte Umgebung, in der sich die Tiere wohlf\u00fchlen und selbst entscheiden k\u00f6nnen, ob sie Bewegung oder Ruhe brauchen. Dazu bestes Futter, Pflege und Zuneigung \u2013 und die Tiere danken es mit bester Milchqualit\u00e4t.<\/p>\n<h3>Du hast sicher einen besonderen Bezug zu deinen K\u00fchen?<\/h3>\n<p>Auf jeden Fall. Wir sind t\u00e4glich mehrmals bei ihnen f\u00fcr die F\u00fctterung, die Stallpflege und nat\u00fcrlich f\u00fcrs Melken. Und, alle K\u00fche haben einen Namen, der wird schon bei der Geburt vergeben. Ich achte darauf, dass der Name immer mit dem Anfangsbuchstaben des Muttertieres beginnt. Unsere Kinder d\u00fcrfen bei der Namensgebung immer mithelfen, das bereitet ihnen grosse Freude.<\/p>\n<h3>Glaubst du, dass sich das Gl\u00fcck der K\u00fche im Emmentaler AOP widerspiegelt?<\/h3>\n<p>Das ist ganz sicher der Fall: Je besser die Milchqualit\u00e4t, desto besser wird am Schluss die Qualit\u00e4t des K\u00e4ses. Darum ist das Tierwohl und die F\u00fctterung (90% hofeigenes Futter) ein ganz zentraler Aspekt im Herstellungsprozess vom Emmentaler AOP.<\/p>\n<p><strong>Lieber M\u00e4ttu, vielen Dank f\u00fcr das spannende Gespr\u00e4ch!<\/strong><\/p>\n<h3>Matthias Sempach<\/h3>\n<ul>\n<li>Schwingerk\u00f6nig 2013 und Markenbotschafter von Emmentaler Switzerland seit 2011<\/li>\n<li>Milchbauer seit 2019 im Entlebuch mit seiner Partnerin Heidy, den beiden gemeinsamen Kindern und den Eltern von Heidy<\/li>\n<li>Zu seinem Betrieb geh\u00f6ren 16 Milchk\u00fche, 10 Rinder, 7 K\u00e4lbchen, 3 Ziegen, fast 100 Mastschweine sowie Kaninchen, H\u00fchner, Enten, ein Hund und drei Katzen<\/li>\n<li>Tagwache ist jeden Tag um 5.10 Uhr, dann wird das erste Mal gemolken<\/li>\n<li>Seine frische Rohmilch wird in der K\u00e4serei Mosigen Ebnet zu Emmentaler AOP verarbeitet<\/li>\n<\/ul>\n<p><img loading=\"lazy\" decoding=\"async\" class=\"alignnone size-full wp-image-898\" src=\"https:\/\/www.emmentaler.ch\/wp-content\/uploads\/2022\/05\/WhatsApp-Image-2020-04-16-at-08.23.58-4.jpeg\" alt=\"\" width=\"1824\" height=\"1368\"><\/p>\n","protected":false},"excerpt":{"rendered":"<p>Wenn man die K\u00fche, deren Milch zu feinstem Emmentaler AOP verarbeitet wird, auf der Weide beobachtet, sieht man direkt, wie entspannt sie sind. Sie strahlen eine friedliche Ruhe aus. Die Milchk\u00fche werden mindestens zweimal am Tag gemolken und mehrmals t\u00e4glich pers\u00f6nlich vom Milchbauer betreut. Und tats\u00e4chlich kennt der alle seine K\u00fche und den Bullen beim [&hellip;]<\/p>\n","protected":false},"author":2,"featured_media":88001,"comment_status":"open","ping_status":"open","sticky":false,"template":"","format":"standard","meta":{"inline_featured_image":false,"footnotes":""},"categories":[197],"tags":[],"et_countries":[],"acf":{"additional_infos_teaser_title":"Zu Besuch bei Milchbauer \u00abM\u00e4ttu\u00bb Sempach","additional_infos_related_contents":"","veroffentlichungsdatum":""},"_links":{"self":[{"href":"https:\/\/www.emmentaler.ch\/de\/wp-json\/wp\/v2\/posts\/65575"}],"collection":[{"href":"https:\/\/www.emmentaler.ch\/de\/wp-json\/wp\/v2\/posts"}],"about":[{"href":"https:\/\/www.emmentaler.ch\/de\/wp-json\/wp\/v2\/types\/post"}],"author":[{"embeddable":true,"href":"https:\/\/www.emmentaler.ch\/de\/wp-json\/wp\/v2\/users\/2"}],"replies":[{"embeddable":true,"href":"https:\/\/www.emmentaler.ch\/de\/wp-json\/wp\/v2\/comments?post=65575"}],"version-history":[{"count":0,"href":"https:\/\/www.emmentaler.ch\/de\/wp-json\/wp\/v2\/posts\/65575\/revisions"}],"wp:featuredmedia":[{"embeddable":true,"href":"https:\/\/www.emmentaler.ch\/de\/wp-json\/wp\/v2\/media\/88001"}],"wp:attachment":[{"href":"https:\/\/www.emmentaler.ch\/de\/wp-json\/wp\/v2\/media?parent=65575"}],"wp:term":[{"taxonomy":"category","embeddable":true,"href":"https:\/\/www.emmentaler.ch\/de\/wp-json\/wp\/v2\/categories?post=65575"},{"taxonomy":"post_tag","embeddable":true,"href":"https:\/\/www.emmentaler.ch\/de\/wp-json\/wp\/v2\/tags?post=65575"},{"taxonomy":"et_countries","embeddable":true,"href":"https:\/\/www.emmentaler.ch\/de\/wp-json\/wp\/v2\/et_countries?post=65575"}],"curies":[{"name":"wp","href":"https:\/\/api.w.org\/{rel}","templated":true}]}}