{"id":65664,"date":"2022-05-13T13:13:23","date_gmt":"2022-05-13T11:13:23","guid":{"rendered":"https:\/\/www.emmentaler.ch\/wie-viel-auslauf-haben-milchkuehe"},"modified":"2022-05-24T14:01:02","modified_gmt":"2022-05-24T12:01:02","slug":"wie-viel-auslauf-haben-milchkuehe","status":"publish","type":"post","link":"https:\/\/www.emmentaler.ch\/de\/wie-viel-auslauf-haben-milchkuehe","title":{"rendered":"Wie viel Auslauf haben Milchk\u00fche?"},"content":{"rendered":"<p>Unsere K\u00fche geniessen auf ihrem Hof viel Auslauf. Sie sind in modernen Hofbetrieben zu Hause, in denen sie sich frei bewegen und das Tageslicht geniessen k\u00f6nnen, wenn sie einmal nicht auf der Weide sind (wie zum Beispiel in der Nacht oder in strengen Wintern). Im Sommer grasen die K\u00fche in der Regel an mindestens 26 Tagen pro Monat auf einer Weide mit viel Platz im Gr\u00fcnen. Im Winter gehen sie wenn m\u00f6glich an mindestens 13 Tagen pro Monat auf einer Auslauffl\u00e4che oder einer Weide an der frischen Luft spazieren.<\/p>\n<p><img loading=\"lazy\" decoding=\"async\" class=\"alignnone size-full wp-image-1094\" src=\"https:\/\/www.emmentaler.ch\/wp-content\/uploads\/2022\/05\/was_fressen_kuehe_2.jpg\" alt=\"\" width=\"1920\" height=\"1080\"><\/p>\n<p>Zu jeder Jahreszeit k\u00f6nnen die Milchk\u00fche ganz nach ihren individuellen Bed\u00fcrfnissen fressen, wiederk\u00e4uen, verdauen, ruhen sowie Kontakt zu anderen K\u00fchen aufnehmen. Denn K\u00fche sind sehr soziale Wesen.<\/p>\n<p>Wir von Emmentaler Switzerland sind sehr stolz darauf, dass die Schweizer Milchproduzenten ein strenges, umfassendes und vorbildliches Tierschutzgesetz anwenden. <a href=\"https:\/\/www.swissmilk.ch\/de\/schweizer-milch\/unsere-kuehe\/tierfreundliche-milchkuhhaltung\/\" target=\"_blank\" rel=\"noopener nofollow\">Mehr dazu<\/a><\/p>\n","protected":false},"excerpt":{"rendered":"<p>Unsere K\u00fche geniessen auf ihrem Hof viel Auslauf. Sie sind in modernen Hofbetrieben zu Hause, in denen sie sich frei bewegen und das Tageslicht geniessen k\u00f6nnen, wenn sie einmal nicht auf der Weide sind (wie zum Beispiel in der Nacht oder in strengen Wintern). Im Sommer grasen die K\u00fche in der Regel an mindestens 26 [&hellip;]<\/p>\n","protected":false},"author":2,"featured_media":65628,"comment_status":"open","ping_status":"open","sticky":false,"template":"","format":"standard","meta":{"inline_featured_image":false,"footnotes":""},"categories":[197],"tags":[],"et_countries":[],"acf":{"additional_infos_teaser_title":"Vorbildliches Tierschutzgesetz","additional_infos_related_contents":"","veroffentlichungsdatum":""},"_links":{"self":[{"href":"https:\/\/www.emmentaler.ch\/de\/wp-json\/wp\/v2\/posts\/65664"}],"collection":[{"href":"https:\/\/www.emmentaler.ch\/de\/wp-json\/wp\/v2\/posts"}],"about":[{"href":"https:\/\/www.emmentaler.ch\/de\/wp-json\/wp\/v2\/types\/post"}],"author":[{"embeddable":true,"href":"https:\/\/www.emmentaler.ch\/de\/wp-json\/wp\/v2\/users\/2"}],"replies":[{"embeddable":true,"href":"https:\/\/www.emmentaler.ch\/de\/wp-json\/wp\/v2\/comments?post=65664"}],"version-history":[{"count":0,"href":"https:\/\/www.emmentaler.ch\/de\/wp-json\/wp\/v2\/posts\/65664\/revisions"}],"wp:featuredmedia":[{"embeddable":true,"href":"https:\/\/www.emmentaler.ch\/de\/wp-json\/wp\/v2\/media\/65628"}],"wp:attachment":[{"href":"https:\/\/www.emmentaler.ch\/de\/wp-json\/wp\/v2\/media?parent=65664"}],"wp:term":[{"taxonomy":"category","embeddable":true,"href":"https:\/\/www.emmentaler.ch\/de\/wp-json\/wp\/v2\/categories?post=65664"},{"taxonomy":"post_tag","embeddable":true,"href":"https:\/\/www.emmentaler.ch\/de\/wp-json\/wp\/v2\/tags?post=65664"},{"taxonomy":"et_countries","embeddable":true,"href":"https:\/\/www.emmentaler.ch\/de\/wp-json\/wp\/v2\/et_countries?post=65664"}],"curies":[{"name":"wp","href":"https:\/\/api.w.org\/{rel}","templated":true}]}}