{"id":81207,"date":"2022-06-23T16:51:21","date_gmt":"2022-06-23T14:51:21","guid":{"rendered":"https:\/\/www.emmentaler.ch\/?p=81207"},"modified":"2022-06-23T17:53:06","modified_gmt":"2022-06-23T15:53:06","slug":"urtyp-event","status":"publish","type":"post","link":"https:\/\/www.emmentaler.ch\/de\/urtyp-event","title":{"rendered":"Urgewaltig"},"content":{"rendered":"<h1>Das war das urgewaltige Kochevent.<\/h1>\n<p>Die Gewinner*innen des letzten Emmentaler AOP URTYP Wettbewerbs durften ihren Preis einl\u00f6sen und am urgewaltigen Kochevent teilnehmen. Unter blauem Himmel und mit Einsatz der Elemente Feuer, Wasser, Erde und Luft durften die Gewinnern*innen tatkr\u00e4ftig beim Zubereiten eines ganz speziellen 4-Gang-Menus mitwirken. Naturaction pur!<\/p>\n<p>Durch die Beschw\u00f6rung des Feuers mit B\u00e4rlapp-Pulver wurde der actionreiche Nachmittag eingel\u00e4utet.<img loading=\"lazy\" decoding=\"async\" class=\"aligncenter\" src=\"https:\/\/diamr4nxhd6em.cloudfront.net\/contain\/1920x1080\/image\/891ea2bb-99b0-4794-b3fb-39929b45e4d4.jpg\" alt=\"\" width=\"1440\" height=\"1080\"><\/p>\n<p>Ein perfekter Einstieg in den Nachmittag war ein St\u00fcck karamellisierter Emmentaler AOP URTYP zum Ap\u00e9ro. URTYP-gerecht nat\u00fcrlich flambiert.<\/p>\n<p><img loading=\"lazy\" decoding=\"async\" class=\"aligncenter wp-image-81222 size-full\" src=\"https:\/\/www.emmentaler.ch\/wp-content\/uploads\/2022\/06\/Web-1920-\u2013-2.jpg\" alt=\"\" width=\"1800\" height=\"1300\" srcset=\"https:\/\/www.emmentaler.ch\/wp-content\/uploads\/2022\/06\/Web-1920-\u2013-2.jpg 1800w, https:\/\/www.emmentaler.ch\/wp-content\/uploads\/2022\/06\/Web-1920-\u2013-2-300x217.jpg 300w, https:\/\/www.emmentaler.ch\/wp-content\/uploads\/2022\/06\/Web-1920-\u2013-2-1024x740.jpg 1024w, https:\/\/www.emmentaler.ch\/wp-content\/uploads\/2022\/06\/Web-1920-\u2013-2-768x555.jpg 768w, https:\/\/www.emmentaler.ch\/wp-content\/uploads\/2022\/06\/Web-1920-\u2013-2-1536x1109.jpg 1536w\" sizes=\"(max-width: 1800px) 100vw, 1800px\" \/><\/p>\n<p>Als Zwischengang gab es ein kleines Fondue mit Emmentaler AOP URTYP, zubereitet auf dem grossen Feuerring. Ein wahres Erlebnis.<\/p>\n<p><img loading=\"lazy\" decoding=\"async\" class=\"alignnone wp-image-81209 size-full\" src=\"https:\/\/www.emmentaler.ch\/wp-content\/uploads\/2022\/06\/Web-1920-\u2013-11.jpg\" alt=\"\" width=\"1800\" height=\"1300\" srcset=\"https:\/\/www.emmentaler.ch\/wp-content\/uploads\/2022\/06\/Web-1920-\u2013-11.jpg 1800w, https:\/\/www.emmentaler.ch\/wp-content\/uploads\/2022\/06\/Web-1920-\u2013-11-300x217.jpg 300w, https:\/\/www.emmentaler.ch\/wp-content\/uploads\/2022\/06\/Web-1920-\u2013-11-1024x740.jpg 1024w, https:\/\/www.emmentaler.ch\/wp-content\/uploads\/2022\/06\/Web-1920-\u2013-11-768x555.jpg 768w, https:\/\/www.emmentaler.ch\/wp-content\/uploads\/2022\/06\/Web-1920-\u2013-11-1536x1109.jpg 1536w\" sizes=\"(max-width: 1800px) 100vw, 1800px\" \/><\/p>\n<p>Gem\u00fcse war nat\u00fcrlich auch mit dabei. Dieses wurde unter tatkr\u00e4ftiger Unterst\u00fctzung der Teilnehmer*innen zubereitet.<\/p>\n<p><img loading=\"lazy\" decoding=\"async\" class=\"aligncenter size-full wp-image-81232\" src=\"https:\/\/www.emmentaler.ch\/wp-content\/uploads\/2022\/06\/Web-1920-\u2013-4.jpg\" alt=\"\" width=\"1800\" height=\"1300\" srcset=\"https:\/\/www.emmentaler.ch\/wp-content\/uploads\/2022\/06\/Web-1920-\u2013-4.jpg 1800w, https:\/\/www.emmentaler.ch\/wp-content\/uploads\/2022\/06\/Web-1920-\u2013-4-300x217.jpg 300w, https:\/\/www.emmentaler.ch\/wp-content\/uploads\/2022\/06\/Web-1920-\u2013-4-1024x740.jpg 1024w, https:\/\/www.emmentaler.ch\/wp-content\/uploads\/2022\/06\/Web-1920-\u2013-4-768x555.jpg 768w, https:\/\/www.emmentaler.ch\/wp-content\/uploads\/2022\/06\/Web-1920-\u2013-4-1536x1109.jpg 1536w\" sizes=\"(max-width: 1800px) 100vw, 1800px\" \/><\/p>\n<p>Als kleine \u00dcberraschung neben Give-Aways konnte sich jede*r Teilnehmer*in noch selbst ein St\u00fcck Emmentaler AOP abschneiden.<\/p>\n<p>Das Event war in jeder Hinsicht urgewaltig und ein grosser Erfolg. Vielen Dank an alle Teilnehmer*innen und nat\u00fcrlich an Stefan Wiesner und sein Team f\u00fcr diese unvergesslichen Eindr\u00fccke.<\/p>\n<p>Hier noch ein paar weitere Impressionen.<\/p>\n<p><img loading=\"lazy\" decoding=\"async\" class=\"aligncenter wp-image-81227 size-full\" src=\"https:\/\/www.emmentaler.ch\/wp-content\/uploads\/2022\/06\/Web-1920-\u2013-3.jpg\" alt=\"\" width=\"1800\" height=\"1300\" srcset=\"https:\/\/www.emmentaler.ch\/wp-content\/uploads\/2022\/06\/Web-1920-\u2013-3.jpg 1800w, https:\/\/www.emmentaler.ch\/wp-content\/uploads\/2022\/06\/Web-1920-\u2013-3-300x217.jpg 300w, https:\/\/www.emmentaler.ch\/wp-content\/uploads\/2022\/06\/Web-1920-\u2013-3-1024x740.jpg 1024w, https:\/\/www.emmentaler.ch\/wp-content\/uploads\/2022\/06\/Web-1920-\u2013-3-768x555.jpg 768w, https:\/\/www.emmentaler.ch\/wp-content\/uploads\/2022\/06\/Web-1920-\u2013-3-1536x1109.jpg 1536w\" sizes=\"(max-width: 1800px) 100vw, 1800px\" \/> <\/p>\n<p><img loading=\"lazy\" decoding=\"async\" class=\"aligncenter size-full wp-image-81237\" src=\"https:\/\/www.emmentaler.ch\/wp-content\/uploads\/2022\/06\/Web-1920-\u2013-5.jpg\" alt=\"\" width=\"1800\" height=\"1300\" srcset=\"https:\/\/www.emmentaler.ch\/wp-content\/uploads\/2022\/06\/Web-1920-\u2013-5.jpg 1800w, https:\/\/www.emmentaler.ch\/wp-content\/uploads\/2022\/06\/Web-1920-\u2013-5-300x217.jpg 300w, https:\/\/www.emmentaler.ch\/wp-content\/uploads\/2022\/06\/Web-1920-\u2013-5-1024x740.jpg 1024w, https:\/\/www.emmentaler.ch\/wp-content\/uploads\/2022\/06\/Web-1920-\u2013-5-768x555.jpg 768w, https:\/\/www.emmentaler.ch\/wp-content\/uploads\/2022\/06\/Web-1920-\u2013-5-1536x1109.jpg 1536w\" sizes=\"(max-width: 1800px) 100vw, 1800px\" \/> <\/p>\n<p><img loading=\"lazy\" decoding=\"async\" class=\"aligncenter size-full wp-image-81242\" src=\"https:\/\/www.emmentaler.ch\/wp-content\/uploads\/2022\/06\/Web-1920-\u2013-6.jpg\" alt=\"\" width=\"1800\" height=\"1300\" srcset=\"https:\/\/www.emmentaler.ch\/wp-content\/uploads\/2022\/06\/Web-1920-\u2013-6.jpg 1800w, https:\/\/www.emmentaler.ch\/wp-content\/uploads\/2022\/06\/Web-1920-\u2013-6-300x217.jpg 300w, https:\/\/www.emmentaler.ch\/wp-content\/uploads\/2022\/06\/Web-1920-\u2013-6-1024x740.jpg 1024w, https:\/\/www.emmentaler.ch\/wp-content\/uploads\/2022\/06\/Web-1920-\u2013-6-768x555.jpg 768w, https:\/\/www.emmentaler.ch\/wp-content\/uploads\/2022\/06\/Web-1920-\u2013-6-1536x1109.jpg 1536w\" sizes=\"(max-width: 1800px) 100vw, 1800px\" \/> <\/p>\n<p><img loading=\"lazy\" decoding=\"async\" class=\"aligncenter size-full wp-image-81247\" src=\"https:\/\/www.emmentaler.ch\/wp-content\/uploads\/2022\/06\/Web-1920-\u2013-7.jpg\" alt=\"\" width=\"1800\" height=\"1300\" srcset=\"https:\/\/www.emmentaler.ch\/wp-content\/uploads\/2022\/06\/Web-1920-\u2013-7.jpg 1800w, https:\/\/www.emmentaler.ch\/wp-content\/uploads\/2022\/06\/Web-1920-\u2013-7-300x217.jpg 300w, https:\/\/www.emmentaler.ch\/wp-content\/uploads\/2022\/06\/Web-1920-\u2013-7-1024x740.jpg 1024w, https:\/\/www.emmentaler.ch\/wp-content\/uploads\/2022\/06\/Web-1920-\u2013-7-768x555.jpg 768w, https:\/\/www.emmentaler.ch\/wp-content\/uploads\/2022\/06\/Web-1920-\u2013-7-1536x1109.jpg 1536w\" sizes=\"(max-width: 1800px) 100vw, 1800px\" \/><\/p>\n","protected":false},"excerpt":{"rendered":"<p>Das war das urgewaltige Kochevent. Die Gewinner*innen des letzten Emmentaler AOP URTYP Wettbewerbs durften ihren Preis einl\u00f6sen und am urgewaltigen Kochevent teilnehmen. Unter blauem Himmel und mit Einsatz der Elemente Feuer, Wasser, Erde und Luft durften die Gewinnern*innen tatkr\u00e4ftig beim Zubereiten eines ganz speziellen 4-Gang-Menus mitwirken. Naturaction pur! Durch die Beschw\u00f6rung des Feuers mit B\u00e4rlapp-Pulver [&hellip;]<\/p>\n","protected":false},"author":6,"featured_media":81271,"comment_status":"closed","ping_status":"closed","sticky":false,"template":"","format":"standard","meta":{"inline_featured_image":false,"footnotes":""},"categories":[1],"tags":[],"et_countries":[],"acf":{"additional_infos_teaser_title":"Das Emmentaler AOP URTYP Event 2022 mit Natur- und Sternekoch Stefan Wiesner.","additional_infos_related_contents":"","veroffentlichungsdatum":""},"_links":{"self":[{"href":"https:\/\/www.emmentaler.ch\/de\/wp-json\/wp\/v2\/posts\/81207"}],"collection":[{"href":"https:\/\/www.emmentaler.ch\/de\/wp-json\/wp\/v2\/posts"}],"about":[{"href":"https:\/\/www.emmentaler.ch\/de\/wp-json\/wp\/v2\/types\/post"}],"author":[{"embeddable":true,"href":"https:\/\/www.emmentaler.ch\/de\/wp-json\/wp\/v2\/users\/6"}],"replies":[{"embeddable":true,"href":"https:\/\/www.emmentaler.ch\/de\/wp-json\/wp\/v2\/comments?post=81207"}],"version-history":[{"count":0,"href":"https:\/\/www.emmentaler.ch\/de\/wp-json\/wp\/v2\/posts\/81207\/revisions"}],"wp:featuredmedia":[{"embeddable":true,"href":"https:\/\/www.emmentaler.ch\/de\/wp-json\/wp\/v2\/media\/81271"}],"wp:attachment":[{"href":"https:\/\/www.emmentaler.ch\/de\/wp-json\/wp\/v2\/media?parent=81207"}],"wp:term":[{"taxonomy":"category","embeddable":true,"href":"https:\/\/www.emmentaler.ch\/de\/wp-json\/wp\/v2\/categories?post=81207"},{"taxonomy":"post_tag","embeddable":true,"href":"https:\/\/www.emmentaler.ch\/de\/wp-json\/wp\/v2\/tags?post=81207"},{"taxonomy":"et_countries","embeddable":true,"href":"https:\/\/www.emmentaler.ch\/de\/wp-json\/wp\/v2\/et_countries?post=81207"}],"curies":[{"name":"wp","href":"https:\/\/api.w.org\/{rel}","templated":true}]}}