{"id":97095,"date":"2022-09-25T12:22:20","date_gmt":"2022-09-25T10:22:20","guid":{"rendered":"https:\/\/www.emmentaler.ch\/?p=97095"},"modified":"2022-09-28T14:51:29","modified_gmt":"2022-09-28T12:51:29","slug":"cheese-festival","status":"publish","type":"post","link":"https:\/\/www.emmentaler.ch\/de\/cheese-festival","title":{"rendered":"Cheese Festival"},"content":{"rendered":"<h2><strong>Wir feiern den K\u00e4segenuss!<\/strong><\/h2>\n<p>Das Cheese-Festival hat begonnen und tourt bis November durch die Schweiz. K\u00e4serinnen und K\u00e4ser aus den verschiedenen Regionen kommen zusammen und bieten ihre feinen Spezialit\u00e4ten zum Probieren und Geniessen an. Neben feinsten Genussmomenten erwartet Sie ein Programm mit Unterhaltung, Musik und vielem mehr. Die Emmentaler AOP K\u00e4ser und K\u00e4serinnen sind nat\u00fcrlich auch mit ihren K\u00f6stlichkeiten dabei und freuen sich auf Ihren Besuch! \ud83e\uddc0<\/p>\n<p><img loading=\"lazy\" decoding=\"async\" class=\"alignnone wp-image-97096 size-large\" src=\"https:\/\/www.emmentaler.ch\/wp-content\/uploads\/2022\/09\/d81c2ee4-2c71-482b-a7f1-786e4b78b112-1024x740.jpeg\" alt=\"\" width=\"1024\" height=\"740\" srcset=\"https:\/\/www.emmentaler.ch\/wp-content\/uploads\/2022\/09\/d81c2ee4-2c71-482b-a7f1-786e4b78b112-1024x740.jpeg 1024w, https:\/\/www.emmentaler.ch\/wp-content\/uploads\/2022\/09\/d81c2ee4-2c71-482b-a7f1-786e4b78b112-300x217.jpeg 300w, https:\/\/www.emmentaler.ch\/wp-content\/uploads\/2022\/09\/d81c2ee4-2c71-482b-a7f1-786e4b78b112-768x555.jpeg 768w, https:\/\/www.emmentaler.ch\/wp-content\/uploads\/2022\/09\/d81c2ee4-2c71-482b-a7f1-786e4b78b112.jpeg 1495w\" sizes=\"(max-width: 1024px) 100vw, 1024px\" \/><\/p>\n<p><strong>Hier finden Sie die Daten wann unsere Emmentaler AOP K\u00e4serinnen und K\u00e4ser vor Ort sind:<\/strong><\/p>\n<p><a href=\"https:\/\/cheese-festival.ch\/kaesefest-basel\/\" rel=\"nofollow noopener\" target=\"_blank\">Basel: 1. Oktober<\/a><br \/>\n<a href=\"https:\/\/cheese-festival.ch\/kaesefest-huttwil\/\" rel=\"nofollow noopener\" target=\"_blank\">Huttwil: 1. bis 2. Oktober<\/a><br \/>\n<a href=\"https:\/\/cheese-festival.ch\/kaesefest-thun\/\" rel=\"nofollow noopener\" target=\"_blank\">Thun: 8.- bis 9. Oktober<\/a><br \/>\n<a href=\"https:\/\/cheese-festival.ch\/kaesefest-luzern\/\" rel=\"nofollow noopener\" target=\"_blank\">Luzern: 15. Oktober<\/a><br \/>\n<a href=\"https:\/\/cheese-festival.ch\/kaesefest-bern\/\" rel=\"nofollow noopener\" target=\"_blank\">Bern: 29. Oktober<\/a><br \/>\n<a href=\"https:\/\/cheese-festival.ch\/kaesefest-rapperswil-jona\/\" rel=\"nofollow noopener\" target=\"_blank\">Rapperswil-Jona: 5. November<\/a><\/p>\n<p><img loading=\"lazy\" decoding=\"async\" class=\"alignnone wp-image-97101 size-large\" src=\"https:\/\/www.emmentaler.ch\/wp-content\/uploads\/2022\/09\/bec2a7ae-fac1-4591-b186-b2f70d867999-1024x768.jpeg\" alt=\"\" width=\"1024\" height=\"768\" srcset=\"https:\/\/www.emmentaler.ch\/wp-content\/uploads\/2022\/09\/bec2a7ae-fac1-4591-b186-b2f70d867999-1024x768.jpeg 1024w, https:\/\/www.emmentaler.ch\/wp-content\/uploads\/2022\/09\/bec2a7ae-fac1-4591-b186-b2f70d867999-300x225.jpeg 300w, https:\/\/www.emmentaler.ch\/wp-content\/uploads\/2022\/09\/bec2a7ae-fac1-4591-b186-b2f70d867999-768x576.jpeg 768w, https:\/\/www.emmentaler.ch\/wp-content\/uploads\/2022\/09\/bec2a7ae-fac1-4591-b186-b2f70d867999.jpeg 1440w\" sizes=\"(max-width: 1024px) 100vw, 1024px\" \/><\/p>\n<p>Hier gibt es noch mehr Infos: <a href=\"https:\/\/cheese-festival.ch\" rel=\"nofollow noopener\" target=\"_blank\">https:\/\/cheese-festival.ch<\/a><\/p>\n","protected":false},"excerpt":{"rendered":"<p>Wir feiern den K\u00e4segenuss! Das Cheese-Festival hat begonnen und tourt bis November durch die Schweiz. K\u00e4serinnen und K\u00e4ser aus den verschiedenen Regionen kommen zusammen und bieten ihre feinen Spezialit\u00e4ten zum Probieren und Geniessen an. Neben feinsten Genussmomenten erwartet Sie ein Programm mit Unterhaltung, Musik und vielem mehr. Die Emmentaler AOP K\u00e4ser und K\u00e4serinnen sind nat\u00fcrlich [&hellip;]<\/p>\n","protected":false},"author":6,"featured_media":97096,"comment_status":"closed","ping_status":"closed","sticky":false,"template":"","format":"standard","meta":{"inline_featured_image":false,"footnotes":""},"categories":[1],"tags":[],"et_countries":[103,104],"acf":{"additional_infos_teaser_title":"Ein ganzes Fest rund um das Thema K\u00e4se","additional_infos_related_contents":"","veroffentlichungsdatum":"14. September 2022"},"_links":{"self":[{"href":"https:\/\/www.emmentaler.ch\/de\/wp-json\/wp\/v2\/posts\/97095"}],"collection":[{"href":"https:\/\/www.emmentaler.ch\/de\/wp-json\/wp\/v2\/posts"}],"about":[{"href":"https:\/\/www.emmentaler.ch\/de\/wp-json\/wp\/v2\/types\/post"}],"author":[{"embeddable":true,"href":"https:\/\/www.emmentaler.ch\/de\/wp-json\/wp\/v2\/users\/6"}],"replies":[{"embeddable":true,"href":"https:\/\/www.emmentaler.ch\/de\/wp-json\/wp\/v2\/comments?post=97095"}],"version-history":[{"count":0,"href":"https:\/\/www.emmentaler.ch\/de\/wp-json\/wp\/v2\/posts\/97095\/revisions"}],"wp:featuredmedia":[{"embeddable":true,"href":"https:\/\/www.emmentaler.ch\/de\/wp-json\/wp\/v2\/media\/97096"}],"wp:attachment":[{"href":"https:\/\/www.emmentaler.ch\/de\/wp-json\/wp\/v2\/media?parent=97095"}],"wp:term":[{"taxonomy":"category","embeddable":true,"href":"https:\/\/www.emmentaler.ch\/de\/wp-json\/wp\/v2\/categories?post=97095"},{"taxonomy":"post_tag","embeddable":true,"href":"https:\/\/www.emmentaler.ch\/de\/wp-json\/wp\/v2\/tags?post=97095"},{"taxonomy":"et_countries","embeddable":true,"href":"https:\/\/www.emmentaler.ch\/de\/wp-json\/wp\/v2\/et_countries?post=97095"}],"curies":[{"name":"wp","href":"https:\/\/api.w.org\/{rel}","templated":true}]}}