{"id":97424,"date":"2022-09-19T10:00:08","date_gmt":"2022-09-19T08:00:08","guid":{"rendered":"https:\/\/www.emmentaler.ch\/?p=97424"},"modified":"2022-09-19T11:16:30","modified_gmt":"2022-09-19T09:16:30","slug":"swiss-cheese-awards","status":"publish","type":"post","link":"https:\/\/www.emmentaler.ch\/de\/swiss-cheese-awards","title":{"rendered":"Ausgezeichnetes K\u00e4serei-Handwerk"},"content":{"rendered":"<h2>17 Emmentaler AOP K\u00e4sereien nehmen an der diesj\u00e4hrigen Schweizer K\u00e4semeisterschaft teil.<\/h2>\n<p>Alle zwei Jahre werden an den Swiss Cheese Awards die besten Schweizer K\u00e4se und die besten Schweizer K\u00e4ser:innen ausgezeichnet. Bereits zum zw\u00f6lften Mal findet der Wettbewerb nun statt, dieses Jahr vom 22. bis 25. September im Rahmen des Unterwalliser Volksfests \u00abBagne Capitale de la Raclette\u00bb.<\/p>\n<p><img loading=\"lazy\" decoding=\"async\" class=\"alignnone wp-image-97426 size-large\" src=\"https:\/\/www.emmentaler.ch\/wp-content\/uploads\/2022\/09\/20f5cb5d-ed78-4e44-b153-c6fd792b8410-1024x426.jpeg\" alt=\"\" width=\"1024\" height=\"426\" srcset=\"https:\/\/www.emmentaler.ch\/wp-content\/uploads\/2022\/09\/20f5cb5d-ed78-4e44-b153-c6fd792b8410-1024x426.jpeg 1024w, https:\/\/www.emmentaler.ch\/wp-content\/uploads\/2022\/09\/20f5cb5d-ed78-4e44-b153-c6fd792b8410-300x125.jpeg 300w, https:\/\/www.emmentaler.ch\/wp-content\/uploads\/2022\/09\/20f5cb5d-ed78-4e44-b153-c6fd792b8410-768x320.jpeg 768w, https:\/\/www.emmentaler.ch\/wp-content\/uploads\/2022\/09\/20f5cb5d-ed78-4e44-b153-c6fd792b8410-1536x639.jpeg 1536w, https:\/\/www.emmentaler.ch\/wp-content\/uploads\/2022\/09\/20f5cb5d-ed78-4e44-b153-c6fd792b8410.jpeg 1920w\" sizes=\"(max-width: 1024px) 100vw, 1024px\" \/><\/p>\n<p>Auch dieses Jahr stellen sich mehrere Emmentaler AOP K\u00e4ser dieser Meisterschaft, schliesslich verschreiben sie sich schon jahrelang mit Leidenschaft und Hingabe dem K\u00e4ser-Handwerk und dem Qualit\u00e4tsprodukt Emmentaler AOP.<\/p>\n<p>Wir w\u00fcnschen ganz viel Erfolg:<\/p>\n<p>Adrian Vogel von der <a href=\"https:\/\/www.emmentaler.ch\/de\/kaeserei\/kaeserei-heidbuehl?dairyno=3203\" target=\"_blank\" rel=\"noopener noreferrer\">K\u00e4serei Heidb\u00fchl<\/a><br \/>\nAlbert und Silvio Sch\u00f6pfer von der<a href=\"https:\/\/www.emmentaler.ch\/de\/kaeserei\/kaeserei-kleinstein?dairyno=3648\" target=\"_blank\" rel=\"noopener noreferrer\"> K\u00e4serei Kleinstein<\/a><br \/>\nAnton Wyss von der <a href=\"https:\/\/www.emmentaler.ch\/de\/kaeserei\/kaeserei-mutten?dairyno=3215\" target=\"_blank\" rel=\"noopener noreferrer\">K\u00e4serei Mutten<\/a><br \/>\nBeat Kipfer von der <a href=\"https:\/\/www.emmentaler.ch\/de\/kaeserei\/kaeserei-amsoldingen?dairyno=3236\" target=\"_blank\" rel=\"noopener noreferrer\">K\u00e4serei Amsoldingen<\/a><br \/>\nBernhard Meier von der <a href=\"https:\/\/www.emmentaler.ch\/de\/kaeserei\/kaeserei-huepfenboden?dairyno=3206\" target=\"_blank\" rel=\"noopener noreferrer\">K\u00e4serei H\u00fcpfenboden\u00a0<\/a><br \/>\nErwin Schmid von der <a href=\"https:\/\/www.emmentaler.ch\/de\/kaeserei\/kaeserei-schmid-ag?dairyno=3685\" target=\"_blank\" rel=\"noopener noreferrer\">K\u00e4serei Schmid AG<\/a><br \/>\nJakob Furrer von der <a href=\"https:\/\/www.emmentaler.ch\/de\/kaeserei\/kaeserei-schlierbach?dairyno=3691\" target=\"_blank\" rel=\"noopener noreferrer\">K\u00e4serei Schlierenbach<\/a><br \/>\nFritz Baumgartner von der <a href=\"https:\/\/www.emmentaler.ch\/de\/kaeserei\/kaeserei-muehlekehr?dairyno=3214\" target=\"_blank\" rel=\"noopener noreferrer\">K\u00e4serei M\u00fchlekehr<\/a><br \/>\nJules Stampfli von der <a href=\"https:\/\/www.emmentaler.ch\/de\/kaeserei\/kaeserei-geiss?dairyno=3750\" target=\"_blank\" rel=\"noopener noreferrer\">K\u00e4serei Geiss<\/a><br \/>\nMarkus Spycher von der <a href=\"https:\/\/www.emmentaler.ch\/de\/kaeserei\/kaeserei-bleienbach?dairyno=3059\" target=\"_blank\" rel=\"noopener noreferrer\">K\u00e4serei Bleienbach<\/a><br \/>\nPeter Egger von der <a href=\"https:\/\/www.emmentaler.ch\/de\/kaeserei\/kaeserei-moos?dairyno=3593\" target=\"_blank\" rel=\"noopener noreferrer\">K\u00e4serei Moos<\/a><br \/>\nPeter R\u00f6thlisberger von der <a href=\"https:\/\/www.emmentaler.ch\/de\/kaeserei\/kaeserei-meikirch?dairyno=3049\" target=\"_blank\" rel=\"noopener noreferrer\">K\u00e4serei Meikirch<\/a><br \/>\nRemo Vidale von der <a href=\"https:\/\/www.emmentaler.ch\/de\/kaeserei\/kaeserei-neudorf?dairyno=3712\" target=\"_blank\" rel=\"noopener noreferrer\">K\u00e4serei Neudorf<\/a><br \/>\nTheo Zbinden von der <a href=\"https:\/\/www.emmentaler.ch\/de\/kaeserei\/kaeserei-oberbuetschel?dairyno=3193\" target=\"_blank\" rel=\"noopener noreferrer\">K\u00e4serei Oberb\u00fctschel<\/a><br \/>\nThomas Hofer von der <a href=\"https:\/\/www.emmentaler.ch\/de\/kaeserei\/dorfchaesi-hofer-aarwangen-ag?dairyno=3056\" target=\"_blank\" rel=\"noopener noreferrer\">Dorfch\u00e4si Hofer Aarwangen AG<\/a><br \/>\nThomas Neuenschwander von der <a href=\"https:\/\/www.emmentaler.ch\/de\/kaeserei\/kaeserei-guettingen?dairyno=3540\" target=\"_blank\" rel=\"noopener noreferrer\">K\u00e4serei G\u00fcttingen<\/a><br \/>\nWalter Lang von der <a href=\"https:\/\/www.emmentaler.ch\/de\/kaeserei\/kaeserei-seetal-ag?dairyno=3666\" target=\"_blank\" rel=\"noopener noreferrer\">K\u00e4serei Seetal AG<\/a><\/p>\n<p>Am Samstag, 24. September, und Sonntag, 25. September, findet im Zusammenhang mit den Swiss Cheese Awards ein grosses Volksfest statt. Im Zentrum steht ein K\u00e4semarkt, an dem Sie Neues und Innovatives aus K\u00e4sereien der ganzen Schweiz geniessen und probieren k\u00f6nnen. Kommen Sie doch vorbei und besuchen Sie das Chalet Emmentaler AOP. Wir freuen uns auf Ihren Besuch!<\/p>\n<p>Alle Informationen finden Sie hier: <a href=\"https:\/\/www.cheese-awards.ch\/\" rel=\"nofollow noopener\" target=\"_blank\">https:\/\/www.cheese-awards.ch\/<\/a><\/p>\n","protected":false},"excerpt":{"rendered":"<p>17 Emmentaler AOP K\u00e4sereien nehmen an der diesj\u00e4hrigen Schweizer K\u00e4semeisterschaft teil. Alle zwei Jahre werden an den Swiss Cheese Awards die besten Schweizer K\u00e4se und die besten Schweizer K\u00e4ser:innen ausgezeichnet. Bereits zum zw\u00f6lften Mal findet der Wettbewerb nun statt, dieses Jahr vom 22. bis 25. September im Rahmen des Unterwalliser Volksfests \u00abBagne Capitale de la [&hellip;]<\/p>\n","protected":false},"author":6,"featured_media":97426,"comment_status":"closed","ping_status":"closed","sticky":false,"template":"","format":"standard","meta":{"inline_featured_image":false,"footnotes":""},"categories":[1],"tags":[],"et_countries":[103,104],"acf":{"additional_infos_teaser_title":"Swiss Cheese Awards","additional_infos_related_contents":"","veroffentlichungsdatum":"19. September 2022"},"_links":{"self":[{"href":"https:\/\/www.emmentaler.ch\/de\/wp-json\/wp\/v2\/posts\/97424"}],"collection":[{"href":"https:\/\/www.emmentaler.ch\/de\/wp-json\/wp\/v2\/posts"}],"about":[{"href":"https:\/\/www.emmentaler.ch\/de\/wp-json\/wp\/v2\/types\/post"}],"author":[{"embeddable":true,"href":"https:\/\/www.emmentaler.ch\/de\/wp-json\/wp\/v2\/users\/6"}],"replies":[{"embeddable":true,"href":"https:\/\/www.emmentaler.ch\/de\/wp-json\/wp\/v2\/comments?post=97424"}],"version-history":[{"count":0,"href":"https:\/\/www.emmentaler.ch\/de\/wp-json\/wp\/v2\/posts\/97424\/revisions"}],"wp:featuredmedia":[{"embeddable":true,"href":"https:\/\/www.emmentaler.ch\/de\/wp-json\/wp\/v2\/media\/97426"}],"wp:attachment":[{"href":"https:\/\/www.emmentaler.ch\/de\/wp-json\/wp\/v2\/media?parent=97424"}],"wp:term":[{"taxonomy":"category","embeddable":true,"href":"https:\/\/www.emmentaler.ch\/de\/wp-json\/wp\/v2\/categories?post=97424"},{"taxonomy":"post_tag","embeddable":true,"href":"https:\/\/www.emmentaler.ch\/de\/wp-json\/wp\/v2\/tags?post=97424"},{"taxonomy":"et_countries","embeddable":true,"href":"https:\/\/www.emmentaler.ch\/de\/wp-json\/wp\/v2\/et_countries?post=97424"}],"curies":[{"name":"wp","href":"https:\/\/api.w.org\/{rel}","templated":true}]}}