{"id":103723,"date":"2022-12-14T17:42:39","date_gmt":"2022-12-14T16:42:39","guid":{"rendered":"https:\/\/www.emmentaler.ch\/un-emmentaler-dop-no-contiene-lactosa"},"modified":"2022-12-14T17:42:39","modified_gmt":"2022-12-14T16:42:39","slug":"un-emmentaler-dop-no-contiene-lactosa","status":"publish","type":"post","link":"https:\/\/www.emmentaler.ch\/es\/un-emmentaler-dop-no-contiene-lactosa","title":{"rendered":"\u00bfUn Emmentaler DOP no contiene lactosa?"},"content":{"rendered":"<p>Un queso Emmentaler DOP no contiene lactosa. Por ello, tambi\u00e9n las personas intolerantes a la lactosa pueden disfrutar con total confianza de todos<a href=\"https:\/\/www.emmentaler.ch\/es\/surtido\" target=\"_blank\" rel=\"noopener\"> los quesos Emmentaler DOP<\/a> sin importar su grado de maduraci\u00f3n. Las bacterias l\u00e1cticas fermentan y descomponen completamente la lactosa convirti\u00e9ndola en \u00e1cido l\u00e1ctico en las primeras 24 horas.<\/p>\n","protected":false},"excerpt":{"rendered":"<p>Un queso Emmentaler DOP no contiene lactosa. Por ello, tambi\u00e9n las personas intolerantes a la lactosa pueden disfrutar con total confianza de todos los quesos Emmentaler DOP sin importar su grado de maduraci\u00f3n. Las bacterias l\u00e1cticas fermentan y descomponen completamente la lactosa convirti\u00e9ndola en \u00e1cido l\u00e1ctico en las primeras 24 horas.<\/p>\n","protected":false},"author":2,"featured_media":102239,"comment_status":"closed","ping_status":"closed","sticky":false,"template":"","format":"standard","meta":{"inline_featured_image":false,"footnotes":""},"categories":[725],"tags":[],"et_countries":[],"acf":[],"_links":{"self":[{"href":"https:\/\/www.emmentaler.ch\/es\/wp-json\/wp\/v2\/posts\/103723"}],"collection":[{"href":"https:\/\/www.emmentaler.ch\/es\/wp-json\/wp\/v2\/posts"}],"about":[{"href":"https:\/\/www.emmentaler.ch\/es\/wp-json\/wp\/v2\/types\/post"}],"author":[{"embeddable":true,"href":"https:\/\/www.emmentaler.ch\/es\/wp-json\/wp\/v2\/users\/2"}],"replies":[{"embeddable":true,"href":"https:\/\/www.emmentaler.ch\/es\/wp-json\/wp\/v2\/comments?post=103723"}],"version-history":[{"count":0,"href":"https:\/\/www.emmentaler.ch\/es\/wp-json\/wp\/v2\/posts\/103723\/revisions"}],"wp:featuredmedia":[{"embeddable":true,"href":"https:\/\/www.emmentaler.ch\/es\/wp-json\/wp\/v2\/media\/102239"}],"wp:attachment":[{"href":"https:\/\/www.emmentaler.ch\/es\/wp-json\/wp\/v2\/media?parent=103723"}],"wp:term":[{"taxonomy":"category","embeddable":true,"href":"https:\/\/www.emmentaler.ch\/es\/wp-json\/wp\/v2\/categories?post=103723"},{"taxonomy":"post_tag","embeddable":true,"href":"https:\/\/www.emmentaler.ch\/es\/wp-json\/wp\/v2\/tags?post=103723"},{"taxonomy":"et_countries","embeddable":true,"href":"https:\/\/www.emmentaler.ch\/es\/wp-json\/wp\/v2\/et_countries?post=103723"}],"curies":[{"name":"wp","href":"https:\/\/api.w.org\/{rel}","templated":true}]}}