{"id":103736,"date":"2022-01-14T18:34:39","date_gmt":"2022-01-14T17:34:39","guid":{"rendered":"https:\/\/www.emmentaler.ch\/donde-se-elabora-el-emmentaler-dop"},"modified":"2022-12-14T18:34:39","modified_gmt":"2022-12-14T17:34:39","slug":"donde-se-elabora-el-emmentaler-dop","status":"publish","type":"post","link":"https:\/\/www.emmentaler.ch\/es\/donde-se-elabora-el-emmentaler-dop","title":{"rendered":"\u00bfD\u00f3nde se elabora el Emmentaler DOP?"},"content":{"rendered":"<p>Conforme al pliego de obligaciones, el \u00e1rea de elaboraci\u00f3n del Emmentaler abarca los cantones de Argovia, Berna (sin el distrito administrativo de Moutier), Glaris, Lucerna, Schwyz, Soleura, San Galo, Turgovia, Zug y Z\u00farich, as\u00ed como los distritos See y Sense del cant\u00f3n de Friburgo.<\/p>\n","protected":false},"excerpt":{"rendered":"<p>Conforme al pliego de obligaciones, el \u00e1rea de elaboraci\u00f3n del Emmentaler abarca los cantones de Argovia, Berna (sin el distrito administrativo de Moutier), Glaris, Lucerna, Schwyz, Soleura, San Galo, Turgovia, Zug y Z\u00farich, as\u00ed como los distritos See y Sense del cant\u00f3n de Friburgo.<\/p>\n","protected":false},"author":2,"featured_media":58683,"comment_status":"closed","ping_status":"closed","sticky":false,"template":"","format":"standard","meta":{"inline_featured_image":false,"footnotes":""},"categories":[725],"tags":[],"et_countries":[],"acf":[],"_links":{"self":[{"href":"https:\/\/www.emmentaler.ch\/es\/wp-json\/wp\/v2\/posts\/103736"}],"collection":[{"href":"https:\/\/www.emmentaler.ch\/es\/wp-json\/wp\/v2\/posts"}],"about":[{"href":"https:\/\/www.emmentaler.ch\/es\/wp-json\/wp\/v2\/types\/post"}],"author":[{"embeddable":true,"href":"https:\/\/www.emmentaler.ch\/es\/wp-json\/wp\/v2\/users\/2"}],"replies":[{"embeddable":true,"href":"https:\/\/www.emmentaler.ch\/es\/wp-json\/wp\/v2\/comments?post=103736"}],"version-history":[{"count":0,"href":"https:\/\/www.emmentaler.ch\/es\/wp-json\/wp\/v2\/posts\/103736\/revisions"}],"wp:featuredmedia":[{"embeddable":true,"href":"https:\/\/www.emmentaler.ch\/es\/wp-json\/wp\/v2\/media\/58683"}],"wp:attachment":[{"href":"https:\/\/www.emmentaler.ch\/es\/wp-json\/wp\/v2\/media?parent=103736"}],"wp:term":[{"taxonomy":"category","embeddable":true,"href":"https:\/\/www.emmentaler.ch\/es\/wp-json\/wp\/v2\/categories?post=103736"},{"taxonomy":"post_tag","embeddable":true,"href":"https:\/\/www.emmentaler.ch\/es\/wp-json\/wp\/v2\/tags?post=103736"},{"taxonomy":"et_countries","embeddable":true,"href":"https:\/\/www.emmentaler.ch\/es\/wp-json\/wp\/v2\/et_countries?post=103736"}],"curies":[{"name":"wp","href":"https:\/\/api.w.org\/{rel}","templated":true}]}}