{"id":102009,"date":"2022-10-31T15:39:51","date_gmt":"2022-10-31T14:39:51","guid":{"rendered":"https:\/\/www.emmentaler.ch\/5000-meules-d-emmentaler-aop-murissent-dans-une-anciennce-galerie-militaire"},"modified":"2022-11-15T11:55:46","modified_gmt":"2022-11-15T10:55:46","slug":"5000-meules-d-emmentaler-aop-murissent-dans-une-anciennce-galerie-militaire","status":"publish","type":"post","link":"https:\/\/www.emmentaler.ch\/fr\/5000-meules-d-emmentaler-aop-murissent-dans-une-anciennce-galerie-militaire","title":{"rendered":"5000 meules d\u2019 Emmentaler AOP m\u00fbrissent dans une anciennce galerie militaire"},"content":{"rendered":"<h2><strong>DE DOUX \u00c0 CORS\u00c9<\/strong><\/h2>\n<p>Le magazine GaultMillau, consacr\u00e9 \u00e0 l\u2019art de vivre et aux plaisirs de la table, s\u2019est offert une petite visite chez Gourmino Affinage \u00e0 Reichenbach.<\/p>\n<p>Dans la galerie militaire n\u00b01 sont stock\u00e9es 2000 meules d&rsquo;Emmental AOP, pesant chacune pr\u00e8s de 100 kilos, auxquelles s\u2019ajoutent 3000 meules dans la galerie n\u00b02. Des galeries qui s\u2019enfoncent de 220 m\u00e8tres dans la montagne. \u00abLa roche et la for\u00eat au-dessus de nous agissent comme une \u00e9ponge.<br \/>\nElles maintiennent l\u2019humidit\u00e9 et la temp\u00e9rature constante dont le fromage a besoin\u00bb.<\/p>\n<p>L\u2019Emmentaler AOP se d\u00e9cline en 9 vari\u00e9t\u00e9s diff\u00e9rentes, du doux au cors\u00e9, offrant ainsi aux amateurs un large \u00e9ventail de saveurs. Comment fait-on pour obtenir des go\u00fbts aussi diff\u00e9rents \u00e0 partir du m\u00eame lait et avec la m\u00eame m\u00e9thode de production dans toutes les fromageries? L\u2019article r\u00e9pond \u00e0 cette question<\/p>\n<h5><img loading=\"lazy\" decoding=\"async\" class=\"wp-image-101762 size-large\" src=\"https:\/\/www.emmentaler.ch\/wp-content\/uploads\/2022\/10\/ES_Emmentaler-AOP_c_Kurt-Reichenbach-1024x683.jpg\" alt=\"\" width=\"1024\" height=\"683\" srcset=\"https:\/\/www.emmentaler.ch\/wp-content\/uploads\/2022\/10\/ES_Emmentaler-AOP_c_Kurt-Reichenbach-1024x683.jpg 1024w, https:\/\/www.emmentaler.ch\/wp-content\/uploads\/2022\/10\/ES_Emmentaler-AOP_c_Kurt-Reichenbach-300x200.jpg 300w, https:\/\/www.emmentaler.ch\/wp-content\/uploads\/2022\/10\/ES_Emmentaler-AOP_c_Kurt-Reichenbach-768x512.jpg 768w, https:\/\/www.emmentaler.ch\/wp-content\/uploads\/2022\/10\/ES_Emmentaler-AOP_c_Kurt-Reichenbach-1536x1025.jpg 1536w, https:\/\/www.emmentaler.ch\/wp-content\/uploads\/2022\/10\/ES_Emmentaler-AOP_c_Kurt-Reichenbach-2048x1366.jpg 2048w\" sizes=\"(max-width: 1024px) 100vw, 1024px\" \/><br \/>\nPhoto: Kurt Reichenbach \/ Gault Millau<\/h5>\n<p>Cliquez ici pour acc\u00e9der \u00e0 cet <a href=\"\/\/www.gaultmillau.ch\/fr\/les-news\/5000-meules-murissent-dans-la-montagne-543603\" target=\"_blank\" rel=\"noopener\">article<\/a> passionnant.<\/p>\n<p>Nous vous souhaitons une bonne lecture!<\/p>\n","protected":false},"excerpt":{"rendered":"<p>DE DOUX \u00c0 CORS\u00c9 Le magazine GaultMillau, consacr\u00e9 \u00e0 l\u2019art de vivre et aux plaisirs de la table, s\u2019est offert une petite visite chez Gourmino Affinage \u00e0 Reichenbach. Dans la galerie militaire n\u00b01 sont stock\u00e9es 2000 meules d&rsquo;Emmental AOP, pesant chacune pr\u00e8s de 100 kilos, auxquelles s\u2019ajoutent 3000 meules dans la galerie n\u00b02. Des galeries [&hellip;]<\/p>\n","protected":false},"author":17,"featured_media":101759,"comment_status":"closed","ping_status":"closed","sticky":false,"template":"","format":"standard","meta":{"inline_featured_image":false,"footnotes":""},"categories":[17],"tags":[],"et_countries":[],"acf":{"additional_infos_teaser_title":"GaultMillau s\u2019invite chez Gourmino \u00e0 Reichenbach","additional_infos_related_contents":null,"veroffentlichungsdatum":""},"_links":{"self":[{"href":"https:\/\/www.emmentaler.ch\/fr\/wp-json\/wp\/v2\/posts\/102009"}],"collection":[{"href":"https:\/\/www.emmentaler.ch\/fr\/wp-json\/wp\/v2\/posts"}],"about":[{"href":"https:\/\/www.emmentaler.ch\/fr\/wp-json\/wp\/v2\/types\/post"}],"author":[{"embeddable":true,"href":"https:\/\/www.emmentaler.ch\/fr\/wp-json\/wp\/v2\/users\/17"}],"replies":[{"embeddable":true,"href":"https:\/\/www.emmentaler.ch\/fr\/wp-json\/wp\/v2\/comments?post=102009"}],"version-history":[{"count":0,"href":"https:\/\/www.emmentaler.ch\/fr\/wp-json\/wp\/v2\/posts\/102009\/revisions"}],"wp:featuredmedia":[{"embeddable":true,"href":"https:\/\/www.emmentaler.ch\/fr\/wp-json\/wp\/v2\/media\/101759"}],"wp:attachment":[{"href":"https:\/\/www.emmentaler.ch\/fr\/wp-json\/wp\/v2\/media?parent=102009"}],"wp:term":[{"taxonomy":"category","embeddable":true,"href":"https:\/\/www.emmentaler.ch\/fr\/wp-json\/wp\/v2\/categories?post=102009"},{"taxonomy":"post_tag","embeddable":true,"href":"https:\/\/www.emmentaler.ch\/fr\/wp-json\/wp\/v2\/tags?post=102009"},{"taxonomy":"et_countries","embeddable":true,"href":"https:\/\/www.emmentaler.ch\/fr\/wp-json\/wp\/v2\/et_countries?post=102009"}],"curies":[{"name":"wp","href":"https:\/\/api.w.org\/{rel}","templated":true}]}}