{"id":103642,"date":"2022-09-14T17:22:12","date_gmt":"2022-09-14T15:22:12","guid":{"rendered":"https:\/\/www.emmentaler.ch\/quels-ingredients-lemmentaler-aop-contient-il"},"modified":"2022-12-14T17:22:12","modified_gmt":"2022-12-14T16:22:12","slug":"quels-ingredients-lemmentaler-aop-contient-il","status":"publish","type":"post","link":"https:\/\/www.emmentaler.ch\/fr\/quels-ingredients-lemmentaler-aop-contient-il","title":{"rendered":"Quels ingr\u00e9dients l\u2019Emmentaler AOP contient-il?"},"content":{"rendered":"<p>Composition de l\u2019Emmentaler AOP:<br \/>\nIl renferme des ingr\u00e9dients naturels qui conviennent parfaitement \u00e0 une alimentation \u00e9quilibr\u00e9e.<\/p>\n<ul>\n<li>Compos\u00e9 \u00e0 100% de lait cru<\/li>\n<li>Sans additifs<\/li>\n<li>Naturellement sans lactose et sans gluten<\/li>\n<li>Naturellement riche en acide propionique = effet positif sur le syst\u00e8me immunitaire<\/li>\n<li>Les produits \u00e0 base de lait cru sont b\u00e9n\u00e9fiques pour le microbiome intestinal<\/li>\n<li>Riche en calcium<\/li>\n<li>Contient de la vitamine A, D, B2 et B12<\/li>\n<li>Teneur en sel tr\u00e8s faible\/100 g: 0,5 g<\/li>\n<li>Teneur en mati\u00e8res grasses: 45% MG\/ES (mati\u00e8res grasses sur extrait sec)<\/li>\n<li>Calories\/100 g: 395 kcal<\/li>\n<\/ul>\n","protected":false},"excerpt":{"rendered":"<p>Composition de l\u2019Emmentaler AOP: Il renferme des ingr\u00e9dients naturels qui conviennent parfaitement \u00e0 une alimentation \u00e9quilibr\u00e9e. Compos\u00e9 \u00e0 100% de lait cru Sans additifs Naturellement sans lactose et sans gluten Naturellement riche en acide propionique = effet positif sur le syst\u00e8me immunitaire Les produits \u00e0 base de lait cru sont b\u00e9n\u00e9fiques pour le microbiome intestinal [&hellip;]<\/p>\n","protected":false},"author":2,"featured_media":102237,"comment_status":"closed","ping_status":"closed","sticky":false,"template":"","format":"standard","meta":{"inline_featured_image":false,"footnotes":""},"categories":[723],"tags":[],"et_countries":[],"acf":[],"_links":{"self":[{"href":"https:\/\/www.emmentaler.ch\/fr\/wp-json\/wp\/v2\/posts\/103642"}],"collection":[{"href":"https:\/\/www.emmentaler.ch\/fr\/wp-json\/wp\/v2\/posts"}],"about":[{"href":"https:\/\/www.emmentaler.ch\/fr\/wp-json\/wp\/v2\/types\/post"}],"author":[{"embeddable":true,"href":"https:\/\/www.emmentaler.ch\/fr\/wp-json\/wp\/v2\/users\/2"}],"replies":[{"embeddable":true,"href":"https:\/\/www.emmentaler.ch\/fr\/wp-json\/wp\/v2\/comments?post=103642"}],"version-history":[{"count":0,"href":"https:\/\/www.emmentaler.ch\/fr\/wp-json\/wp\/v2\/posts\/103642\/revisions"}],"wp:featuredmedia":[{"embeddable":true,"href":"https:\/\/www.emmentaler.ch\/fr\/wp-json\/wp\/v2\/media\/102237"}],"wp:attachment":[{"href":"https:\/\/www.emmentaler.ch\/fr\/wp-json\/wp\/v2\/media?parent=103642"}],"wp:term":[{"taxonomy":"category","embeddable":true,"href":"https:\/\/www.emmentaler.ch\/fr\/wp-json\/wp\/v2\/categories?post=103642"},{"taxonomy":"post_tag","embeddable":true,"href":"https:\/\/www.emmentaler.ch\/fr\/wp-json\/wp\/v2\/tags?post=103642"},{"taxonomy":"et_countries","embeddable":true,"href":"https:\/\/www.emmentaler.ch\/fr\/wp-json\/wp\/v2\/et_countries?post=103642"}],"curies":[{"name":"wp","href":"https:\/\/api.w.org\/{rel}","templated":true}]}}