{"id":103643,"date":"2022-12-14T17:42:39","date_gmt":"2022-12-14T16:42:39","guid":{"rendered":"https:\/\/www.emmentaler.ch\/lemmentaler-aop-contient-il-du-lactose"},"modified":"2022-12-14T17:42:39","modified_gmt":"2022-12-14T16:42:39","slug":"lemmentaler-aop-contient-il-du-lactose","status":"publish","type":"post","link":"https:\/\/www.emmentaler.ch\/fr\/lemmentaler-aop-contient-il-du-lactose","title":{"rendered":"L\u2019Emmentaler AOP contient-il du lactose?"},"content":{"rendered":"<p>L\u2019Emmentaler AOP ne contient pas de sucre de lait (lactose). Ainsi, les personnes intol\u00e9rantes au lactose peuvent le d\u00e9guster sans crainte, peu importe <a href=\"https:\/\/www.emmentaler.ch\/fr\/assortiment\" target=\"_blank\" rel=\"noopener\">son degr\u00e9 d\u2019affinage<\/a>. Le lactose est enti\u00e8rement ferment\u00e9, c\u2019est-\u00e0-dire transform\u00e9 en acide lactique par les bact\u00e9ries lactiques au cours des premi\u00e8res 24 heures.<\/p>\n","protected":false},"excerpt":{"rendered":"<p>L\u2019Emmentaler AOP ne contient pas de sucre de lait (lactose). Ainsi, les personnes intol\u00e9rantes au lactose peuvent le d\u00e9guster sans crainte, peu importe son degr\u00e9 d\u2019affinage. Le lactose est enti\u00e8rement ferment\u00e9, c\u2019est-\u00e0-dire transform\u00e9 en acide lactique par les bact\u00e9ries lactiques au cours des premi\u00e8res 24 heures.<\/p>\n","protected":false},"author":2,"featured_media":102237,"comment_status":"closed","ping_status":"closed","sticky":false,"template":"","format":"standard","meta":{"inline_featured_image":false,"footnotes":""},"categories":[723],"tags":[],"et_countries":[],"acf":[],"_links":{"self":[{"href":"https:\/\/www.emmentaler.ch\/fr\/wp-json\/wp\/v2\/posts\/103643"}],"collection":[{"href":"https:\/\/www.emmentaler.ch\/fr\/wp-json\/wp\/v2\/posts"}],"about":[{"href":"https:\/\/www.emmentaler.ch\/fr\/wp-json\/wp\/v2\/types\/post"}],"author":[{"embeddable":true,"href":"https:\/\/www.emmentaler.ch\/fr\/wp-json\/wp\/v2\/users\/2"}],"replies":[{"embeddable":true,"href":"https:\/\/www.emmentaler.ch\/fr\/wp-json\/wp\/v2\/comments?post=103643"}],"version-history":[{"count":0,"href":"https:\/\/www.emmentaler.ch\/fr\/wp-json\/wp\/v2\/posts\/103643\/revisions"}],"wp:featuredmedia":[{"embeddable":true,"href":"https:\/\/www.emmentaler.ch\/fr\/wp-json\/wp\/v2\/media\/102237"}],"wp:attachment":[{"href":"https:\/\/www.emmentaler.ch\/fr\/wp-json\/wp\/v2\/media?parent=103643"}],"wp:term":[{"taxonomy":"category","embeddable":true,"href":"https:\/\/www.emmentaler.ch\/fr\/wp-json\/wp\/v2\/categories?post=103643"},{"taxonomy":"post_tag","embeddable":true,"href":"https:\/\/www.emmentaler.ch\/fr\/wp-json\/wp\/v2\/tags?post=103643"},{"taxonomy":"et_countries","embeddable":true,"href":"https:\/\/www.emmentaler.ch\/fr\/wp-json\/wp\/v2\/et_countries?post=103643"}],"curies":[{"name":"wp","href":"https:\/\/api.w.org\/{rel}","templated":true}]}}