{"id":103644,"date":"2022-04-14T17:57:51","date_gmt":"2022-04-14T15:57:51","guid":{"rendered":"https:\/\/www.emmentaler.ch\/quelle-taille-et-quel-poids-les-meules-demmentaler-aop-peuvent-elles-atteindre"},"modified":"2023-01-13T16:54:27","modified_gmt":"2023-01-13T15:54:27","slug":"quelle-taille-et-quel-poids-les-meules-demmentaler-aop-peuvent-elles-atteindre","status":"publish","type":"post","link":"https:\/\/www.emmentaler.ch\/fr\/quelle-taille-et-quel-poids-les-meules-demmentaler-aop-peuvent-elles-atteindre","title":{"rendered":"Quelle taille et quel poids les meules d\u2019Emmentaler AOP peuvent-elles atteindre?"},"content":{"rendered":"<p>Les meules d\u2019Emmentaler\u00a0AOP sont rondes avec une forme allant de plate \u00e0 bomb\u00e9e et pr\u00e9sentent un diam\u00e8tre compris entre 80\u00a0et 100\u00a0cm. Elles ont une hauteur de 16\u201327\u00a0cm et p\u00e8sent entre 75 et 120\u00a0kg (en moyenne 95\u00a0kg).<\/p>\n","protected":false},"excerpt":{"rendered":"<p>Les meules d\u2019Emmentaler\u00a0AOP sont rondes avec une forme allant de plate \u00e0 bomb\u00e9e et pr\u00e9sentent un diam\u00e8tre compris entre 80\u00a0et 100\u00a0cm. Elles ont une hauteur de 16\u201327\u00a0cm et p\u00e8sent entre 75 et 120\u00a0kg (en moyenne 95\u00a0kg).<\/p>\n","protected":false},"author":2,"featured_media":60583,"comment_status":"closed","ping_status":"closed","sticky":false,"template":"","format":"standard","meta":{"inline_featured_image":false,"footnotes":""},"categories":[723],"tags":[],"et_countries":[],"acf":[],"_links":{"self":[{"href":"https:\/\/www.emmentaler.ch\/fr\/wp-json\/wp\/v2\/posts\/103644"}],"collection":[{"href":"https:\/\/www.emmentaler.ch\/fr\/wp-json\/wp\/v2\/posts"}],"about":[{"href":"https:\/\/www.emmentaler.ch\/fr\/wp-json\/wp\/v2\/types\/post"}],"author":[{"embeddable":true,"href":"https:\/\/www.emmentaler.ch\/fr\/wp-json\/wp\/v2\/users\/2"}],"replies":[{"embeddable":true,"href":"https:\/\/www.emmentaler.ch\/fr\/wp-json\/wp\/v2\/comments?post=103644"}],"version-history":[{"count":0,"href":"https:\/\/www.emmentaler.ch\/fr\/wp-json\/wp\/v2\/posts\/103644\/revisions"}],"wp:featuredmedia":[{"embeddable":true,"href":"https:\/\/www.emmentaler.ch\/fr\/wp-json\/wp\/v2\/media\/60583"}],"wp:attachment":[{"href":"https:\/\/www.emmentaler.ch\/fr\/wp-json\/wp\/v2\/media?parent=103644"}],"wp:term":[{"taxonomy":"category","embeddable":true,"href":"https:\/\/www.emmentaler.ch\/fr\/wp-json\/wp\/v2\/categories?post=103644"},{"taxonomy":"post_tag","embeddable":true,"href":"https:\/\/www.emmentaler.ch\/fr\/wp-json\/wp\/v2\/tags?post=103644"},{"taxonomy":"et_countries","embeddable":true,"href":"https:\/\/www.emmentaler.ch\/fr\/wp-json\/wp\/v2\/et_countries?post=103644"}],"curies":[{"name":"wp","href":"https:\/\/api.w.org\/{rel}","templated":true}]}}