{"id":103648,"date":"2023-01-16T18:22:55","date_gmt":"2023-01-16T17:22:55","guid":{"rendered":"https:\/\/www.emmentaler.ch\/lemmentaler-aop-contient-il-des-additifs"},"modified":"2022-12-14T18:22:55","modified_gmt":"2022-12-14T17:22:55","slug":"lemmentaler-aop-contient-il-des-additifs","status":"publish","type":"post","link":"https:\/\/www.emmentaler.ch\/fr\/lemmentaler-aop-contient-il-des-additifs","title":{"rendered":"L\u2019Emmentaler AOP contient-il des additifs?"},"content":{"rendered":"<p>L\u2019Emmentaler AOP ne contient aucun additif artificiel. Les fourrages ensil\u00e9s sont interdits pour l\u2019alimentation de nos vaches laiti\u00e8res. Il en va de m\u00eame pour les organismes g\u00e9n\u00e9tiquement modifi\u00e9s (OGM). Nous pouvons ainsi garantir que l\u2019Emmentaler AOP est exempt d\u2019OGM.<\/p>\n","protected":false},"excerpt":{"rendered":"<p>L\u2019Emmentaler AOP ne contient aucun additif artificiel. Les fourrages ensil\u00e9s sont interdits pour l\u2019alimentation de nos vaches laiti\u00e8res. Il en va de m\u00eame pour les organismes g\u00e9n\u00e9tiquement modifi\u00e9s (OGM). Nous pouvons ainsi garantir que l\u2019Emmentaler AOP est exempt d\u2019OGM.<\/p>\n","protected":false},"author":2,"featured_media":102237,"comment_status":"closed","ping_status":"closed","sticky":false,"template":"","format":"standard","meta":{"inline_featured_image":false,"footnotes":""},"categories":[723],"tags":[],"et_countries":[],"acf":[],"_links":{"self":[{"href":"https:\/\/www.emmentaler.ch\/fr\/wp-json\/wp\/v2\/posts\/103648"}],"collection":[{"href":"https:\/\/www.emmentaler.ch\/fr\/wp-json\/wp\/v2\/posts"}],"about":[{"href":"https:\/\/www.emmentaler.ch\/fr\/wp-json\/wp\/v2\/types\/post"}],"author":[{"embeddable":true,"href":"https:\/\/www.emmentaler.ch\/fr\/wp-json\/wp\/v2\/users\/2"}],"replies":[{"embeddable":true,"href":"https:\/\/www.emmentaler.ch\/fr\/wp-json\/wp\/v2\/comments?post=103648"}],"version-history":[{"count":0,"href":"https:\/\/www.emmentaler.ch\/fr\/wp-json\/wp\/v2\/posts\/103648\/revisions"}],"wp:featuredmedia":[{"embeddable":true,"href":"https:\/\/www.emmentaler.ch\/fr\/wp-json\/wp\/v2\/media\/102237"}],"wp:attachment":[{"href":"https:\/\/www.emmentaler.ch\/fr\/wp-json\/wp\/v2\/media?parent=103648"}],"wp:term":[{"taxonomy":"category","embeddable":true,"href":"https:\/\/www.emmentaler.ch\/fr\/wp-json\/wp\/v2\/categories?post=103648"},{"taxonomy":"post_tag","embeddable":true,"href":"https:\/\/www.emmentaler.ch\/fr\/wp-json\/wp\/v2\/tags?post=103648"},{"taxonomy":"et_countries","embeddable":true,"href":"https:\/\/www.emmentaler.ch\/fr\/wp-json\/wp\/v2\/et_countries?post=103648"}],"curies":[{"name":"wp","href":"https:\/\/api.w.org\/{rel}","templated":true}]}}