{"id":103655,"date":"2022-02-14T18:28:59","date_gmt":"2022-02-14T17:28:59","guid":{"rendered":"https:\/\/www.emmentaler.ch\/quelle-est-la-teneur-en-sel-de-lemmentaler-aop"},"modified":"2022-12-14T18:28:59","modified_gmt":"2022-12-14T17:28:59","slug":"quelle-est-la-teneur-en-sel-de-lemmentaler-aop","status":"publish","type":"post","link":"https:\/\/www.emmentaler.ch\/fr\/quelle-est-la-teneur-en-sel-de-lemmentaler-aop","title":{"rendered":"Quelle est la teneur en sel de l\u2019Emmentaler AOP?"},"content":{"rendered":"<p>L\u2019Emmentaler\u00a0AOP contient 0,5\u00a0g de sel alimentaire pour 100\u00a0g de fromage. Il pr\u00e9sente ainsi la plus faible teneur en sel de toutes les vari\u00e9t\u00e9s de fromage \u00e0 p\u00e2te dure.<\/p>\n","protected":false},"excerpt":{"rendered":"<p>L\u2019Emmentaler\u00a0AOP contient 0,5\u00a0g de sel alimentaire pour 100\u00a0g de fromage. Il pr\u00e9sente ainsi la plus faible teneur en sel de toutes les vari\u00e9t\u00e9s de fromage \u00e0 p\u00e2te dure.<\/p>\n","protected":false},"author":2,"featured_media":102237,"comment_status":"closed","ping_status":"closed","sticky":false,"template":"","format":"standard","meta":{"inline_featured_image":false,"footnotes":""},"categories":[723],"tags":[],"et_countries":[],"acf":[],"_links":{"self":[{"href":"https:\/\/www.emmentaler.ch\/fr\/wp-json\/wp\/v2\/posts\/103655"}],"collection":[{"href":"https:\/\/www.emmentaler.ch\/fr\/wp-json\/wp\/v2\/posts"}],"about":[{"href":"https:\/\/www.emmentaler.ch\/fr\/wp-json\/wp\/v2\/types\/post"}],"author":[{"embeddable":true,"href":"https:\/\/www.emmentaler.ch\/fr\/wp-json\/wp\/v2\/users\/2"}],"replies":[{"embeddable":true,"href":"https:\/\/www.emmentaler.ch\/fr\/wp-json\/wp\/v2\/comments?post=103655"}],"version-history":[{"count":0,"href":"https:\/\/www.emmentaler.ch\/fr\/wp-json\/wp\/v2\/posts\/103655\/revisions"}],"wp:featuredmedia":[{"embeddable":true,"href":"https:\/\/www.emmentaler.ch\/fr\/wp-json\/wp\/v2\/media\/102237"}],"wp:attachment":[{"href":"https:\/\/www.emmentaler.ch\/fr\/wp-json\/wp\/v2\/media?parent=103655"}],"wp:term":[{"taxonomy":"category","embeddable":true,"href":"https:\/\/www.emmentaler.ch\/fr\/wp-json\/wp\/v2\/categories?post=103655"},{"taxonomy":"post_tag","embeddable":true,"href":"https:\/\/www.emmentaler.ch\/fr\/wp-json\/wp\/v2\/tags?post=103655"},{"taxonomy":"et_countries","embeddable":true,"href":"https:\/\/www.emmentaler.ch\/fr\/wp-json\/wp\/v2\/et_countries?post=103655"}],"curies":[{"name":"wp","href":"https:\/\/api.w.org\/{rel}","templated":true}]}}